{"id":28458,"date":"2021-03-12T16:19:23","date_gmt":"2021-03-12T16:19:23","guid":{"rendered":"https:\/\/www.uta.cl\/?p=28458"},"modified":"2021-03-16T12:21:05","modified_gmt":"2021-03-16T12:21:05","slug":"egresado-de-la-escuela-de-derecho-de-la-universidad-de-tarapaca-asume-como-juez-titular-del-tribunal-oral-en-lo-penal-de-arica","status":"publish","type":"post","link":"https:\/\/www.uta.cl\/index.php\/2021\/03\/12\/egresado-de-la-escuela-de-derecho-de-la-universidad-de-tarapaca-asume-como-juez-titular-del-tribunal-oral-en-lo-penal-de-arica\/","title":{"rendered":"Egresado de la Escuela de Derecho de la Universidad de Tarapac\u00e1 asume como Juez Titular del Tribunal Oral en lo Penal de Arica"},"content":{"rendered":"\n<p>En diciembre reci\u00e9n pasado asumi\u00f3 como Juez del Tribunal Oral en lo Penal de la ciudad de Arica, \u00d3scar Huenchual Pizarro, egresado de la carrera de Derecho de la Universidad de Tarapac\u00e1.<\/p>\n\n\n\n<div class=\"wp-block-image\"><figure class=\"aligncenter size-large\"><a href=\"https:\/\/www.uta.cl\/wp-content\/uploads\/2021\/03\/FOTO-PRINCIPAL-DE-NOTA-1.jpg\"><img loading=\"lazy\" width=\"405\" height=\"568\" src=\"https:\/\/www.uta.cl\/wp-content\/uploads\/2021\/03\/FOTO-PRINCIPAL-DE-NOTA-1.jpg\" alt=\"\" class=\"wp-image-28464\" srcset=\"https:\/\/www.uta.cl\/wp-content\/uploads\/2021\/03\/FOTO-PRINCIPAL-DE-NOTA-1.jpg 405w, https:\/\/www.uta.cl\/wp-content\/uploads\/2021\/03\/FOTO-PRINCIPAL-DE-NOTA-1-214x300.jpg 214w\" sizes=\"(max-width: 405px) 100vw, 405px\" \/><\/a><\/figure><\/div>\n\n\n\n<p>El juez ingres\u00f3 a la Escuela de Derecho en el a\u00f1o 1995, cuando la carrera s\u00f3lo contaba con un a\u00f1o desde su creaci\u00f3n: \u201cLa formaci\u00f3n recibida ha sido fundamental para que, al igual que yo, otros tantos hayamos podido ingresar y desempe\u00f1arnos satisfactoriamente en cargos de diferentes niveles de responsabilidad, no s\u00f3lo en el Poder Judicial. Recib\u00ed una formaci\u00f3n rigurosa, con respeto a la diversidad de opiniones y a la que agradezco buena parte de lo que hoy he alcanzado. Desde 1995 a la fecha la carrera ha presentado grandes avances, no s\u00f3lo en materia de instalaciones sino tambi\u00e9n en reformas a su plan de estudios y al proceso de licenciatura, lo que le permite poner a sus egresados cada vez m\u00e1s en una mejor posici\u00f3n en el contexto nacional\u201d, expres\u00f3.<\/p>\n\n\n\n<p>El nuevo juez se desempe\u00f1aba en la jurisdicci\u00f3n como relator de la Ilustr\u00edsima Corte de Apelaciones de Arica y este se constituye en su primer cargo de juez titular. El magistrado es parte de los 9 egresados de la Escuela de Derecho de la UTA que se encuentran ejerciendo cargos en el escalaf\u00f3n primario del Poder Judicial, varios de los cuales se encuentran desempe\u00f1ando funciones en Arica.<\/p>\n\n\n\n<p>Al respecto, el director de la Escuela de Derecho, Iv\u00e1n Barrientos Bordoli, se\u00f1al\u00f3 que, \u201ces todo un orgullo para nuestra Escuela sumar un miembro m\u00e1s en una labor tan importante como lo es impartir justicia. El Poder Judicial junto al Tribunal Electoral, el Ministerio P\u00fablico, la Defensor\u00eda Penal P\u00fablica, entre otras trascendentes instituciones, son lugares en los que nuestros egresados y egresadas realizan un tremendo aporte a nuestro pa\u00eds\u201d.<\/p>\n\n\n\n<figure class=\"wp-block-image size-large\"><a href=\"https:\/\/www.uta.cl\/wp-content\/uploads\/2021\/03\/FOTO-A.jpg\"><img loading=\"lazy\" width=\"600\" height=\"399\" src=\"https:\/\/www.uta.cl\/wp-content\/uploads\/2021\/03\/FOTO-A.jpg\" alt=\"\" class=\"wp-image-28463\" srcset=\"https:\/\/www.uta.cl\/wp-content\/uploads\/2021\/03\/FOTO-A.jpg 600w, https:\/\/www.uta.cl\/wp-content\/uploads\/2021\/03\/FOTO-A-300x200.jpg 300w\" sizes=\"(max-width: 600px) 100vw, 600px\" \/><\/a><\/figure>\n\n\n\n<figure class=\"wp-block-image size-large\"><a href=\"https:\/\/www.uta.cl\/wp-content\/uploads\/2021\/03\/C.jpg\"><img loading=\"lazy\" width=\"810\" height=\"526\" src=\"https:\/\/www.uta.cl\/wp-content\/uploads\/2021\/03\/C.jpg\" alt=\"\" class=\"wp-image-28462\" srcset=\"https:\/\/www.uta.cl\/wp-content\/uploads\/2021\/03\/C.jpg 810w, https:\/\/www.uta.cl\/wp-content\/uploads\/2021\/03\/C-300x195.jpg 300w, https:\/\/www.uta.cl\/wp-content\/uploads\/2021\/03\/C-768x499.jpg 768w\" sizes=\"(max-width: 810px) 100vw, 810px\" \/><\/a><\/figure>\n\n\n\n<figure class=\"wp-block-image size-large\"><a href=\"https:\/\/www.uta.cl\/wp-content\/uploads\/2021\/03\/B.jpg\"><img loading=\"lazy\" width=\"745\" height=\"585\" src=\"https:\/\/www.uta.cl\/wp-content\/uploads\/2021\/03\/B.jpg\" alt=\"\" class=\"wp-image-28461\" srcset=\"https:\/\/www.uta.cl\/wp-content\/uploads\/2021\/03\/B.jpg 745w, https:\/\/www.uta.cl\/wp-content\/uploads\/2021\/03\/B-300x236.jpg 300w\" sizes=\"(max-width: 745px) 100vw, 745px\" \/><\/a><\/figure>\n","protected":false},"excerpt":{"rendered":"<p>El magistrado es parte de los 9 egresados de la Escuela de Derecho de la UTA que se encuentran ejerciendo cargos en el escalaf\u00f3n primario del Poder Judicial, varios de los cuales se encuentran desempe\u00f1ando funciones en Arica.<\/p>\n","protected":false},"author":1,"featured_media":28459,"comment_status":"open","ping_status":"open","sticky":false,"template":"","format":"standard","meta":[],"categories":[49,34,51],"tags":[],"_links":{"self":[{"href":"https:\/\/www.uta.cl\/index.php\/wp-json\/wp\/v2\/posts\/28458"}],"collection":[{"href":"https:\/\/www.uta.cl\/index.php\/wp-json\/wp\/v2\/posts"}],"about":[{"href":"https:\/\/www.uta.cl\/index.php\/wp-json\/wp\/v2\/types\/post"}],"author":[{"embeddable":true,"href":"https:\/\/www.uta.cl\/index.php\/wp-json\/wp\/v2\/users\/1"}],"replies":[{"embeddable":true,"href":"https:\/\/www.uta.cl\/index.php\/wp-json\/wp\/v2\/comments?post=28458"}],"version-history":[{"count":1,"href":"https:\/\/www.uta.cl\/index.php\/wp-json\/wp\/v2\/posts\/28458\/revisions"}],"predecessor-version":[{"id":28465,"href":"https:\/\/www.uta.cl\/index.php\/wp-json\/wp\/v2\/posts\/28458\/revisions\/28465"}],"wp:featuredmedia":[{"embeddable":true,"href":"https:\/\/www.uta.cl\/index.php\/wp-json\/wp\/v2\/media\/28459"}],"wp:attachment":[{"href":"https:\/\/www.uta.cl\/index.php\/wp-json\/wp\/v2\/media?parent=28458"}],"wp:term":[{"taxonomy":"category","embeddable":true,"href":"https:\/\/www.uta.cl\/index.php\/wp-json\/wp\/v2\/categories?post=28458"},{"taxonomy":"post_tag","embeddable":true,"href":"https:\/\/www.uta.cl\/index.php\/wp-json\/wp\/v2\/tags?post=28458"}],"curies":[{"name":"wp","href":"https:\/\/api.w.org\/{rel}","templated":true}]}}