{"id":28116,"date":"2021-01-27T15:28:40","date_gmt":"2021-01-27T15:28:40","guid":{"rendered":"https:\/\/www.uta.cl\/?p=28116"},"modified":"2021-01-28T11:43:56","modified_gmt":"2021-01-28T11:43:56","slug":"direccion-de-equidad-de-genero-abre-convocatoria-a-distincion-mujer-sociedad-y-universidad-2","status":"publish","type":"post","link":"https:\/\/www.uta.cl\/index.php\/2021\/01\/27\/direccion-de-equidad-de-genero-abre-convocatoria-a-distincion-mujer-sociedad-y-universidad-2\/","title":{"rendered":"Direcci\u00f3n de Equidad de G\u00e9nero abre convocatoria a Distinci\u00f3n \u201cMujer, Sociedad y Universidad\u201d"},"content":{"rendered":"\n<p>En el marco del D\u00eda Internacional de la Mujer y continuando con una tradici\u00f3n que se inicia el a\u00f1o 2017, la Direcci\u00f3n de Equidad de G\u00e9nero de la Universidad de Tarapac\u00e1, abre la convocatoria de la distinci\u00f3n \u201c<strong>Mujeres, Sociedad y Universidad<\/strong>\u201d, como una forma de reconocer a mujeres que -de modo significativo- han contribuido a abrir el necesario camino, para que tantas otras puedan participar de espacios que por tanto tiempo les fueron limitados. A trav\u00e9s de esta distinci\u00f3n, se reconoce a mujeres que se han constituido en agentes de cambio, al impactar positivamente en la inclusi\u00f3n de otras mujeres en el contexto universitario promoviendo as\u00ed su desarrollo igualitario.<\/p>\n\n\n\n<p>En un a\u00f1o 2020 tan complejo por la pandemia del Covid-19, es fundamental reconocer a esas mujeres que han logrado mantener los espacios universitarios y externos mediante la igualdad, compromiso y respeto. Apoyando no tan s\u00f3lo a sus familias, sino que tambi\u00e9n siendo articuladoras para el bienestar social, laboral y pol\u00edtico.<\/p>\n\n\n\n<p>Recordamos al grupo diverso de mujeres convocadas por la Decana de la Facultad de Ciencias Sociales y Jur\u00eddicas de la \u00e9poca, Dra. Jenniffer Peralta Montecinos, para pensar el modo propicio de conmemorar el D\u00eda Internacional de la Mujer y reflexionar en torno a las distintas tem\u00e1ticas relacionadas con las mujeres en el espacio universitario, identificando la necesidad de relevar los distintos aportes realizados por las mujeres tanto dentro como fuera de la comunidad universitaria.<\/p>\n\n\n\n<p><strong>Convocatoria y bases<\/strong><\/p>\n\n\n\n<p>Seg\u00fan lo informado por la Directora de Equidad de G\u00e9nero, Dra.&nbsp;Vanessa Jara Labarth\u00e9<em>, <\/em>\u201cen esta distinci\u00f3n podr\u00e1n ser nominadas todas las mujeres que sean parte de la comunidad universitaria de los estamentos acad\u00e9mico, no acad\u00e9mico, estudiantil y una persona externa de la Universidad\u201d, explic\u00f3.<\/p>\n\n\n\n<p>Destac\u00f3 adem\u00e1s que la distinci\u00f3n \u201c<strong>Mujeres, Sociedad y Universidad<\/strong>\u201d es un proceso abierto donde todas y todos los miembros de la Universidad de Tarapac\u00e1, podr\u00e1n proponer mujeres hasta un m\u00e1ximo de tres nominaciones, de las cuales no podr\u00e1n incluir a mujeres del mismo estamento.<\/p>\n\n\n\n<p>La difusi\u00f3n de esta convocatoria se lleva a cabo a trav\u00e9s de todos los canales formales de la UTA desde el mi\u00e9rcoles 27 de enero hasta el mi\u00e9rcoles 03 de marzo de 2021, hasta las 13:00 horas. Las propuestas de mujeres para esta distinci\u00f3n deber\u00e1n realizarse de forma electr\u00f3nica.<\/p>\n\n\n\n<p><a href=\"https:\/\/www.uta.cl\/wp-content\/uploads\/2021\/01\/Bases-distincion-2021.pdf\" target=\"_blank\" rel=\"noreferrer noopener\">Haga clic aqu\u00ed para descargar las bases<\/a>.<\/p>\n\n\n\n<p>El link para participar y nominar a mujeres en esta distinci\u00f3n es el siguiente:<\/p>\n\n\n\n<p><a href=\"http:\/\/www.uta.cl\/distincionmujer\" target=\"_blank\" rel=\"noreferrer noopener\">www.uta.cl\/distincionmujer<\/a><\/p>\n\n\n\n<figure class=\"wp-block-image size-large\"><a href=\"https:\/\/www.uta.cl\/wp-content\/uploads\/2021\/01\/afiche-3.jpg\"><img loading=\"lazy\" width=\"643\" height=\"1024\" src=\"https:\/\/www.uta.cl\/wp-content\/uploads\/2021\/01\/afiche-3-643x1024.jpg\" alt=\"\" class=\"wp-image-28118\" srcset=\"https:\/\/www.uta.cl\/wp-content\/uploads\/2021\/01\/afiche-3-643x1024.jpg 643w, https:\/\/www.uta.cl\/wp-content\/uploads\/2021\/01\/afiche-3-188x300.jpg 188w, https:\/\/www.uta.cl\/wp-content\/uploads\/2021\/01\/afiche-3.jpg 750w\" sizes=\"(max-width: 643px) 100vw, 643px\" \/><\/a><\/figure>\n","protected":false},"excerpt":{"rendered":"<p>Con motivo de visibilizar el rol de las mujeres en la comunidad de la Universidad de Tarapac\u00e1.<\/p>\n","protected":false},"author":1,"featured_media":28117,"comment_status":"open","ping_status":"open","sticky":false,"template":"","format":"standard","meta":[],"categories":[45,51],"tags":[],"_links":{"self":[{"href":"https:\/\/www.uta.cl\/index.php\/wp-json\/wp\/v2\/posts\/28116"}],"collection":[{"href":"https:\/\/www.uta.cl\/index.php\/wp-json\/wp\/v2\/posts"}],"about":[{"href":"https:\/\/www.uta.cl\/index.php\/wp-json\/wp\/v2\/types\/post"}],"author":[{"embeddable":true,"href":"https:\/\/www.uta.cl\/index.php\/wp-json\/wp\/v2\/users\/1"}],"replies":[{"embeddable":true,"href":"https:\/\/www.uta.cl\/index.php\/wp-json\/wp\/v2\/comments?post=28116"}],"version-history":[{"count":1,"href":"https:\/\/www.uta.cl\/index.php\/wp-json\/wp\/v2\/posts\/28116\/revisions"}],"predecessor-version":[{"id":28120,"href":"https:\/\/www.uta.cl\/index.php\/wp-json\/wp\/v2\/posts\/28116\/revisions\/28120"}],"wp:featuredmedia":[{"embeddable":true,"href":"https:\/\/www.uta.cl\/index.php\/wp-json\/wp\/v2\/media\/28117"}],"wp:attachment":[{"href":"https:\/\/www.uta.cl\/index.php\/wp-json\/wp\/v2\/media?parent=28116"}],"wp:term":[{"taxonomy":"category","embeddable":true,"href":"https:\/\/www.uta.cl\/index.php\/wp-json\/wp\/v2\/categories?post=28116"},{"taxonomy":"post_tag","embeddable":true,"href":"https:\/\/www.uta.cl\/index.php\/wp-json\/wp\/v2\/tags?post=28116"}],"curies":[{"name":"wp","href":"https:\/\/api.w.org\/{rel}","templated":true}]}}