{"id":27781,"date":"2021-01-14T12:17:59","date_gmt":"2021-01-14T12:17:59","guid":{"rendered":"https:\/\/www.uta.cl\/?p=27781"},"modified":"2021-01-14T16:30:04","modified_gmt":"2021-01-14T16:30:04","slug":"centro-de-negocios-sercotec-arica-operado-por-la-uta-desarrolla-capacitaciones-para-entregar-herramientas-y-conocimientos-para-una-mejor-administracion-y-comercializacion-de-las-empresas","status":"publish","type":"post","link":"https:\/\/www.uta.cl\/index.php\/2021\/01\/14\/centro-de-negocios-sercotec-arica-operado-por-la-uta-desarrolla-capacitaciones-para-entregar-herramientas-y-conocimientos-para-una-mejor-administracion-y-comercializacion-de-las-empresas\/","title":{"rendered":"Centro de Negocios Sercotec Arica operado por la UTA, desarrolla capacitaciones para entregar herramientas y conocimientos para una mejor administraci\u00f3n y comercializaci\u00f3n de las empresas"},"content":{"rendered":"\n<p>En el marco de la solicitud de integrantes de la Comisi\u00f3n de Desarrollo Econ\u00f3mico y de Fomento Productivo del Consejo Consultivo de Vinculaci\u00f3n con el Medio de la Universidad de Tarapac\u00e1, para capacitar en el \u00e1rea de Comercio Electr\u00f3nico con la finalidad de potenciar la reactivaci\u00f3n de sus negocios a consecuencia de la pandemia del COVID-19, el Centro de Negocios Sercotec Arica, operado por la UTA y dependiente de la Direcci\u00f3n de Extensi\u00f3n y Vinculaci\u00f3n con el Medio, desde el mes de marzo del 2020 inici\u00f3 un proceso de capacitaciones v\u00eda Streaming y de forma gratuita a emprendedores\/as y empresarios\/as de la Regi\u00f3n de Arica y Parinacota, con el objetivo de entregar mayores herramientas y conocimientos para una mejor administraci\u00f3n y comercializaci\u00f3n de las empresas.<\/p>\n\n\n\n<figure class=\"wp-block-image size-large\"><a href=\"https:\/\/www.uta.cl\/wp-content\/uploads\/2021\/01\/1-1.jpg\"><img loading=\"lazy\" width=\"1024\" height=\"468\" src=\"https:\/\/www.uta.cl\/wp-content\/uploads\/2021\/01\/1-1-1024x468.jpg\" alt=\"\" class=\"wp-image-27782\" srcset=\"https:\/\/www.uta.cl\/wp-content\/uploads\/2021\/01\/1-1-1024x468.jpg 1024w, https:\/\/www.uta.cl\/wp-content\/uploads\/2021\/01\/1-1-300x137.jpg 300w, https:\/\/www.uta.cl\/wp-content\/uploads\/2021\/01\/1-1-768x351.jpg 768w, https:\/\/www.uta.cl\/wp-content\/uploads\/2021\/01\/1-1.jpg 1353w\" sizes=\"(max-width: 1024px) 100vw, 1024px\" \/><\/a><\/figure>\n\n\n\n<p>En este marco, el Centro de Negocios Sercotec Arica, en los meses de noviembre y diciembre del a\u00f1o 2020, realiz\u00f3 el Programa de Comercio Electr\u00f3nico y Herramientas Digitales dirigido al sector Turismo. El programa const\u00f3 de 5 talleres, el primero de ellos comenz\u00f3 el 17 de noviembre con el taller \u201c<em>Difusi\u00f3n y Comercializaci\u00f3n en Redes Sociales<\/em>\u201d, en el cual se explic\u00f3 c\u00f3mo crear una oferta de valor atractiva en redes sociales, herramientas para generar contenido atractivo, planificaci\u00f3n de contenido, entre otros temas, contando con el m\u00e1ximo de conectados de ese d\u00eda de 25 personas.<\/p>\n\n\n\n<p>El segundo taller se realiz\u00f3 el jueves 19 de noviembre, titulado \u201c<em>Inventario Digital<\/em>\u201d, el cual ense\u00f1\u00f3 la importancia de digitalizar un inventario, consideraciones para el control de inventario, herramientas para su digitalizaci\u00f3n, entre otros. El total de conectados alcanz\u00f3 a 30 personas. En tanto, el tercer taller se llev\u00f3 a cabo el 24 de noviembre, bajo el nombre de \u201c<em>Dise\u00f1o y Herramientas para Sitios Web<\/em>\u201d, cuyo objetivo fue entregar recomendaciones de dise\u00f1os de sitios web, herramientas digitales de dise\u00f1o web, qu\u00e9 es Landing Page y c\u00f3mo utilizarlas, entre otros importantes temas. Comparativamente este taller alcanz\u00f3 el m\u00e1ximo de conectados del Programa, siendo un peak de 35 personas.<\/p>\n\n\n\n<figure class=\"wp-block-image size-large\"><a href=\"https:\/\/www.uta.cl\/wp-content\/uploads\/2021\/01\/2-1.jpg\"><img loading=\"lazy\" width=\"1024\" height=\"471\" src=\"https:\/\/www.uta.cl\/wp-content\/uploads\/2021\/01\/2-1-1024x471.jpg\" alt=\"\" class=\"wp-image-27783\" srcset=\"https:\/\/www.uta.cl\/wp-content\/uploads\/2021\/01\/2-1-1024x471.jpg 1024w, https:\/\/www.uta.cl\/wp-content\/uploads\/2021\/01\/2-1-300x138.jpg 300w, https:\/\/www.uta.cl\/wp-content\/uploads\/2021\/01\/2-1-768x353.jpg 768w, https:\/\/www.uta.cl\/wp-content\/uploads\/2021\/01\/2-1.jpg 1351w\" sizes=\"(max-width: 1024px) 100vw, 1024px\" \/><\/a><\/figure>\n\n\n\n<p>El pen\u00faltimo taller se ejecut\u00f3 el jueves 26 de noviembre, titulado \u201c<em>Comercio Electr\u00f3nico y M\u00e9todos de Pago<\/em>\u201d, el cual permiti\u00f3 a los emprendedores y empresarios\/as conocer los tipos de e-commerce, los procesos de compra y m\u00e9todos de pago, estrategias y herramientas de retargeting, entre otros temas. Ese d\u00eda se logr\u00f3 un m\u00e1ximo de 19 personas conectadas. Y finalmente, el \u00faltimo taller realizado el 1 de diciembre, se titul\u00f3 \u201c<em>Branding Tur\u00edstico en la Web<\/em>\u201d, en el cual se comentaron temas de portales de nicho, desarrollo de marca y oferta, y reputaci\u00f3n. Encuentro que alcanz\u00f3 un m\u00e1ximo de 17 personas conectadas.<\/p>\n\n\n\n<p>Por su parte, el Centro de Negocios Sercotec Arica al finalizar cada taller les solicit\u00f3 a los participantes responder una encuesta de satisfacci\u00f3n, la cual consiste en evaluar al relator y al curso en s\u00ed, dejando en evidencia la satisfacci\u00f3n y la positiva evaluaci\u00f3n del Programa de Comercio Electr\u00f3nico y Herramientas Digitales.<\/p>\n\n\n\n<figure class=\"wp-block-image size-large\"><a href=\"https:\/\/www.uta.cl\/wp-content\/uploads\/2021\/01\/3.jpg\"><img loading=\"lazy\" width=\"1024\" height=\"470\" src=\"https:\/\/www.uta.cl\/wp-content\/uploads\/2021\/01\/3-1024x470.jpg\" alt=\"\" class=\"wp-image-27784\" srcset=\"https:\/\/www.uta.cl\/wp-content\/uploads\/2021\/01\/3-1024x470.jpg 1024w, https:\/\/www.uta.cl\/wp-content\/uploads\/2021\/01\/3-300x138.jpg 300w, https:\/\/www.uta.cl\/wp-content\/uploads\/2021\/01\/3-768x352.jpg 768w, https:\/\/www.uta.cl\/wp-content\/uploads\/2021\/01\/3.jpg 1353w\" sizes=\"(max-width: 1024px) 100vw, 1024px\" \/><\/a><\/figure>\n\n\n\n<p>En s\u00edntesis, el Centro de Negocios Sercotec Arica capacit\u00f3 a 126 personas en el mes de noviembre e inicios de diciembre, sobre temas de Difusi\u00f3n y Comercializaci\u00f3n en Redes Sociales, Inventario Digital, Dise\u00f1o y Herramientas para Sitios Web, Comercio Electr\u00f3nico y M\u00e9todos de Pago, y Branding Tur\u00edstico en la Web. Destacando que el 99% de los participantes que respondieron la encuesta, evaluaron positivamente el programa.<\/p>\n\n\n\n<p>Finalmente, cabe destacar que el Centro de Negocios Sercotec Arica operado por la Universidad de Tarapac\u00e1, est\u00e1 comprometido con los empresarios\/as y emprendedores\/as de la Regi\u00f3n de Arica y Parinacota, por lo cual siguen con sus funciones de teletrabajo y fuertemente en capacitaciones en l\u00ednea para desarrollar y potenciar a la reactivaci\u00f3n econ\u00f3mica de la regi\u00f3n.<\/p>\n\n\n\n<p>Para m\u00e1s informaci\u00f3n sobre las diversas capacitaciones invitamos a la comunidad a visitar la web <a href=\"http:\/\/www.centroschile.cl\/\">www.centroschile.cl<\/a> secci\u00f3n Regi\u00f3n de Arica y Parinacota.<\/p>\n\n\n\n<ol><li>Difusi\u00f3n y comercializaci\u00f3n en redes sociales<\/li><\/ol>\n\n\n\n<p>2. Inventario Digital<\/p>\n\n\n\n<p>3. Dise\u00f1o y Herramientas para Sitios Web<\/p>\n\n\n\n<p>4. Comercio Electr\u00f3nico y M\u00e9todos de Pago<\/p>\n\n\n\n<p>5. Branding Tur\u00edstico en la Web<\/p>\n\n\n\n<figure class=\"wp-block-image size-large\"><a href=\"https:\/\/www.uta.cl\/wp-content\/uploads\/2021\/01\/4.jpg\"><img loading=\"lazy\" width=\"1024\" height=\"475\" src=\"https:\/\/www.uta.cl\/wp-content\/uploads\/2021\/01\/4-1024x475.jpg\" alt=\"\" class=\"wp-image-27785\" srcset=\"https:\/\/www.uta.cl\/wp-content\/uploads\/2021\/01\/4-1024x475.jpg 1024w, https:\/\/www.uta.cl\/wp-content\/uploads\/2021\/01\/4-300x139.jpg 300w, https:\/\/www.uta.cl\/wp-content\/uploads\/2021\/01\/4-768x356.jpg 768w, https:\/\/www.uta.cl\/wp-content\/uploads\/2021\/01\/4.jpg 1353w\" sizes=\"(max-width: 1024px) 100vw, 1024px\" \/><\/a><\/figure>\n","protected":false},"excerpt":{"rendered":"<p>Capacitaciones se enmarcan en solicitud de integrantes de la Comisi\u00f3n de Desarrollo econ\u00f3mico y Fomento Productivo del Consejo Consultivo de Vinculaci\u00f3n con el Medio de esta Casa de Estudios Superiores, realizadas durante el 2020 a emprendedores\/as y empresarios\/as de la Regi\u00f3n de Arica y Parinacota.<\/p>\n","protected":false},"author":1,"featured_media":27835,"comment_status":"open","ping_status":"open","sticky":false,"template":"","format":"standard","meta":[],"categories":[],"tags":[],"_links":{"self":[{"href":"https:\/\/www.uta.cl\/index.php\/wp-json\/wp\/v2\/posts\/27781"}],"collection":[{"href":"https:\/\/www.uta.cl\/index.php\/wp-json\/wp\/v2\/posts"}],"about":[{"href":"https:\/\/www.uta.cl\/index.php\/wp-json\/wp\/v2\/types\/post"}],"author":[{"embeddable":true,"href":"https:\/\/www.uta.cl\/index.php\/wp-json\/wp\/v2\/users\/1"}],"replies":[{"embeddable":true,"href":"https:\/\/www.uta.cl\/index.php\/wp-json\/wp\/v2\/comments?post=27781"}],"version-history":[{"count":1,"href":"https:\/\/www.uta.cl\/index.php\/wp-json\/wp\/v2\/posts\/27781\/revisions"}],"predecessor-version":[{"id":27786,"href":"https:\/\/www.uta.cl\/index.php\/wp-json\/wp\/v2\/posts\/27781\/revisions\/27786"}],"wp:featuredmedia":[{"embeddable":true,"href":"https:\/\/www.uta.cl\/index.php\/wp-json\/wp\/v2\/media\/27835"}],"wp:attachment":[{"href":"https:\/\/www.uta.cl\/index.php\/wp-json\/wp\/v2\/media?parent=27781"}],"wp:term":[{"taxonomy":"category","embeddable":true,"href":"https:\/\/www.uta.cl\/index.php\/wp-json\/wp\/v2\/categories?post=27781"},{"taxonomy":"post_tag","embeddable":true,"href":"https:\/\/www.uta.cl\/index.php\/wp-json\/wp\/v2\/tags?post=27781"}],"curies":[{"name":"wp","href":"https:\/\/api.w.org\/{rel}","templated":true}]}}