{"id":27009,"date":"2020-11-20T23:38:07","date_gmt":"2020-11-20T23:38:07","guid":{"rendered":"https:\/\/www.uta.cl\/?p=27009"},"modified":"2020-11-21T00:03:48","modified_gmt":"2020-11-21T00:03:48","slug":"distincion-y-reflexion-profunda-de-la-vida-y-obra-de-nuestro-maestro-manuel-mamani-mamani","status":"publish","type":"post","link":"https:\/\/www.uta.cl\/index.php\/2020\/11\/20\/distincion-y-reflexion-profunda-de-la-vida-y-obra-de-nuestro-maestro-manuel-mamani-mamani\/","title":{"rendered":"Distinci\u00f3n y reflexi\u00f3n profunda de la vida y obra del maestro Manuel Mamani Mamani"},"content":{"rendered":"\n<p>A dos a\u00f1os de su partida la Universidad de Tarapac\u00e1 comparte con la comunidad, publicaci\u00f3n &#8220;Obituario: Las campanas de Ungallire. Manuel Mamani y el paisaje sonoro andino&#8221; del acad\u00e9mico del Departamento de Ciencias Hist\u00f3ricas y Geogr\u00e1ficas de la Universidad de Tarapac\u00e1 Dr. Alberto D\u00edaz Araya en la Revista de Antropolog\u00eda Chilena &#8220;Chungara&#8221;.<\/p>\n\n\n\n<p><a href=\"https:\/\/www.uta.cl\/wp-content\/uploads\/2020\/11\/add.pdf\" target=\"_blank\" rel=\"noreferrer noopener\">Haga clic aqu\u00ed para ver publicaci\u00f3n<\/a>.<\/p>\n","protected":false},"excerpt":{"rendered":"<p>A dos a\u00f1os de su partida la Universidad de Tarapac\u00e1 comparte con la comunidad, publicaci\u00f3n &#8220;Obituario: Las campanas de Ungallire. Manuel Mamani y el paisaje sonoro andino&#8221; del acad\u00e9mico del Departamento de Ciencias Hist\u00f3ricas y Geogr\u00e1ficas de la Universidad de Tarapac\u00e1 Dr. Alberto D\u00edaz Araya en la Revista de Antropolog\u00eda Chilena &#8220;Chungara&#8221;. Haga clic aqu\u00ed [&hellip;]<\/p>\n","protected":false},"author":1,"featured_media":27011,"comment_status":"open","ping_status":"open","sticky":false,"template":"","format":"standard","meta":[],"categories":[51],"tags":[],"_links":{"self":[{"href":"https:\/\/www.uta.cl\/index.php\/wp-json\/wp\/v2\/posts\/27009"}],"collection":[{"href":"https:\/\/www.uta.cl\/index.php\/wp-json\/wp\/v2\/posts"}],"about":[{"href":"https:\/\/www.uta.cl\/index.php\/wp-json\/wp\/v2\/types\/post"}],"author":[{"embeddable":true,"href":"https:\/\/www.uta.cl\/index.php\/wp-json\/wp\/v2\/users\/1"}],"replies":[{"embeddable":true,"href":"https:\/\/www.uta.cl\/index.php\/wp-json\/wp\/v2\/comments?post=27009"}],"version-history":[{"count":2,"href":"https:\/\/www.uta.cl\/index.php\/wp-json\/wp\/v2\/posts\/27009\/revisions"}],"predecessor-version":[{"id":27013,"href":"https:\/\/www.uta.cl\/index.php\/wp-json\/wp\/v2\/posts\/27009\/revisions\/27013"}],"wp:featuredmedia":[{"embeddable":true,"href":"https:\/\/www.uta.cl\/index.php\/wp-json\/wp\/v2\/media\/27011"}],"wp:attachment":[{"href":"https:\/\/www.uta.cl\/index.php\/wp-json\/wp\/v2\/media?parent=27009"}],"wp:term":[{"taxonomy":"category","embeddable":true,"href":"https:\/\/www.uta.cl\/index.php\/wp-json\/wp\/v2\/categories?post=27009"},{"taxonomy":"post_tag","embeddable":true,"href":"https:\/\/www.uta.cl\/index.php\/wp-json\/wp\/v2\/tags?post=27009"}],"curies":[{"name":"wp","href":"https:\/\/api.w.org\/{rel}","templated":true}]}}