{"id":26806,"date":"2020-11-10T17:22:31","date_gmt":"2020-11-10T17:22:31","guid":{"rendered":"https:\/\/www.uta.cl\/?p=26806"},"modified":"2020-11-10T17:22:38","modified_gmt":"2020-11-10T17:22:38","slug":"departamento-de-antropologia-de-la-uta-realiza-ciclo-de-entrevistas-antropo-logicas-contemporaneas","status":"publish","type":"post","link":"https:\/\/www.uta.cl\/index.php\/2020\/11\/10\/departamento-de-antropologia-de-la-uta-realiza-ciclo-de-entrevistas-antropo-logicas-contemporaneas\/","title":{"rendered":"Departamento de Antropolog\u00eda de la UTA realiza ciclo de entrevistas \u201cAntropo-L\u00f3gicas Contempor\u00e1neas\u201d"},"content":{"rendered":"\n<p>Desde el 25 de septiembre, el Departamento de Antropolog\u00eda de la Universidad de Tarapac\u00e1, realiza el ciclo de entrevistas \u201cAntropo-L\u00f3gicas Contempor\u00e1neas\u201d con la finalidad de poder a disposici\u00f3n de toda la comunidad las \u00faltimas miradas acerca de la antropolog\u00eda social, cultural y arqueolog\u00eda en el siglo XXI.<\/p>\n\n\n\n<p>Para la Decana de la Facultad de Ciencias Sociales y Jur\u00eddicas, Dra. Marietta Ortega Perrier, \u201ces una tremenda oportunidad de formaci\u00f3n y actualizaci\u00f3n en relaci\u00f3n a importantes invitados que se han programado, para tratar procesos \u00e9tnicos y sociales, poblaci\u00f3n ind\u00edgena, procesos de poblamiento, entre otros importantes temas. Es una diversidad de intereses e investigaciones que nos van a ofrecer y una gran ocasi\u00f3n para una Universidad de tama\u00f1o mediano, en un territorio fronterizo que forma profesionales y postdoctorado en Antropolog\u00eda y Arqueolog\u00eda para compartir con redes internacionales y nacionales\u201d.<\/p>\n\n\n\n<p>En tanto, la Directora del Departamento de Antropolog\u00eda, Dra. Vivian Gavil\u00e1n Vega, agradeci\u00f3 la tremenda generosidad y disposici\u00f3n de los expositores para participar en este ciclo de conferencias las cuales, \u201cse suman a muchas otras realizadas por este departamento desde sus inicios ya hace 53 a\u00f1os\u201d.<\/p>\n\n\n\n<p>El ciclo de charlas es transmitido a trav\u00e9s de utaplay de YouTube, masmauta de Facebook y por la p\u00e1gina de Postgrado Antropolog\u00eda de LinkedIn.<\/p>\n\n\n\n<p>El ciclo de charlas se inici\u00f3 el viernes 25 de septiembre, con la ponencia <em>\u201cInvestigaci\u00f3n-acci\u00f3n y la construcci\u00f3n participativa del conocimiento en Colombia durante la d\u00e9cada de 1970: Una mirada etnogr\u00e1fica\u201d<\/em>, a cargo de la Dra. Joanne Rappaport, Profesora Titular de Estudios Culturales y Literatura Latinoamericana del Departamento de Espa\u00f1ol y Portugu\u00e9s de Georgetown University, Washington, D.C. Sus principales \u00e1reas de inter\u00e9s son Etnicidades y movimientos \u00e9tnicos, intelectuales ind\u00edgenas, historia etnogr\u00e1fica y estudios andinos.<\/p>\n\n\n\n<p>Link charla, Dra. Joanne Rappaport: <a href=\"https:\/\/youtu.be\/nTL7Dh76ml8\">https:\/\/youtu.be\/nTL7Dh76ml8<\/a><\/p>\n\n\n\n<figure class=\"wp-block-image size-large\"><a href=\"https:\/\/www.uta.cl\/wp-content\/uploads\/2020\/11\/Dra.-Joanne-Rappaport.jpg\"><img loading=\"lazy\" width=\"853\" height=\"476\" src=\"https:\/\/www.uta.cl\/wp-content\/uploads\/2020\/11\/Dra.-Joanne-Rappaport.jpg\" alt=\"\" class=\"wp-image-26807\" srcset=\"https:\/\/www.uta.cl\/wp-content\/uploads\/2020\/11\/Dra.-Joanne-Rappaport.jpg 853w, https:\/\/www.uta.cl\/wp-content\/uploads\/2020\/11\/Dra.-Joanne-Rappaport-300x167.jpg 300w, https:\/\/www.uta.cl\/wp-content\/uploads\/2020\/11\/Dra.-Joanne-Rappaport-768x429.jpg 768w\" sizes=\"(max-width: 853px) 100vw, 853px\" \/><\/a><\/figure>\n\n\n\n<p>El mi\u00e9rcoles 7 de octubre, fue el turno del Dr. F\u00e9lix A. Acuto, Investigador Independiente del Consejo Nacional de Investigaciones Cient\u00edficas y T\u00e9cnicas (CONICET), Argentina. Profesor Adjunto Interino en la materia Sociolog\u00eda, del Departamento de Derecho y Ciencias Pol\u00edticas de la Universidad Nacional de La Matanza. Profesor Invitado, International&nbsp;Programa de la Universidad Austral, quien expuso el tema \u201cProducci\u00f3n de conocimiento, interculturalidad y praxis en arqueolog\u00eda. Una perspectiva sudamericana\u201d.<\/p>\n\n\n\n<p>Link charla, Dr. F\u00e9lix A. Acuto: <a href=\"https:\/\/youtu.be\/2ZQ5WoW2tcA\">https:\/\/youtu.be\/2ZQ5WoW2tcA<\/a><\/p>\n\n\n\n<figure class=\"wp-block-image size-large\"><a href=\"https:\/\/www.uta.cl\/wp-content\/uploads\/2020\/11\/Dr.-F\u00e9lix-A.-Acuto.jpg\"><img loading=\"lazy\" width=\"850\" height=\"478\" src=\"https:\/\/www.uta.cl\/wp-content\/uploads\/2020\/11\/Dr.-F\u00e9lix-A.-Acuto.jpg\" alt=\"\" class=\"wp-image-26808\" srcset=\"https:\/\/www.uta.cl\/wp-content\/uploads\/2020\/11\/Dr.-F\u00e9lix-A.-Acuto.jpg 850w, https:\/\/www.uta.cl\/wp-content\/uploads\/2020\/11\/Dr.-F\u00e9lix-A.-Acuto-300x169.jpg 300w, https:\/\/www.uta.cl\/wp-content\/uploads\/2020\/11\/Dr.-F\u00e9lix-A.-Acuto-768x432.jpg 768w\" sizes=\"(max-width: 850px) 100vw, 850px\" \/><\/a><\/figure>\n\n\n\n<p>Para el jueves 5 de noviembre se cont\u00f3 con la participaci\u00f3n de la Dra. Alejandra M. Canals Ossul, quien present\u00f3 el tema \u201cLa representaci\u00f3n de los pueblos ind\u00edgenas en los museos\u201d. La Dra. Canals es Profesora Asociada del Departamento de Antropolog\u00eda Social de la Universidad Aut\u00f3noma de Barcelona. Imparte las c\u00e1tedras&nbsp;Conceptualizaci\u00f3n de la Cultura&nbsp;y&nbsp;el Patrimonio y Dise\u00f1o&nbsp;Estrat\u00e9gico del Programa de Magister en Gesti\u00f3n del Patrimonio Cultural y Museolog\u00eda. Sus temas de investigaci\u00f3n se centran en procesos de patrimonializaci\u00f3n, museos etnol\u00f3gicos, representaci\u00f3n ind\u00edgena en los museos, patrimonio inmaterial.<\/p>\n\n\n\n<p>Link charla, Dra. Alejandra M. Canals Ossul: <a href=\"https:\/\/youtu.be\/ianINvXouP8\">https:\/\/youtu.be\/ianINvXouP8<\/a><\/p>\n\n\n\n<figure class=\"wp-block-image size-large\"><img loading=\"lazy\" width=\"851\" height=\"455\" src=\"https:\/\/www.uta.cl\/wp-content\/uploads\/2020\/11\/Dra.-Alejandra-Canals.jpg\" alt=\"\" class=\"wp-image-26809\" srcset=\"https:\/\/www.uta.cl\/wp-content\/uploads\/2020\/11\/Dra.-Alejandra-Canals.jpg 851w, https:\/\/www.uta.cl\/wp-content\/uploads\/2020\/11\/Dra.-Alejandra-Canals-300x160.jpg 300w, https:\/\/www.uta.cl\/wp-content\/uploads\/2020\/11\/Dra.-Alejandra-Canals-768x411.jpg 768w\" sizes=\"(max-width: 851px) 100vw, 851px\" \/><\/figure>\n\n\n\n<p><strong>Pr\u00f3ximas charlas<\/strong><\/p>\n\n\n\n<p>Durante el mes de noviembre y diciembre, se ofrece un nutrido calendario de charlas con investigadores nacionales e internacionales:<\/p>\n\n\n\n<p><strong>Viernes 13 de <\/strong><strong>noviembre, a las 18:00 horas, expondr\u00e1 el Dr.- Luis Borrero<\/strong>, Investigador Principal CONICET, Argentina. Profesor de la Universidad de Buenos Aires. Obtuvo el premio Award for Excellence in Latin American and Caribbean Archaeology que otorga la Society for American Archaeology (SAA).<\/p>\n\n\n\n<p><strong>Lunes 23 de noviembre, a las 10:00 horas, se contar\u00e1 con la participaci\u00f3n del Dr. \u00c1ngel Mart\u00ednez<\/strong>, Profesor titular (Catedr\u00e1tico Distinguido) de la Universidad Rovira i Virgili, donde es director de Medical Anthropology Research Center. Sus principales proyectos se han centrado en salud mental colectiva, cultura biom\u00e9dica, biopol\u00edtica, teor\u00eda antropol\u00f3gica, pol\u00edticas sanitarias en Europa, Am\u00e9rica Latina y en culturas amaz\u00f3nicas.<\/p>\n\n\n\n<p><strong>Mi\u00e9rcoles 25 de noviembre, a las 11:00 horas, ser\u00e1 el turno de la Dra. Sonia Montecino<\/strong>, Profesora Titular Departamento Antropolog\u00eda de la Universidad de Chile. Premio Nacional de Humanidades y Ciencias Sociales de Chile 2013. Es profesora titular de la C\u00e1tedra Unesco con sede en el Centro Interdisciplinario de Estudios de G\u00e9nero de la FACSO, centro del que fue una de sus fundadoras y ha sido subdirectora y directora.<\/p>\n\n\n\n<p><strong>Viernes 4 de diciembre, a las 18:00 horas, participar\u00e1 la Dra. Norma Ratto<\/strong>, Docente e investigadora Instituto de Las Culturas (UBA-CONICET) y Profesora del Departamento de Ciencias Antropol\u00f3gicas (FFyL-UBA).<\/p>\n","protected":false},"excerpt":{"rendered":"<p>Destacados invitados nacionales e internacionales participan de este ciclo de charlas que se extender\u00e1n hasta el 4 de diciembre.<\/p>\n","protected":false},"author":1,"featured_media":26809,"comment_status":"open","ping_status":"open","sticky":false,"template":"","format":"standard","meta":[],"categories":[34,51],"tags":[],"_links":{"self":[{"href":"https:\/\/www.uta.cl\/index.php\/wp-json\/wp\/v2\/posts\/26806"}],"collection":[{"href":"https:\/\/www.uta.cl\/index.php\/wp-json\/wp\/v2\/posts"}],"about":[{"href":"https:\/\/www.uta.cl\/index.php\/wp-json\/wp\/v2\/types\/post"}],"author":[{"embeddable":true,"href":"https:\/\/www.uta.cl\/index.php\/wp-json\/wp\/v2\/users\/1"}],"replies":[{"embeddable":true,"href":"https:\/\/www.uta.cl\/index.php\/wp-json\/wp\/v2\/comments?post=26806"}],"version-history":[{"count":1,"href":"https:\/\/www.uta.cl\/index.php\/wp-json\/wp\/v2\/posts\/26806\/revisions"}],"predecessor-version":[{"id":26810,"href":"https:\/\/www.uta.cl\/index.php\/wp-json\/wp\/v2\/posts\/26806\/revisions\/26810"}],"wp:featuredmedia":[{"embeddable":true,"href":"https:\/\/www.uta.cl\/index.php\/wp-json\/wp\/v2\/media\/26809"}],"wp:attachment":[{"href":"https:\/\/www.uta.cl\/index.php\/wp-json\/wp\/v2\/media?parent=26806"}],"wp:term":[{"taxonomy":"category","embeddable":true,"href":"https:\/\/www.uta.cl\/index.php\/wp-json\/wp\/v2\/categories?post=26806"},{"taxonomy":"post_tag","embeddable":true,"href":"https:\/\/www.uta.cl\/index.php\/wp-json\/wp\/v2\/tags?post=26806"}],"curies":[{"name":"wp","href":"https:\/\/api.w.org\/{rel}","templated":true}]}}