{"id":25822,"date":"2020-08-28T16:09:11","date_gmt":"2020-08-28T16:09:11","guid":{"rendered":"https:\/\/www.uta.cl\/?p=25822"},"modified":"2021-05-03T14:15:06","modified_gmt":"2021-05-03T14:15:06","slug":"congreso-nacional-e-interregional-del-programa-icec","status":"publish","type":"post","link":"https:\/\/www.uta.cl\/index.php\/2020\/08\/28\/congreso-nacional-e-interregional-del-programa-icec\/","title":{"rendered":"Congreso Nacional e Interregional del Programa ICEC"},"content":{"rendered":"\n<p>El Ministerio de Educaci\u00f3n, a trav\u00e9s del Programa de Indagaci\u00f3n Cient\u00edfica para la Educaci\u00f3n en Ciencias (ICEC) realizar\u00e1 su congreso anual de educaci\u00f3n en ciencias denominado Congreso Nacional e Interregional del Programa ICEC dirigido educadores de p\u00e1rvulos, profesores de Educaci\u00f3n Diferencial y docentes de Educaci\u00f3n B\u00e1sica y Media.<\/p>\n\n\n\n<figure class=\"wp-block-image size-large\"><a href=\"https:\/\/www.uta.cl\/wp-content\/uploads\/2020\/08\/4-1.jpg\"><img loading=\"lazy\" width=\"725\" height=\"438\" src=\"https:\/\/www.uta.cl\/wp-content\/uploads\/2020\/08\/4-1.jpg\" alt=\"\" class=\"wp-image-25826\" srcset=\"https:\/\/www.uta.cl\/wp-content\/uploads\/2020\/08\/4-1.jpg 725w, https:\/\/www.uta.cl\/wp-content\/uploads\/2020\/08\/4-1-300x181.jpg 300w\" sizes=\"(max-width: 725px) 100vw, 725px\" \/><\/a><\/figure>\n\n\n\n<p>El evento, que se realizar\u00e1 v\u00eda online, contar\u00e1 con m\u00e1s de 120 actividades, como: conferencias, talleres e intercambios de experiencias pedag\u00f3gicas entre docentes sobre educaci\u00f3n en ciencias, que se realizar\u00e1n entre el 31 de agosto y el 17 de octubre, en colaboraci\u00f3n con las 14 universidades que implementan el Programa ICEC a lo largo de todo el pa\u00eds, entre ellas las Universidad de Tarapac\u00e1.<\/p>\n\n\n\n<p>El Congreso realizar\u00e1 su sesi\u00f3n inaugural el d\u00eda 31 de agosto con la conferencia web denominada \u201cEducaci\u00f3n en Ciencias y Cambio Clim\u00e1tico\u201d. Este evento contar\u00e1 con la presencia del destacado astrof\u00edsico franc\u00e9s Dr. Pierre Len\u00e1 para la charla inaugural, y del Dr. Javier Valencia, de Colombia con una segunda conferencia.<\/p>\n\n\n\n<figure class=\"wp-block-image size-large\"><a href=\"https:\/\/www.uta.cl\/wp-content\/uploads\/2020\/08\/1-7.jpg\"><img loading=\"lazy\" width=\"924\" height=\"463\" src=\"https:\/\/www.uta.cl\/wp-content\/uploads\/2020\/08\/1-7.jpg\" alt=\"\" class=\"wp-image-25823\" srcset=\"https:\/\/www.uta.cl\/wp-content\/uploads\/2020\/08\/1-7.jpg 924w, https:\/\/www.uta.cl\/wp-content\/uploads\/2020\/08\/1-7-300x150.jpg 300w, https:\/\/www.uta.cl\/wp-content\/uploads\/2020\/08\/1-7-768x385.jpg 768w\" sizes=\"(max-width: 924px) 100vw, 924px\" \/><\/a><\/figure>\n\n\n\n<p>A nivel interregional, las universidades que implementan en Programa ICEC, agrupadas en 5 zonas (norte, centro norte, centro, sur y centro sur), realizar\u00e1n las actividades interregionales con foco en las necesidades de educaci\u00f3n en ciencias de cada zona del pa\u00eds. Las actividades zonales comprenden la realizaci\u00f3n de talleres de ciencias, charlas de cient\u00edficos destacados, mesas redondas y presentaciones de Proyectos de Innovaci\u00f3n Pedag\u00f3gica en Ciencias, realizadas por educadores y docentes que son parte del Programa ICEC.<\/p>\n\n\n\n<p>Para acceder a participar de las diferentes actividades del evento a trav\u00e9s de todo el pa\u00eds pueden hacerlo considerando lo siguiente:<\/p>\n\n\n\n<p><strong>Webinar nacionales<\/strong>: acceso directo v\u00eda streaming al canal de YouTube del Ministerio de Educaci\u00f3n (youtube.com\/mineducchile).<\/p>\n\n\n\n<p>ACTIVIDADES INTERREGIONALES ZONA NORTE<\/p>\n\n\n\n<p>Los docentes, educadoras e interesados en participar y que viven en las regiones de Arica y Parinacota, Tarapac\u00e1, Antofagasta o Atacama,&nbsp;puede participar del Congreso Interregional ICEC Zona Norte denominado \u201cComunidad de Aprendizaje: una oportunidad para incluir la diversidad del norte grande\u201d accediendo a la p\u00e1gina web&nbsp;<\/p>\n\n\n\n<p><a href=\"https:\/\/play.4id.science\/norte\/dashboard\">https:\/\/play.4id.science\/norte\/dashboard<\/a><\/p>\n\n\n\n<p>Al participar podr\u00e1n conocer el trabajo que los docentes del Programa ICEC UTA vienen realizando en materia de Indagaci\u00f3n Cient\u00edfica y sobre el desarrollo de nuevas estrategias a trav\u00e9s de Planes de innovaci\u00f3n Pedag\u00f3gica.<\/p>\n\n\n\n<p>Entre los trabajos que nuestros docentes presentar\u00e1n podemos encontrar los siguientes:<\/p>\n\n\n\n<p>&#8211; Aplicaci\u00f3n de las 4c para fomentar aprendizajes en ciencia en estudiantes con necesidades educativas especiales.<\/p>\n\n\n\n<p>&#8211; Radiograf\u00eda de emociones en tiempos de pandemia.<\/p>\n\n\n\n<p>&#8211; Cultivando en casa aprendo ciencias.<\/p>\n\n\n\n<p>&#8211; Valoraci\u00f3n del aporte nutricional de frutas y verduras en estudiantes de la escuela Gabriela Mistral.<\/p>\n\n\n\n<p>&#8211; Problemas socio-cient\u00edficos y desarrollo de habilidades a trav\u00e9s de redes Inter escuelas.<\/p>\n\n\n\n<p>&#8211; Colaboraci\u00f3n a conciencia: el rol del aprendizaje colaborativo en el desarrollo del pensamiento cient\u00edfico mediante el an\u00e1lisis de paradigmas.<\/p>\n\n\n\n<p>&#8211; Al rescate de las Tillandsias: incentivando a los estudiantes a mitigar el efecto del cambio clim\u00e1tico desde el desierto.<\/p>\n\n\n\n<p>&#8211; Eulidia yarrellii: indagando la conservaci\u00f3n del picaflor de Arica a trav\u00e9s de una propuesta did\u00e1ctica para el 1er ciclo.<\/p>\n\n\n\n<p>&#8211; Din\u00e1mica del comportamiento del virus SARS-CoV-2 en espacio cercano al hombre y su r\u00e9plica en el organismo.<\/p>\n\n\n\n<p>&#8211; Escuchar Ciencia, un podcast en el mundo Rural.<\/p>\n\n\n\n<p>&#8211; SUMA QAMA\u00d1A: VIVIR BIEN.<\/p>\n\n\n\n<p>&#8211; Mentes Cient\u00edficas Escolares (MENCIES): un centro de investigaci\u00f3n cient\u00edfica para ciudadanos y ciudadanas.<\/p>\n\n\n\n<p>&#8211; Indagaci\u00f3n cient\u00edfica para promover la motivaci\u00f3n en el aprendizaje de las ciencias.<\/p>\n\n\n\n<p>Fuente: MINEDUC <a href=\"https:\/\/escolar.mineduc.cl\/2020\/08\/25\/congreso-nacional-e-interregional-del-programa-icec\/\">https:\/\/escolar.mineduc.cl\/2020\/08\/25\/congreso-nacional-e-interregional-del-programa-icec\/<\/a><\/p>\n\n\n\n<figure class=\"wp-block-gallery columns-1 is-cropped\"><ul class=\"blocks-gallery-grid\"><li class=\"blocks-gallery-item\"><figure><a href=\"https:\/\/www.uta.cl\/wp-content\/uploads\/2020\/08\/3-6.jpg\"><img loading=\"lazy\" width=\"329\" height=\"1024\" src=\"https:\/\/www.uta.cl\/wp-content\/uploads\/2020\/08\/3-6-329x1024.jpg\" alt=\"\" data-id=\"25825\" data-full-url=\"https:\/\/www.uta.cl\/wp-content\/uploads\/2020\/08\/3-6.jpg\" data-link=\"https:\/\/www.uta.cl\/?attachment_id=25825\" class=\"wp-image-25825\" srcset=\"https:\/\/www.uta.cl\/wp-content\/uploads\/2020\/08\/3-6-329x1024.jpg 329w, https:\/\/www.uta.cl\/wp-content\/uploads\/2020\/08\/3-6-96x300.jpg 96w, https:\/\/www.uta.cl\/wp-content\/uploads\/2020\/08\/3-6.jpg 411w\" sizes=\"(max-width: 329px) 100vw, 329px\" \/><\/a><\/figure><\/li><li class=\"blocks-gallery-item\"><figure><a href=\"https:\/\/www.uta.cl\/wp-content\/uploads\/2020\/08\/2-5.jpg\"><img loading=\"lazy\" width=\"475\" height=\"474\" src=\"https:\/\/www.uta.cl\/wp-content\/uploads\/2020\/08\/2-5.jpg\" alt=\"\" data-id=\"25824\" data-full-url=\"https:\/\/www.uta.cl\/wp-content\/uploads\/2020\/08\/2-5.jpg\" data-link=\"https:\/\/www.uta.cl\/?attachment_id=25824\" class=\"wp-image-25824\" srcset=\"https:\/\/www.uta.cl\/wp-content\/uploads\/2020\/08\/2-5.jpg 475w, https:\/\/www.uta.cl\/wp-content\/uploads\/2020\/08\/2-5-300x300.jpg 300w, https:\/\/www.uta.cl\/wp-content\/uploads\/2020\/08\/2-5-150x150.jpg 150w\" sizes=\"(max-width: 475px) 100vw, 475px\" \/><\/a><\/figure><\/li><\/ul><\/figure>\n","protected":false},"excerpt":{"rendered":"<p>En el evento los docentes del Programa ICEC UTA presentar\u00e1n sus trabajos y compartir\u00e1n sus experiencias con docentes de otras 14 universidades que participan de este programa a nivel nacional.<\/p>\n","protected":false},"author":1,"featured_media":25826,"comment_status":"open","ping_status":"open","sticky":false,"template":"","format":"standard","meta":[],"categories":[48,32,102],"tags":[],"_links":{"self":[{"href":"https:\/\/www.uta.cl\/index.php\/wp-json\/wp\/v2\/posts\/25822"}],"collection":[{"href":"https:\/\/www.uta.cl\/index.php\/wp-json\/wp\/v2\/posts"}],"about":[{"href":"https:\/\/www.uta.cl\/index.php\/wp-json\/wp\/v2\/types\/post"}],"author":[{"embeddable":true,"href":"https:\/\/www.uta.cl\/index.php\/wp-json\/wp\/v2\/users\/1"}],"replies":[{"embeddable":true,"href":"https:\/\/www.uta.cl\/index.php\/wp-json\/wp\/v2\/comments?post=25822"}],"version-history":[{"count":2,"href":"https:\/\/www.uta.cl\/index.php\/wp-json\/wp\/v2\/posts\/25822\/revisions"}],"predecessor-version":[{"id":29710,"href":"https:\/\/www.uta.cl\/index.php\/wp-json\/wp\/v2\/posts\/25822\/revisions\/29710"}],"wp:featuredmedia":[{"embeddable":true,"href":"https:\/\/www.uta.cl\/index.php\/wp-json\/wp\/v2\/media\/25826"}],"wp:attachment":[{"href":"https:\/\/www.uta.cl\/index.php\/wp-json\/wp\/v2\/media?parent=25822"}],"wp:term":[{"taxonomy":"category","embeddable":true,"href":"https:\/\/www.uta.cl\/index.php\/wp-json\/wp\/v2\/categories?post=25822"},{"taxonomy":"post_tag","embeddable":true,"href":"https:\/\/www.uta.cl\/index.php\/wp-json\/wp\/v2\/tags?post=25822"}],"curies":[{"name":"wp","href":"https:\/\/api.w.org\/{rel}","templated":true}]}}