{"id":25571,"date":"2020-08-04T23:40:08","date_gmt":"2020-08-04T23:40:08","guid":{"rendered":"https:\/\/www.uta.cl\/?p=25571"},"modified":"2020-08-04T23:40:19","modified_gmt":"2020-08-04T23:40:19","slug":"carrera-de-ingenieria-mecanica-de-la-uta-realiza-encuentro-virtual-para-dar-la-bienvenida-a-alumnos-de-primer-ano","status":"publish","type":"post","link":"https:\/\/www.uta.cl\/index.php\/2020\/08\/04\/carrera-de-ingenieria-mecanica-de-la-uta-realiza-encuentro-virtual-para-dar-la-bienvenida-a-alumnos-de-primer-ano\/","title":{"rendered":"Carrera de Ingenier\u00eda Mec\u00e1nica de la UTA realiza encuentro virtual para dar la bienvenida a alumnos de primer a\u00f1o"},"content":{"rendered":"\n<p>Con la finalidad de tener el primer acercamiento con la comunidad que integra el Departamento de Ingenier\u00eda Mec\u00e1nica, el 29 de julio, se realiz\u00f3 el primer encuentro virtual con los alumnos del primer a\u00f1o donde se les dio la bienvenida a quienes ingresaron este 2020.<\/p>\n\n\n\n<figure class=\"wp-block-image size-large\"><a href=\"https:\/\/www.uta.cl\/wp-content\/uploads\/2020\/08\/PHOTO-2020-07-29-13-26-08_1.jpg\"><img loading=\"lazy\" width=\"1024\" height=\"594\" src=\"https:\/\/www.uta.cl\/wp-content\/uploads\/2020\/08\/PHOTO-2020-07-29-13-26-08_1-1024x594.jpg\" alt=\"\" class=\"wp-image-25572\" srcset=\"https:\/\/www.uta.cl\/wp-content\/uploads\/2020\/08\/PHOTO-2020-07-29-13-26-08_1-1024x594.jpg 1024w, https:\/\/www.uta.cl\/wp-content\/uploads\/2020\/08\/PHOTO-2020-07-29-13-26-08_1-300x174.jpg 300w, https:\/\/www.uta.cl\/wp-content\/uploads\/2020\/08\/PHOTO-2020-07-29-13-26-08_1-768x445.jpg 768w, https:\/\/www.uta.cl\/wp-content\/uploads\/2020\/08\/PHOTO-2020-07-29-13-26-08_1.jpg 1280w\" sizes=\"(max-width: 1024px) 100vw, 1024px\" \/><\/a><\/figure>\n\n\n\n<p>El encuentro realizado a trav\u00e9s de la plataforma de Zoom se inici\u00f3 con las palabras de bienvenida del Director del Departamento de Ingenier\u00eda Mec\u00e1nica, Dr. Edgar Estupi\u00f1an Pulido quien expres\u00f3: \u201cUstedes alumnos y alumnas nuevos y nuevas, han ingresado a un Departamento de Ingenier\u00eda Mec\u00e1nica que no tiene poca historia. Hace dos a\u00f1os, completamos 50 a\u00f1os de historia, siendo un Departamento que desde sus or\u00edgenes ha sido muy internacional, de hecho, fue creado gracias a la cooperaci\u00f3n cient\u00edfica entre el Gobierno de Chile, el Gobierno de Francia, Alemania, del Reino de Dinamarca, con el respaldo de la Organizaci\u00f3n de los Estados Americanos. Es as\u00ed que el primer Director del departamento fue un franc\u00e9s Michel Moreno, quien estuvo los primeros a\u00f1os a cargo de este gran proyecto que tenemos hasta el d\u00eda de hoy\u201d.<\/p>\n\n\n\n<p>En este contexto, agreg\u00f3 que, la Universidad es una nueva etapa en la vida los invit\u00f3 a no solamente a aprender acad\u00e9micamente, sino tambi\u00e9n a desarrollarse y madurar para lo que es el resto de la vida, aprovechando a los profesores, a los funcionarios, a sus compa\u00f1eros de cursos superiores y a la comunidad universitaria, para que de todos ellos se pueda aprender y sacar algo para la vida. \u201cActualmente estamos viviendo una \u00e9poca de pandemia que ninguno de los que estamos presente ha vivido antes y por ello, la ingenier\u00eda tiene mucho qu\u00e9 hacer y mucho qu\u00e9 decir. Sumado a eso, tenemos temas relevantes como el cambio clim\u00e1tico, la sustentabilidad del planeta que est\u00e1 en riesgo y, por lo tanto, desde la Ingenier\u00eda, todo lo que desarrollamos y podamos aprender tiene que tener esa mirada de sustentabilidad. En el Departamento de Ingenier\u00eda Mec\u00e1nica una de las \u00e1reas importantes que tenemos de desarrollo es la energ\u00eda solar que junto a otras energ\u00edas renovables podemos contribuir de forma importante a todos estos desaf\u00edos del mundo actual\u201d, indic\u00f3 el Dr. Edgar Estupi\u00f1an.<\/p>\n\n\n\n<p>El Director concluy\u00f3 sus palabras destacando que, \u201ceste es un sue\u00f1o que reci\u00e9n comienza y con perseverancia, disciplina, responsabilidad y confianza, lo que ustedes quieran lograr, lo van a conseguir. Los invito a seguir esos sue\u00f1os, no es f\u00e1cil, pero debemos vencer las dificultades y seguir adelante.<\/p>\n\n\n\n<p>Posteriormente se presentaron los jefes de carrera, para luego presentar un archivo fotogr\u00e1fico de todos los acad\u00e9micos que conformar esta unidad acad\u00e9mica. Tambi\u00e9n hicieron uso de la palabra la alumna de sexto a\u00f1o de Ingenier\u00eda Civil Mec\u00e1nica y representante del CEC de Ingenier\u00eda Mec\u00e1nica, Constanza Zurita, el representante del Centro de Alumnos, Cristian Espinoza y el presidente del Centro de Ex Alumnos de Ingenier\u00eda Mec\u00e1nica, Juan Pablo Rejas.<\/p>\n\n\n\n<p>\u201cHablarles desde mi experiencia que ha significado estudiar esta carrera, es un camino largo, pero, as\u00ed como requiere de un gran esfuerzo, tambi\u00e9n te provoca satisfacci\u00f3n cundo te vas dando cuenta lo importante que es aprender y principalmente, transformarte en un instrumento para el desarrollo de las ciencias aplicadas en este pa\u00eds y para el mundo. Espero que estas palabras les pueda servir como ayuda y motivaci\u00f3n para afrontar la carrera con entusiasmo y so\u00f1ar, al igual que yo, en pensar en un futuro cercano en un mag\u00edster. Para ello les recomiendo aprovechar al m\u00e1ximo todas las oportunidades de aprender ingl\u00e9s que te entrega la Universidad y el departamento para ver que esto les abrir\u00e1 la mente y sus proyectos laborales profesionales para convertirse en profesionales biling\u00fces\u201d, resalt\u00f3 Constanza Zurita.<\/p>\n\n\n\n<p>El encuentro finaliz\u00f3 con las palabras de la acad\u00e9mica del departamento, Eliana Ponce Santa Mar\u00eda quien se enfoc\u00f3 en el actual contexto que se vive en torno a las clases virtuales debido a la pandemia del COVID-19, \u201ctanto ustedes como los acad\u00e9micos estamos haciendo un tremendo esfuerzo en lograr el proceso de ense\u00f1anza-aprendizaje. Todo este esfuerzo es para lograr acompa\u00f1arlos en este proceso y para que el lazo que existe entre alumno y profesor siga fortaleci\u00e9ndose, pero para que esto ocurra, tambi\u00e9n nosotros necesitamos que ustedes, nuestros queridos alumnos tengan un rol protag\u00f3nico en este proceso. Les pido que asistan a las clases online, revisen los correos y la plataforma en forma continua, realicen sus tareas a tiempo y que pregunten en las clases\u201d.<\/p>\n\n\n\n<figure class=\"wp-block-gallery columns-3 is-cropped\"><ul class=\"blocks-gallery-grid\"><li class=\"blocks-gallery-item\"><figure><img loading=\"lazy\" width=\"1024\" height=\"498\" src=\"https:\/\/www.uta.cl\/wp-content\/uploads\/2020\/08\/PHOTO-2020-07-29-13-26-10-1024x498.jpg\" alt=\"\" data-id=\"25577\" data-full-url=\"https:\/\/www.uta.cl\/wp-content\/uploads\/2020\/08\/PHOTO-2020-07-29-13-26-10.jpg\" data-link=\"https:\/\/www.uta.cl\/?attachment_id=25577\" class=\"wp-image-25577\" srcset=\"https:\/\/www.uta.cl\/wp-content\/uploads\/2020\/08\/PHOTO-2020-07-29-13-26-10-1024x498.jpg 1024w, https:\/\/www.uta.cl\/wp-content\/uploads\/2020\/08\/PHOTO-2020-07-29-13-26-10-300x146.jpg 300w, https:\/\/www.uta.cl\/wp-content\/uploads\/2020\/08\/PHOTO-2020-07-29-13-26-10-768x374.jpg 768w, https:\/\/www.uta.cl\/wp-content\/uploads\/2020\/08\/PHOTO-2020-07-29-13-26-10.jpg 1280w\" sizes=\"(max-width: 1024px) 100vw, 1024px\" \/><\/figure><\/li><li class=\"blocks-gallery-item\"><figure><img loading=\"lazy\" width=\"1024\" height=\"498\" src=\"https:\/\/www.uta.cl\/wp-content\/uploads\/2020\/08\/PHOTO-2020-07-29-13-26-09-1024x498.jpg\" alt=\"\" data-id=\"25576\" data-full-url=\"https:\/\/www.uta.cl\/wp-content\/uploads\/2020\/08\/PHOTO-2020-07-29-13-26-09.jpg\" data-link=\"https:\/\/www.uta.cl\/?attachment_id=25576\" class=\"wp-image-25576\" srcset=\"https:\/\/www.uta.cl\/wp-content\/uploads\/2020\/08\/PHOTO-2020-07-29-13-26-09-1024x498.jpg 1024w, https:\/\/www.uta.cl\/wp-content\/uploads\/2020\/08\/PHOTO-2020-07-29-13-26-09-300x146.jpg 300w, https:\/\/www.uta.cl\/wp-content\/uploads\/2020\/08\/PHOTO-2020-07-29-13-26-09-768x373.jpg 768w, https:\/\/www.uta.cl\/wp-content\/uploads\/2020\/08\/PHOTO-2020-07-29-13-26-09.jpg 1280w\" sizes=\"(max-width: 1024px) 100vw, 1024px\" \/><\/figure><\/li><li class=\"blocks-gallery-item\"><figure><img loading=\"lazy\" width=\"1024\" height=\"498\" src=\"https:\/\/www.uta.cl\/wp-content\/uploads\/2020\/08\/PHOTO-2020-07-29-13-26-09_2-1024x498.jpg\" alt=\"\" data-id=\"25575\" data-full-url=\"https:\/\/www.uta.cl\/wp-content\/uploads\/2020\/08\/PHOTO-2020-07-29-13-26-09_2.jpg\" data-link=\"https:\/\/www.uta.cl\/?attachment_id=25575\" class=\"wp-image-25575\" srcset=\"https:\/\/www.uta.cl\/wp-content\/uploads\/2020\/08\/PHOTO-2020-07-29-13-26-09_2-1024x498.jpg 1024w, https:\/\/www.uta.cl\/wp-content\/uploads\/2020\/08\/PHOTO-2020-07-29-13-26-09_2-300x146.jpg 300w, https:\/\/www.uta.cl\/wp-content\/uploads\/2020\/08\/PHOTO-2020-07-29-13-26-09_2-768x374.jpg 768w, https:\/\/www.uta.cl\/wp-content\/uploads\/2020\/08\/PHOTO-2020-07-29-13-26-09_2.jpg 1280w\" sizes=\"(max-width: 1024px) 100vw, 1024px\" \/><\/figure><\/li><li class=\"blocks-gallery-item\"><figure><img loading=\"lazy\" width=\"1024\" height=\"504\" src=\"https:\/\/www.uta.cl\/wp-content\/uploads\/2020\/08\/PHOTO-2020-07-29-13-26-09_1-1024x504.jpg\" alt=\"\" data-id=\"25574\" data-full-url=\"https:\/\/www.uta.cl\/wp-content\/uploads\/2020\/08\/PHOTO-2020-07-29-13-26-09_1.jpg\" data-link=\"https:\/\/www.uta.cl\/?attachment_id=25574\" class=\"wp-image-25574\" srcset=\"https:\/\/www.uta.cl\/wp-content\/uploads\/2020\/08\/PHOTO-2020-07-29-13-26-09_1-1024x504.jpg 1024w, https:\/\/www.uta.cl\/wp-content\/uploads\/2020\/08\/PHOTO-2020-07-29-13-26-09_1-300x148.jpg 300w, https:\/\/www.uta.cl\/wp-content\/uploads\/2020\/08\/PHOTO-2020-07-29-13-26-09_1-768x378.jpg 768w, https:\/\/www.uta.cl\/wp-content\/uploads\/2020\/08\/PHOTO-2020-07-29-13-26-09_1.jpg 1280w\" sizes=\"(max-width: 1024px) 100vw, 1024px\" \/><\/figure><\/li><li class=\"blocks-gallery-item\"><figure><img loading=\"lazy\" width=\"1024\" height=\"498\" src=\"https:\/\/www.uta.cl\/wp-content\/uploads\/2020\/08\/PHOTO-2020-07-29-13-26-08_2-1024x498.jpg\" alt=\"\" data-id=\"25573\" data-full-url=\"https:\/\/www.uta.cl\/wp-content\/uploads\/2020\/08\/PHOTO-2020-07-29-13-26-08_2.jpg\" data-link=\"https:\/\/www.uta.cl\/?attachment_id=25573\" class=\"wp-image-25573\" srcset=\"https:\/\/www.uta.cl\/wp-content\/uploads\/2020\/08\/PHOTO-2020-07-29-13-26-08_2-1024x498.jpg 1024w, https:\/\/www.uta.cl\/wp-content\/uploads\/2020\/08\/PHOTO-2020-07-29-13-26-08_2-300x146.jpg 300w, https:\/\/www.uta.cl\/wp-content\/uploads\/2020\/08\/PHOTO-2020-07-29-13-26-08_2-768x374.jpg 768w, https:\/\/www.uta.cl\/wp-content\/uploads\/2020\/08\/PHOTO-2020-07-29-13-26-08_2.jpg 1280w\" sizes=\"(max-width: 1024px) 100vw, 1024px\" \/><\/figure><\/li><li class=\"blocks-gallery-item\"><figure><img loading=\"lazy\" width=\"1024\" height=\"594\" src=\"https:\/\/www.uta.cl\/wp-content\/uploads\/2020\/08\/PHOTO-2020-07-29-13-26-08_1-1024x594.jpg\" alt=\"\" data-id=\"25572\" data-full-url=\"https:\/\/www.uta.cl\/wp-content\/uploads\/2020\/08\/PHOTO-2020-07-29-13-26-08_1.jpg\" data-link=\"https:\/\/www.uta.cl\/?attachment_id=25572\" class=\"wp-image-25572\" srcset=\"https:\/\/www.uta.cl\/wp-content\/uploads\/2020\/08\/PHOTO-2020-07-29-13-26-08_1-1024x594.jpg 1024w, https:\/\/www.uta.cl\/wp-content\/uploads\/2020\/08\/PHOTO-2020-07-29-13-26-08_1-300x174.jpg 300w, https:\/\/www.uta.cl\/wp-content\/uploads\/2020\/08\/PHOTO-2020-07-29-13-26-08_1-768x445.jpg 768w, https:\/\/www.uta.cl\/wp-content\/uploads\/2020\/08\/PHOTO-2020-07-29-13-26-08_1.jpg 1280w\" sizes=\"(max-width: 1024px) 100vw, 1024px\" \/><\/figure><\/li><\/ul><\/figure>\n","protected":false},"excerpt":{"rendered":"<p>Los nuevos estudiantes fueron recibidos virtualmente por los acad\u00e9micos, funcionarios, representantes de los centros de alumnos e invitados especiales que conforman esta gran familia de mec\u00e1nica.<\/p>\n","protected":false},"author":1,"featured_media":25577,"comment_status":"open","ping_status":"open","sticky":false,"template":"","format":"standard","meta":[],"categories":[37],"tags":[],"_links":{"self":[{"href":"https:\/\/www.uta.cl\/index.php\/wp-json\/wp\/v2\/posts\/25571"}],"collection":[{"href":"https:\/\/www.uta.cl\/index.php\/wp-json\/wp\/v2\/posts"}],"about":[{"href":"https:\/\/www.uta.cl\/index.php\/wp-json\/wp\/v2\/types\/post"}],"author":[{"embeddable":true,"href":"https:\/\/www.uta.cl\/index.php\/wp-json\/wp\/v2\/users\/1"}],"replies":[{"embeddable":true,"href":"https:\/\/www.uta.cl\/index.php\/wp-json\/wp\/v2\/comments?post=25571"}],"version-history":[{"count":1,"href":"https:\/\/www.uta.cl\/index.php\/wp-json\/wp\/v2\/posts\/25571\/revisions"}],"predecessor-version":[{"id":25578,"href":"https:\/\/www.uta.cl\/index.php\/wp-json\/wp\/v2\/posts\/25571\/revisions\/25578"}],"wp:featuredmedia":[{"embeddable":true,"href":"https:\/\/www.uta.cl\/index.php\/wp-json\/wp\/v2\/media\/25577"}],"wp:attachment":[{"href":"https:\/\/www.uta.cl\/index.php\/wp-json\/wp\/v2\/media?parent=25571"}],"wp:term":[{"taxonomy":"category","embeddable":true,"href":"https:\/\/www.uta.cl\/index.php\/wp-json\/wp\/v2\/categories?post=25571"},{"taxonomy":"post_tag","embeddable":true,"href":"https:\/\/www.uta.cl\/index.php\/wp-json\/wp\/v2\/tags?post=25571"}],"curies":[{"name":"wp","href":"https:\/\/api.w.org\/{rel}","templated":true}]}}