{"id":25175,"date":"2020-07-15T20:32:25","date_gmt":"2020-07-15T20:32:25","guid":{"rendered":"https:\/\/www.uta.cl\/?p=25175"},"modified":"2020-07-15T20:32:29","modified_gmt":"2020-07-15T20:32:29","slug":"jornada-de-feedback-para-secretarias-en-acreditacion-de-compras-publicas","status":"publish","type":"post","link":"https:\/\/www.uta.cl\/index.php\/2020\/07\/15\/jornada-de-feedback-para-secretarias-en-acreditacion-de-compras-publicas\/","title":{"rendered":"Jornada de feedback para Secretarias en Acreditaci\u00f3n de Compras P\u00fablicas"},"content":{"rendered":"\n<p>La Direcci\u00f3n de Administraci\u00f3n y Finanzas de la Universidad de Tarapac\u00e1, organiz\u00f3 a trav\u00e9s de la Unidad de Adquisiciones, una reuni\u00f3n de retroalimentaci\u00f3n para el <em><strong>Segundo Proceso de Acreditaci\u00f3n en Compras P\u00fablicas<\/strong><\/em> dirigido al estamento de Secretarias, quienes deber\u00e1n rendir la prueba de acreditaci\u00f3n en el mes de agosto.<\/p>\n\n\n\n<figure class=\"wp-block-image size-large\"><img loading=\"lazy\" width=\"681\" height=\"383\" src=\"https:\/\/www.uta.cl\/wp-content\/uploads\/2020\/07\/2-6.jpg\" alt=\"\" class=\"wp-image-25177\" srcset=\"https:\/\/www.uta.cl\/wp-content\/uploads\/2020\/07\/2-6.jpg 681w, https:\/\/www.uta.cl\/wp-content\/uploads\/2020\/07\/2-6-300x169.jpg 300w\" sizes=\"(max-width: 681px) 100vw, 681px\" \/><\/figure>\n\n\n\n<p>La actividad se desarroll\u00f3 el jueves 25 de junio, donde participaron las funcionarias que se deben acreditar, en especial, aquellas incluidas en las 58 personas que no obtuvieron el puntaje m\u00ednimo de aprobaci\u00f3n en la prueba anterior.<\/p>\n\n\n\n<p>Esta iniciativa que forma parte de un conjunto de otras actividades de acompa\u00f1amiento, cont\u00f3 con el apoyo de cinco secretarias ya acreditadas, quienes contaron su experiencia en el Proceso de Acreditaci\u00f3n anterior, explicando la metodolog\u00eda de los cursos, formas de evaluaci\u00f3n, tips para estudiar y organizarse y preparaci\u00f3n general para rendir la prueba.<\/p>\n\n\n\n<p>En este contexto, la Direcci\u00f3n de Administraci\u00f3n y Finanzas agradece el apoyo de las funcionarias Dayana Far\u00edas y Paola Varas de la Direcci\u00f3n Geneneral de Sede y a Eliana Correa, Paola Godoy y Liliana D\u00edaz de la Casa Central, quienes dieron a conocer su experiencia personal.<\/p>\n\n\n\n<figure class=\"wp-block-image size-large\"><img loading=\"lazy\" width=\"673\" height=\"399\" src=\"https:\/\/www.uta.cl\/wp-content\/uploads\/2020\/07\/1-9.jpg\" alt=\"\" class=\"wp-image-25176\" srcset=\"https:\/\/www.uta.cl\/wp-content\/uploads\/2020\/07\/1-9.jpg 673w, https:\/\/www.uta.cl\/wp-content\/uploads\/2020\/07\/1-9-300x178.jpg 300w\" sizes=\"(max-width: 673px) 100vw, 673px\" \/><\/figure>\n","protected":false},"excerpt":{"rendered":"<p>La Direcci\u00f3n de Administraci\u00f3n y Finanzas de la Universidad de Tarapac\u00e1, organiz\u00f3 a trav\u00e9s de la Unidad de Adquisiciones, una reuni\u00f3n de retroalimentaci\u00f3n para el Segundo Proceso de Acreditaci\u00f3n en Compras P\u00fablicas dirigido al estamento de Secretarias, quienes deber\u00e1n rendir la prueba de acreditaci\u00f3n en el mes de agosto. La actividad se desarroll\u00f3 el jueves [&hellip;]<\/p>\n","protected":false},"author":1,"featured_media":25176,"comment_status":"open","ping_status":"open","sticky":false,"template":"","format":"standard","meta":[],"categories":[51],"tags":[],"_links":{"self":[{"href":"https:\/\/www.uta.cl\/index.php\/wp-json\/wp\/v2\/posts\/25175"}],"collection":[{"href":"https:\/\/www.uta.cl\/index.php\/wp-json\/wp\/v2\/posts"}],"about":[{"href":"https:\/\/www.uta.cl\/index.php\/wp-json\/wp\/v2\/types\/post"}],"author":[{"embeddable":true,"href":"https:\/\/www.uta.cl\/index.php\/wp-json\/wp\/v2\/users\/1"}],"replies":[{"embeddable":true,"href":"https:\/\/www.uta.cl\/index.php\/wp-json\/wp\/v2\/comments?post=25175"}],"version-history":[{"count":1,"href":"https:\/\/www.uta.cl\/index.php\/wp-json\/wp\/v2\/posts\/25175\/revisions"}],"predecessor-version":[{"id":25178,"href":"https:\/\/www.uta.cl\/index.php\/wp-json\/wp\/v2\/posts\/25175\/revisions\/25178"}],"wp:featuredmedia":[{"embeddable":true,"href":"https:\/\/www.uta.cl\/index.php\/wp-json\/wp\/v2\/media\/25176"}],"wp:attachment":[{"href":"https:\/\/www.uta.cl\/index.php\/wp-json\/wp\/v2\/media?parent=25175"}],"wp:term":[{"taxonomy":"category","embeddable":true,"href":"https:\/\/www.uta.cl\/index.php\/wp-json\/wp\/v2\/categories?post=25175"},{"taxonomy":"post_tag","embeddable":true,"href":"https:\/\/www.uta.cl\/index.php\/wp-json\/wp\/v2\/tags?post=25175"}],"curies":[{"name":"wp","href":"https:\/\/api.w.org\/{rel}","templated":true}]}}