{"id":24455,"date":"2020-06-04T22:44:02","date_gmt":"2020-06-04T22:44:02","guid":{"rendered":"https:\/\/www.uta.cl\/?p=24455"},"modified":"2020-06-10T16:04:47","modified_gmt":"2020-06-10T16:04:47","slug":"directora-general-de-sede-iquique-participa-como-invitada-en-programa-de-television-del-gobierno-regional-de-tarapaca","status":"publish","type":"post","link":"https:\/\/www.uta.cl\/index.php\/2020\/06\/04\/directora-general-de-sede-iquique-participa-como-invitada-en-programa-de-television-del-gobierno-regional-de-tarapaca\/","title":{"rendered":"Directora General de Sede Iquique participa como invitada en programa de televisi\u00f3n del Gobierno Regional de Tarapac\u00e1"},"content":{"rendered":"\n<p>En todos los pa\u00edses del mundo han aumentado las cifras de violencia hacia la mujer debido a los estados de confinamiento por la pandemia por COVID 19. El Senado, al igual que distintos municipios de Chile, han expresado preocupaci\u00f3n por los aumentos de las cifras de actos constitutivos de violencia intrafamiliar en el contexto de la crisis sanitaria que vive el pa\u00eds.<\/p>\n\n\n\n<figure class=\"wp-block-image size-large\"><img loading=\"lazy\" width=\"1000\" height=\"533\" src=\"https:\/\/www.uta.cl\/wp-content\/uploads\/2020\/06\/base-2.jpg\" alt=\"\" class=\"wp-image-24456\" srcset=\"https:\/\/www.uta.cl\/wp-content\/uploads\/2020\/06\/base-2.jpg 1000w, https:\/\/www.uta.cl\/wp-content\/uploads\/2020\/06\/base-2-300x160.jpg 300w, https:\/\/www.uta.cl\/wp-content\/uploads\/2020\/06\/base-2-768x409.jpg 768w\" sizes=\"(max-width: 1000px) 100vw, 1000px\" \/><\/figure>\n\n\n\n<p>Por ello, y asumiendo el rol estatal de la Universidad de Tarapac\u00e1, la Dra. Yasna Godoy Henr\u00edquez, asisti\u00f3 al programa \u201c#Qu\u00e9dateEnCasa\u201d, que emite el Gobierno Regional de Tarapac\u00e1 por sus redes sociales, para informar respecto a lo regulado en la ley N\u00ba 20.066 que establece los actos de violencia intrafamiliar; el objetivo de la norma como el prevenir, sancionar y erradicar dichos actos, adem\u00e1s de otorgar seguridad y protecci\u00f3n a las v\u00edctimas y su entorno familiar.<\/p>\n\n\n\n<p>En su presentaci\u00f3n, la acad\u00e9mica expuso a modo de introducci\u00f3n que, en el art\u00edculo quinto de dicha ley, define que la violencia intrafamiliar es todo maltrato que afecte la vida o la integridad f\u00edsica o ps\u00edquica de quien tenga o haya tenido la calidad de c\u00f3nyuge del ofensor o una relaci\u00f3n de convivencia con \u00e9l; o sea pariente por consanguinidad o por afinidad en toda la l\u00ednea recta o en la colateral hasta el tercer grado inclusive, del ofensor o de su c\u00f3nyuge o de su actual conviviente.<\/p>\n\n\n\n<p>\u201cLa forma de iniciar las causas es a trav\u00e9s de una demanda o denuncia. Es fundamental que se ratifique la denuncia por la v\u00edctima\u201d. En caso contrario, es muy posible que no se pueda continuar un camino de judicializaci\u00f3n del proceso. En cuanto a las competencias de los tribunales de justicia, los Tribunales de Familia son competentes cuando existe actos que atenten contra la integridad psicol\u00f3gica o que no existe habitualidad de dicho maltrato. De igual forma, los Tribunales de Garant\u00eda son competentes cuando existen actos que revisten la calidad de delitos o bien habitualidad en la agresi\u00f3n psicologica. La amenaza, minimizaci\u00f3n o el amedrentamiento en el rol de mujer u hombre, son indicios\u201d, acot\u00f3 la Dra. Godoy.<\/p>\n\n\n\n<figure class=\"wp-block-image size-large\"><img loading=\"lazy\" width=\"1024\" height=\"576\" src=\"https:\/\/www.uta.cl\/wp-content\/uploads\/2020\/06\/WhatsApp-Image-2020-05-20-at-16.58.59-1-1024x576.jpeg\" alt=\"\" class=\"wp-image-24457\" srcset=\"https:\/\/www.uta.cl\/wp-content\/uploads\/2020\/06\/WhatsApp-Image-2020-05-20-at-16.58.59-1-1024x576.jpeg 1024w, https:\/\/www.uta.cl\/wp-content\/uploads\/2020\/06\/WhatsApp-Image-2020-05-20-at-16.58.59-1-300x169.jpeg 300w, https:\/\/www.uta.cl\/wp-content\/uploads\/2020\/06\/WhatsApp-Image-2020-05-20-at-16.58.59-1-768x432.jpeg 768w, https:\/\/www.uta.cl\/wp-content\/uploads\/2020\/06\/WhatsApp-Image-2020-05-20-at-16.58.59-1.jpeg 1280w\" sizes=\"(max-width: 1024px) 100vw, 1024px\" \/><\/figure>\n\n\n\n<p>Agreg\u00f3 que \u201clas denuncias deben ser principalmente interpuestas por las v\u00edctimas, pero la ley establece que cualquier persona que tome conocimiento de hechos que sean constitutivos de violencia intrafamiliar puede y debe denunciar, pero no tiene la misma fuerza, si posteriormente la v\u00edctima no ratifica\u201d, destac\u00f3 la Dra. Yasna Gogoy.<\/p>\n\n\n\n<p><strong>Centro de Atenci\u00f3n Jur\u00eddica de la Universidad de Tarapac\u00e1<\/strong><\/p>\n\n\n\n<p>En este mismo contexto cabe recordar que el Centro de Atenci\u00f3n Jur\u00eddica, dependiente de la Universidad de Tarapac\u00e1 es un modelo que nace como \u00fanico en el pa\u00eds, al tener un convenio vigente con la Corporaci\u00f3n de Asistencia Judicial de la Regi\u00f3n de Tarapac\u00e1 y Antofagasta, orientado a atender a personas carenciadas econ\u00f3micamente, que no cuentan con los recursos para contratar los servicios de un abogado particular. Se tramitan especialmente materias de Familia en las comunas de Iquique y Alto Hospicio.<\/p>\n\n\n\n<ul><li>Tel\u00e9fono +569 3767 5029<\/li><li>Consultas al mail fwelsch@uta.cl \/ cajiqq@uta.cl<\/li><\/ul>\n\n\n\n<p><strong>CONTEXTO NACIONAL<\/strong><\/p>\n\n\n\n<p>Desde que inici\u00f3 el 18 de marzo del a\u00f1o en curso, la Declaraci\u00f3n Estado de Excepci\u00f3n Constitucional de Cat\u00e1strofe por Calamidad P\u00fablica, en el Territorio de Chile, por 90 d\u00edas, se han reforzado la atenci\u00f3n de l\u00edneas telef\u00f3nicas para orientaci\u00f3n y denuncias, medidas que han implementado el Ministerio de la Mujer y Equidad de G\u00e9nero, la Fiscal\u00eda, Carabineros y PDI, en el contexto de las cuarentenas en distintas comunas del pa\u00eds.<\/p>\n\n\n\n<figure class=\"wp-block-image size-large\"><img loading=\"lazy\" width=\"1024\" height=\"576\" src=\"https:\/\/www.uta.cl\/wp-content\/uploads\/2020\/06\/WhatsApp-Image-2020-05-20-at-16.58.59-1024x576.jpeg\" alt=\"\" class=\"wp-image-24458\" srcset=\"https:\/\/www.uta.cl\/wp-content\/uploads\/2020\/06\/WhatsApp-Image-2020-05-20-at-16.58.59-1024x576.jpeg 1024w, https:\/\/www.uta.cl\/wp-content\/uploads\/2020\/06\/WhatsApp-Image-2020-05-20-at-16.58.59-300x169.jpeg 300w, https:\/\/www.uta.cl\/wp-content\/uploads\/2020\/06\/WhatsApp-Image-2020-05-20-at-16.58.59-768x432.jpeg 768w, https:\/\/www.uta.cl\/wp-content\/uploads\/2020\/06\/WhatsApp-Image-2020-05-20-at-16.58.59.jpeg 1280w\" sizes=\"(max-width: 1024px) 100vw, 1024px\" \/><\/figure>\n\n\n\n<p><strong>Cifras oficiales<\/strong><\/p>\n\n\n\n<p>Carabineros durante marzo inform\u00f3 un aumento de las llamadas al n\u00famero 149 de 1.698 denuncias nacionales, aumentando un 20% comparado con marzo del a\u00f1o pasado.<\/p>\n\n\n\n<p>1455 es el n\u00famero de orientaci\u00f3n del Ministerio de la mujer y Equidad de G\u00e9nero que reporta un 70% de aumentos en las llamadas, concentr\u00e1ndose en los fines de semana con mayor n\u00famero de registros.<\/p>\n\n\n\n<p><strong>CONTACTOS Y REDES DE APOYO<\/strong><\/p>\n\n\n\n<p><strong>L\u00ednea 149 de Carabineros de Chile.<\/strong><\/p>\n\n\n\n<p><strong>Ministerio de la Mujer y Equidad de G\u00e9nero<\/strong><\/p>\n\n\n\n<ul><li>Orientaci\u00f3n al 800 104 008<\/li><li>WhatsApp Mujer +569 9700 7000 (24 horas. 7d\u00edas de la semana)<\/li><li>Chat Web 1455 (herramienta de comunicaci\u00f3n silenciosa que busca ser una alternativa para aquellas mujeres que por peligro no puedan hacer una llamada telef\u00f3nica)<\/li><\/ul>\n\n\n\n<p>En el siguiente enlace: <a href=\"https:\/\/www.sernameg.gob.cl\/?page_id=31155\">https:\/\/www.sernameg.gob.cl\/?page_id=31155<\/a><\/p>\n\n\n\n<p>Redes Sociales, mensaje directos en:<\/p>\n\n\n\n<ul><li>Facebook:&nbsp;<a href=\"https:\/\/www.facebook.com\/MinMujeryEG\/\">MinMujeryEG<\/a><\/li><li>Twitter:&nbsp;<a href=\"https:\/\/twitter.com\/MinMujeryEG\">@MinMujeryEG<\/a><\/li><li>Instagram:&nbsp;<a href=\"https:\/\/www.instagram.com\/minmujeryeg\/?hl=es-la\">@MinMujeryEG<\/a><\/li><\/ul>\n","protected":false},"excerpt":{"rendered":"<p>Para abordar la violencia intrafamiliar, la Dra. Yasna Godoy Henr\u00edquez, abogada y especializada en temas de familias, orient\u00f3 y respondi\u00f3 inquietudes de los espectadores del programa en vivo.<\/p>\n","protected":false},"author":1,"featured_media":24456,"comment_status":"open","ping_status":"open","sticky":false,"template":"","format":"standard","meta":[],"categories":[64,42,51],"tags":[],"_links":{"self":[{"href":"https:\/\/www.uta.cl\/index.php\/wp-json\/wp\/v2\/posts\/24455"}],"collection":[{"href":"https:\/\/www.uta.cl\/index.php\/wp-json\/wp\/v2\/posts"}],"about":[{"href":"https:\/\/www.uta.cl\/index.php\/wp-json\/wp\/v2\/types\/post"}],"author":[{"embeddable":true,"href":"https:\/\/www.uta.cl\/index.php\/wp-json\/wp\/v2\/users\/1"}],"replies":[{"embeddable":true,"href":"https:\/\/www.uta.cl\/index.php\/wp-json\/wp\/v2\/comments?post=24455"}],"version-history":[{"count":1,"href":"https:\/\/www.uta.cl\/index.php\/wp-json\/wp\/v2\/posts\/24455\/revisions"}],"predecessor-version":[{"id":24459,"href":"https:\/\/www.uta.cl\/index.php\/wp-json\/wp\/v2\/posts\/24455\/revisions\/24459"}],"wp:featuredmedia":[{"embeddable":true,"href":"https:\/\/www.uta.cl\/index.php\/wp-json\/wp\/v2\/media\/24456"}],"wp:attachment":[{"href":"https:\/\/www.uta.cl\/index.php\/wp-json\/wp\/v2\/media?parent=24455"}],"wp:term":[{"taxonomy":"category","embeddable":true,"href":"https:\/\/www.uta.cl\/index.php\/wp-json\/wp\/v2\/categories?post=24455"},{"taxonomy":"post_tag","embeddable":true,"href":"https:\/\/www.uta.cl\/index.php\/wp-json\/wp\/v2\/tags?post=24455"}],"curies":[{"name":"wp","href":"https:\/\/api.w.org\/{rel}","templated":true}]}}