{"id":24419,"date":"2020-06-03T20:10:17","date_gmt":"2020-06-03T20:10:17","guid":{"rendered":"https:\/\/www.uta.cl\/?p=24419"},"modified":"2020-06-03T20:10:19","modified_gmt":"2020-06-03T20:10:19","slug":"talleres-de-desarrollo-competencias-transversales-en-tiempos-de-pandemia","status":"publish","type":"post","link":"https:\/\/www.uta.cl\/index.php\/2020\/06\/03\/talleres-de-desarrollo-competencias-transversales-en-tiempos-de-pandemia\/","title":{"rendered":"Talleres de desarrollo: Competencias Transversales en tiempos de pandemia"},"content":{"rendered":"\n<p>Con una serie de actividades estudiantes de la Universidad de Tarapac\u00e1 se encuentran participando de los talleres de Desarrollo de Competencias Transversales que lleva a cabo el \u00c1rea Formaci\u00f3n Integral de la DIDO, que producto de la contingencia sanitaria se realizan 100% online.<\/p>\n\n\n\n<figure class=\"wp-block-image size-large\"><a href=\"https:\/\/www.uta.cl\/wp-content\/uploads\/2020\/06\/e80f22d3-2b15-4c68-8d9a-9daadcb01d02.jpg\"><img loading=\"lazy\" width=\"1024\" height=\"521\" src=\"https:\/\/www.uta.cl\/wp-content\/uploads\/2020\/06\/e80f22d3-2b15-4c68-8d9a-9daadcb01d02-1024x521.jpg\" alt=\"\" class=\"wp-image-24420\" srcset=\"https:\/\/www.uta.cl\/wp-content\/uploads\/2020\/06\/e80f22d3-2b15-4c68-8d9a-9daadcb01d02-1024x521.jpg 1024w, https:\/\/www.uta.cl\/wp-content\/uploads\/2020\/06\/e80f22d3-2b15-4c68-8d9a-9daadcb01d02-300x153.jpg 300w, https:\/\/www.uta.cl\/wp-content\/uploads\/2020\/06\/e80f22d3-2b15-4c68-8d9a-9daadcb01d02-768x391.jpg 768w, https:\/\/www.uta.cl\/wp-content\/uploads\/2020\/06\/e80f22d3-2b15-4c68-8d9a-9daadcb01d02.jpg 1280w\" sizes=\"(max-width: 1024px) 100vw, 1024px\" \/><\/a><\/figure>\n\n\n\n<p>El trabajo desarrollado por los profesionales AFI, ha tenido muy buena acogida y una masiva asistencia de estudiantes, quienes si bien al inicio se presentan reticentes por lo que implica participar de un taller no presencial, al correr las actividades pueden evidenciar la necesidad de contar con este tipo de espacios que -seg\u00fan su propio relato- es de mucha ayuda y son un factor de vital importancia, no solo para su desarrollo personal y profesional, sino que adem\u00e1s para enfrentar de mejor manera la emergencia sanitaria que vive el mundo y la modalidad de clases online.<\/p>\n\n\n\n<p>Al respecto y para entregar evaluaciones del trabajo realizado, la coordinadora del \u00c1rea de Formaci\u00f3n Integral (AFI) Alison Rojas Madariaga, relat\u00f3 que los talleres en este primer semestre, dada la crisis sanitaria actual,&nbsp;se han realizado todos en modalidad online a trav\u00e9s de la plataforma Zoom y en ese sentido, dadas las necesidades actuales de los estudiantes, se dise\u00f1aron e incorporaron nuevos talleres a la oferta program\u00e1tica del \u00c1rea de Formaci\u00f3n integral (AFI, ex \u00c1rea de Apoyo al estudiante). \u201cJustamente los m\u00e1s solicitados este a\u00f1o tienen relaci\u00f3n con el \u00e1rea de la salud mental (manejo del estr\u00e9s, la ansiedad, y c\u00f3mo enfrentar un proceso de formaci\u00f3n online)\u201d, expres\u00f3.<\/p>\n\n\n\n<p>En torno al trabajo articulado con las Jefaturas de Carrera, la coordinadora explic\u00f3 que es importante aclarar que el \u00c1rea de Formaci\u00f3n Integral nace de la uni\u00f3n del \u00c1rea de Apoyo al Estudiante y el PACE AES, por lo cual hoy en d\u00eda la Direcci\u00f3n de Docencia cuenta con 10 profesionales abocados completamente a la generaci\u00f3n, ejecuci\u00f3n y seguimiento de acciones en pos del estudiante. \u201cEl capital humano ha permitido contar con un profesional AFI por cada una de las facultades existentes en la universidad, quienes trabajan de manera articulada con las jefaturas de carrera. Hoy en d\u00eda, la mayor parte de los jefes de carrera conoce y se ha involucrado en los programas que como \u00e1rea desarrollamos\u201d, afirm\u00f3.<\/p>\n\n\n\n<figure class=\"wp-block-image size-large\"><a href=\"https:\/\/www.uta.cl\/wp-content\/uploads\/2020\/06\/f61cb894-f32a-4f07-8a51-4f2e44c98aa2.jpg\"><img loading=\"lazy\" width=\"1024\" height=\"537\" src=\"https:\/\/www.uta.cl\/wp-content\/uploads\/2020\/06\/f61cb894-f32a-4f07-8a51-4f2e44c98aa2-1024x537.jpg\" alt=\"\" class=\"wp-image-24421\" srcset=\"https:\/\/www.uta.cl\/wp-content\/uploads\/2020\/06\/f61cb894-f32a-4f07-8a51-4f2e44c98aa2-1024x537.jpg 1024w, https:\/\/www.uta.cl\/wp-content\/uploads\/2020\/06\/f61cb894-f32a-4f07-8a51-4f2e44c98aa2-300x157.jpg 300w, https:\/\/www.uta.cl\/wp-content\/uploads\/2020\/06\/f61cb894-f32a-4f07-8a51-4f2e44c98aa2-768x403.jpg 768w, https:\/\/www.uta.cl\/wp-content\/uploads\/2020\/06\/f61cb894-f32a-4f07-8a51-4f2e44c98aa2.jpg 1280w\" sizes=\"(max-width: 1024px) 100vw, 1024px\" \/><\/a><\/figure>\n\n\n\n<p>Finalmente, y en relaci\u00f3n a las expectativas del desarrollo de las labores del \u00e1rea, Rojas Madariaga argument\u00f3 que el escenario actual ha sido un desaf\u00edo para el \u00c1rea de Formaci\u00f3n Integral (AFI), puesto que todos los apoyos que se implementaban a la fecha de manera presencial se tuvieron que ajustar a modalidad online y por otra parte, las nuevas necesidades llevaron a la creaci\u00f3n de nuevos apoyos, psicoafectivos y acad\u00e9micos, y a un seguimiento m\u00e1s acucioso de los estudiantes en su proceso de formaci\u00f3n, atendiendo activamente sus requerimientos, desde problemas de conectividad, consultas de todo tipo, a trav\u00e9s de nuestras redes sociales, hasta la derivaci\u00f3n a atenci\u00f3n en salud mental por situaciones espec\u00edficas en sus hogares. \u201cHa significado mucho m\u00e1s trabajo de lo habitual, pero al mismo tiempo, ha sido una oportunidad de crecimiento como \u00e1rea y como Direcci\u00f3n de Docencia. Adem\u00e1s, estas acciones hoy en d\u00eda han permitido un trabajo m\u00e1s articulado entre Arica e Iquique, por lo cual, existen expectativas positivas para lo que resta del semestre en lo que respecta a nuestra labor\u201d, concluy\u00f3.<\/p>\n\n\n\n<p>Para cerrar, es importante mencionar que el compendio de talleres que ofrecemos, esta oficializado, fue presentado y enviado a las Jefaturas de Carrera, a quienes invitamos a solicitarlos para sus estudiantes a trav\u00e9s del profesional AFI encargado de su Facultad.<\/p>\n","protected":false},"excerpt":{"rendered":"<p>Acciones de apoyo son ejecutadas por el \u00c1rea de Formaci\u00f3n Integral (AFI) de la Direcci\u00f3n de Docencia de la Universidad de Tarapac\u00e1.<\/p>\n","protected":false},"author":1,"featured_media":24420,"comment_status":"open","ping_status":"open","sticky":false,"template":"","format":"standard","meta":[],"categories":[48],"tags":[],"_links":{"self":[{"href":"https:\/\/www.uta.cl\/index.php\/wp-json\/wp\/v2\/posts\/24419"}],"collection":[{"href":"https:\/\/www.uta.cl\/index.php\/wp-json\/wp\/v2\/posts"}],"about":[{"href":"https:\/\/www.uta.cl\/index.php\/wp-json\/wp\/v2\/types\/post"}],"author":[{"embeddable":true,"href":"https:\/\/www.uta.cl\/index.php\/wp-json\/wp\/v2\/users\/1"}],"replies":[{"embeddable":true,"href":"https:\/\/www.uta.cl\/index.php\/wp-json\/wp\/v2\/comments?post=24419"}],"version-history":[{"count":1,"href":"https:\/\/www.uta.cl\/index.php\/wp-json\/wp\/v2\/posts\/24419\/revisions"}],"predecessor-version":[{"id":24422,"href":"https:\/\/www.uta.cl\/index.php\/wp-json\/wp\/v2\/posts\/24419\/revisions\/24422"}],"wp:featuredmedia":[{"embeddable":true,"href":"https:\/\/www.uta.cl\/index.php\/wp-json\/wp\/v2\/media\/24420"}],"wp:attachment":[{"href":"https:\/\/www.uta.cl\/index.php\/wp-json\/wp\/v2\/media?parent=24419"}],"wp:term":[{"taxonomy":"category","embeddable":true,"href":"https:\/\/www.uta.cl\/index.php\/wp-json\/wp\/v2\/categories?post=24419"},{"taxonomy":"post_tag","embeddable":true,"href":"https:\/\/www.uta.cl\/index.php\/wp-json\/wp\/v2\/tags?post=24419"}],"curies":[{"name":"wp","href":"https:\/\/api.w.org\/{rel}","templated":true}]}}