{"id":24414,"date":"2020-06-03T19:18:19","date_gmt":"2020-06-03T19:18:19","guid":{"rendered":"https:\/\/www.uta.cl\/?p=24414"},"modified":"2020-06-03T19:18:23","modified_gmt":"2020-06-03T19:18:23","slug":"oracle-invita-a-participar-en-importante-webinar-internacional-sobre-equidad-universitaria-en-tiempos-de-pandemia","status":"publish","type":"post","link":"https:\/\/www.uta.cl\/index.php\/2020\/06\/03\/oracle-invita-a-participar-en-importante-webinar-internacional-sobre-equidad-universitaria-en-tiempos-de-pandemia\/","title":{"rendered":"ORACLE invita a participar en importante webinar internacional sobre equidad universitaria en tiempos de pandemia"},"content":{"rendered":"\n<p>Con la finalidad de analizar y discutir las afectaciones y estrategias que las diferentes universidades est\u00e1n adoptando para asegurar la equidad ante la situaci\u00f3n de confinamiento y pandemia que nos toca vivir en la actualidad, este viernes 12 de junio, a las 11:00 horas de Chile, se transmitir\u00e1 el primer webinar internacional <em><strong>\u201cEquidad Universitaria en tiempos de pandemia: Acciones y propuestas\u201d<\/strong><\/em>, actividad organizada por el Observatorio Regional para la Calidad de la Equidad en la Educaci\u00f3n Superior, ORACLE.<\/p>\n\n\n\n<p>En este contexto, la Universidad de Tarapac\u00e1, a trav\u00e9s del Observatorio Institucional de Equidad (OIE), formar\u00e1 parte de esta actividad con la participaci\u00f3n de la Vicerrectora de Desarrollo Estrat\u00e9gico, Dra. Jenniffer Peralta Montecinos, quien invit\u00f3 a participar de esta actividad donde se podr\u00e1n conocer las experiencias de universidades nacionales e internacionales, para promover actuaciones orientadas a compensar las grandes desigualdades que la pandemia est\u00e1 generando entre el alumnado, el profesorado y el personal de gesti\u00f3n y administraci\u00f3n de las universidades de la Regi\u00f3n.<\/p>\n\n\n\n<p>La conferencia v\u00eda web contar\u00e1 adem\u00e1s con destacados internacionales como: Juan Bosco Bernal, de la Universidad Especializada de las Am\u00e9ricas Panam\u00e1; Rosa M\u00aa Tafur de la Pontificia Universidad Cat\u00f3lica del Per\u00fa; Ana M\u00aa de Alburquerque de la Universidad de Brasilia, Brasil; Lupe Palmeros de la Universidad Ju\u00e1rez A. de Tabasco, M\u00e9xico; Joaqu\u00edn Gair\u00edn de la Universitat Aut\u00f3noma de Barcelona, Espa\u00f1a, y de la participaci\u00f3n de la moderadora Nicolasa Terreros de ORACLE Sede Panam\u00e1.<\/p>\n\n\n\n<p>Quienes quieran participar de este importante encuentro, deben ingresar al siguiente enlace:<\/p>\n\n\n\n<p><a href=\"https:\/\/docs.google.com\/forms\/d\/e\/1FAIpQLSdarLqOnao017fbAZhsDE0CCuzsveox4uO8pbCmaW1z-Hxu9w\/viewform?usp=sf_link\">https:\/\/docs.google.com\/forms\/d\/e\/1FAIpQLSdarLqOnao017fbAZhsDE0CCuzsveox4uO8pbCmaW1z-Hxu9w\/viewform?usp=sf_link<\/a><\/p>\n\n\n\n<figure class=\"wp-block-image size-large\"><a href=\"https:\/\/www.uta.cl\/wp-content\/uploads\/2020\/06\/Webinar-ORACLE-junio-12.png\"><img loading=\"lazy\" width=\"724\" height=\"1024\" src=\"https:\/\/www.uta.cl\/wp-content\/uploads\/2020\/06\/Webinar-ORACLE-junio-12-724x1024.png\" alt=\"\" class=\"wp-image-24415\" srcset=\"https:\/\/www.uta.cl\/wp-content\/uploads\/2020\/06\/Webinar-ORACLE-junio-12-724x1024.png 724w, https:\/\/www.uta.cl\/wp-content\/uploads\/2020\/06\/Webinar-ORACLE-junio-12-212x300.png 212w, https:\/\/www.uta.cl\/wp-content\/uploads\/2020\/06\/Webinar-ORACLE-junio-12-768x1086.png 768w, https:\/\/www.uta.cl\/wp-content\/uploads\/2020\/06\/Webinar-ORACLE-junio-12-1086x1536.png 1086w, https:\/\/www.uta.cl\/wp-content\/uploads\/2020\/06\/Webinar-ORACLE-junio-12-1448x2048.png 1448w, https:\/\/www.uta.cl\/wp-content\/uploads\/2020\/06\/Webinar-ORACLE-junio-12.png 1587w\" sizes=\"(max-width: 724px) 100vw, 724px\" \/><\/a><\/figure>\n","protected":false},"excerpt":{"rendered":"<p>El Observatorio Institucional de Equidad de la Universidad de Tarapac\u00e1, estar\u00e1 representado por la Vicerrectora de Desarrollo Estrat\u00e9gico quien participar\u00e1 como panelista junto a expositores de pa\u00edses como Brasil, M\u00e9xico, Panam\u00e1, Per\u00fa y Espa\u00f1a.<\/p>\n","protected":false},"author":1,"featured_media":24415,"comment_status":"open","ping_status":"open","sticky":false,"template":"","format":"standard","meta":[],"categories":[64],"tags":[],"_links":{"self":[{"href":"https:\/\/www.uta.cl\/index.php\/wp-json\/wp\/v2\/posts\/24414"}],"collection":[{"href":"https:\/\/www.uta.cl\/index.php\/wp-json\/wp\/v2\/posts"}],"about":[{"href":"https:\/\/www.uta.cl\/index.php\/wp-json\/wp\/v2\/types\/post"}],"author":[{"embeddable":true,"href":"https:\/\/www.uta.cl\/index.php\/wp-json\/wp\/v2\/users\/1"}],"replies":[{"embeddable":true,"href":"https:\/\/www.uta.cl\/index.php\/wp-json\/wp\/v2\/comments?post=24414"}],"version-history":[{"count":1,"href":"https:\/\/www.uta.cl\/index.php\/wp-json\/wp\/v2\/posts\/24414\/revisions"}],"predecessor-version":[{"id":24416,"href":"https:\/\/www.uta.cl\/index.php\/wp-json\/wp\/v2\/posts\/24414\/revisions\/24416"}],"wp:featuredmedia":[{"embeddable":true,"href":"https:\/\/www.uta.cl\/index.php\/wp-json\/wp\/v2\/media\/24415"}],"wp:attachment":[{"href":"https:\/\/www.uta.cl\/index.php\/wp-json\/wp\/v2\/media?parent=24414"}],"wp:term":[{"taxonomy":"category","embeddable":true,"href":"https:\/\/www.uta.cl\/index.php\/wp-json\/wp\/v2\/categories?post=24414"},{"taxonomy":"post_tag","embeddable":true,"href":"https:\/\/www.uta.cl\/index.php\/wp-json\/wp\/v2\/tags?post=24414"}],"curies":[{"name":"wp","href":"https:\/\/api.w.org\/{rel}","templated":true}]}}