{"id":24405,"date":"2020-06-03T13:38:11","date_gmt":"2020-06-03T13:38:11","guid":{"rendered":"https:\/\/www.uta.cl\/?p=24405"},"modified":"2020-06-03T13:38:14","modified_gmt":"2020-06-03T13:38:14","slug":"par-explora-arica-y-parinacota-que-ejecuta-la-uta-ofrecera-charlas-cientificas-online","status":"publish","type":"post","link":"https:\/\/www.uta.cl\/index.php\/2020\/06\/03\/par-explora-arica-y-parinacota-que-ejecuta-la-uta-ofrecera-charlas-cientificas-online\/","title":{"rendered":"PAR Explora Arica y Parinacota que ejecuta la UTA ofrecer\u00e1 charlas cient\u00edficas online"},"content":{"rendered":"\n<p>Charlas para todo p\u00fablico, de diversas tem\u00e1ticas y en formato online son las que ofrece el Proyecto Asociativo Regional (PAR) Explora Arica y Parinacota del Ministerio de Ciencia, Tecnolog\u00eda, Conocimiento e Innovaci\u00f3n, que ejecuta la Universidad de Tarapac\u00e1.<\/p>\n\n\n\n<figure class=\"wp-block-image size-large\"><img loading=\"lazy\" width=\"1000\" height=\"750\" src=\"https:\/\/www.uta.cl\/wp-content\/uploads\/2020\/06\/IMG-20190704-WA0080.jpg\" alt=\"\" class=\"wp-image-24406\" srcset=\"https:\/\/www.uta.cl\/wp-content\/uploads\/2020\/06\/IMG-20190704-WA0080.jpg 1000w, https:\/\/www.uta.cl\/wp-content\/uploads\/2020\/06\/IMG-20190704-WA0080-300x225.jpg 300w, https:\/\/www.uta.cl\/wp-content\/uploads\/2020\/06\/IMG-20190704-WA0080-768x576.jpg 768w\" sizes=\"(max-width: 1000px) 100vw, 1000px\" \/><\/figure>\n\n\n\n<p>Se trata de la iniciativa 1000 cientific@s 1000 aulas, cuyo objetivo es fortalecer el v\u00ednculo entre investigadores\/as, divulgadores\/as y la sociedad, a trav\u00e9s de encuentros en formatos l\u00fadicos y participativos, promoviendo la socializaci\u00f3n y apropiaci\u00f3n del conocimiento. El ciclo se inicia este mes de junio, el martes 2 a las 19 horas con la exposici\u00f3n de la profesora de F\u00edsica, Paula Urrutia, quien hablar\u00e1 sobre la importancia de la ense\u00f1anza de las Ciencias Naturales.<\/p>\n\n\n\n<p>El martes 9 de junio ser\u00e1 el turno del acad\u00e9mico e investigador de la UTA, Pablo Valladares, quien conversar\u00e1 sobre los nuevos hallazgos de vertebrados en el norte, charla que se dar\u00e1 a las 15:30 horas.<\/p>\n\n\n\n<p>El jueves 11, el doctor en F\u00edsica, Miguel Roth invita a participar de \u201cMagallanes, el gigante mirando al universo\u201d a las 17:30 horas. charla que busca mostrar los telescopios gigantes que est\u00e1n revolucionando la Astronom\u00eda actual.&nbsp;<\/p>\n\n\n\n<p>David Ariaza, m\u00e1ster en Energ\u00edas Renovables y Eficiencia Energ\u00e9tica, expondr\u00e1 sobre el acercamiento a la educaci\u00f3n STEAM y algunas pr\u00e1cticas que se pueden realizar desde casa. Este conversatorio se desarrollar\u00e1 el martes 16 a las 19:30 horas.<\/p>\n\n\n\n<p>El 23 de junio, a las 11 de la ma\u00f1ana, la doctora en Astrof\u00edsica, Camila Navarrete hablar\u00e1 de f\u00f3siles en la V\u00eda L\u00e1ctea, conocido como Arqueolog\u00eda Gal\u00e1ctica.<\/p>\n\n\n\n<p>Finaliza el ciclo de junio la doctora en Ciencias Biol\u00f3gicas, Patricia Silva con la charla \u201cConociendo a los hongos y sus funciones ecol\u00f3gicas\u201d.<\/p>\n\n\n\n<p><strong>TRANSMISI\u00d3N<\/strong><\/p>\n\n\n\n<p>Las charlas se transmitir\u00e1n v\u00eda streaming en&nbsp;<a href=\"http:\/\/exploraxv.uta.cl\/explora\/1000c1000likes\/\" target=\"_blank\" rel=\"noreferrer noopener\"><u>http:\/\/exploraxv.uta.cl\/explora\/1000c1000likes\/<\/u><\/a><\/p>\n\n\n\n<p>\u201cNuevamente este a\u00f1o, los cient\u00edficos se han sumado al llamado a compartir sus investigaciones, por tanto, les invitamos a todos y todas, a conectarse el d\u00eda y hora de las charlas de su inter\u00e9s. Estamos construyendo entre todos, una sociedad m\u00e1s y mejor informada de los que est\u00e1 pasando en nuestro entorno\u201d, se\u00f1al\u00f3 la directora del PAR Explora, M\u00f3nica Navarrete.<\/p>\n\n\n\n<figure class=\"wp-block-image size-large\"><a href=\"https:\/\/www.uta.cl\/wp-content\/uploads\/2020\/06\/Banner-CHARLAS-logo-final-12.jpg\"><img loading=\"lazy\" width=\"1000\" height=\"479\" src=\"https:\/\/www.uta.cl\/wp-content\/uploads\/2020\/06\/Banner-CHARLAS-logo-final-12.jpg\" alt=\"\" class=\"wp-image-24407\" srcset=\"https:\/\/www.uta.cl\/wp-content\/uploads\/2020\/06\/Banner-CHARLAS-logo-final-12.jpg 1000w, https:\/\/www.uta.cl\/wp-content\/uploads\/2020\/06\/Banner-CHARLAS-logo-final-12-300x144.jpg 300w, https:\/\/www.uta.cl\/wp-content\/uploads\/2020\/06\/Banner-CHARLAS-logo-final-12-768x368.jpg 768w\" sizes=\"(max-width: 1000px) 100vw, 1000px\" \/><\/a><\/figure>\n\n\n\n<figure class=\"wp-block-image size-large\"><a href=\"https:\/\/www.uta.cl\/wp-content\/uploads\/2020\/06\/Banner-CHARLAS-logo-final-10.jpg\"><img loading=\"lazy\" width=\"1000\" height=\"479\" src=\"https:\/\/www.uta.cl\/wp-content\/uploads\/2020\/06\/Banner-CHARLAS-logo-final-10.jpg\" alt=\"\" class=\"wp-image-24408\" srcset=\"https:\/\/www.uta.cl\/wp-content\/uploads\/2020\/06\/Banner-CHARLAS-logo-final-10.jpg 1000w, https:\/\/www.uta.cl\/wp-content\/uploads\/2020\/06\/Banner-CHARLAS-logo-final-10-300x144.jpg 300w, https:\/\/www.uta.cl\/wp-content\/uploads\/2020\/06\/Banner-CHARLAS-logo-final-10-768x368.jpg 768w\" sizes=\"(max-width: 1000px) 100vw, 1000px\" \/><\/a><\/figure>\n","protected":false},"excerpt":{"rendered":"<p>Temas que van desde hallazgos de nuevos vertebrados hasta Arqueolog\u00eda Gal\u00e1ctica son los que se abordar\u00e1n en un nuevo ciclo de 1000 cient\u00edfic@s 1000 aulas.<\/p>\n","protected":false},"author":1,"featured_media":24406,"comment_status":"open","ping_status":"open","sticky":false,"template":"","format":"standard","meta":[],"categories":[],"tags":[],"_links":{"self":[{"href":"https:\/\/www.uta.cl\/index.php\/wp-json\/wp\/v2\/posts\/24405"}],"collection":[{"href":"https:\/\/www.uta.cl\/index.php\/wp-json\/wp\/v2\/posts"}],"about":[{"href":"https:\/\/www.uta.cl\/index.php\/wp-json\/wp\/v2\/types\/post"}],"author":[{"embeddable":true,"href":"https:\/\/www.uta.cl\/index.php\/wp-json\/wp\/v2\/users\/1"}],"replies":[{"embeddable":true,"href":"https:\/\/www.uta.cl\/index.php\/wp-json\/wp\/v2\/comments?post=24405"}],"version-history":[{"count":1,"href":"https:\/\/www.uta.cl\/index.php\/wp-json\/wp\/v2\/posts\/24405\/revisions"}],"predecessor-version":[{"id":24409,"href":"https:\/\/www.uta.cl\/index.php\/wp-json\/wp\/v2\/posts\/24405\/revisions\/24409"}],"wp:featuredmedia":[{"embeddable":true,"href":"https:\/\/www.uta.cl\/index.php\/wp-json\/wp\/v2\/media\/24406"}],"wp:attachment":[{"href":"https:\/\/www.uta.cl\/index.php\/wp-json\/wp\/v2\/media?parent=24405"}],"wp:term":[{"taxonomy":"category","embeddable":true,"href":"https:\/\/www.uta.cl\/index.php\/wp-json\/wp\/v2\/categories?post=24405"},{"taxonomy":"post_tag","embeddable":true,"href":"https:\/\/www.uta.cl\/index.php\/wp-json\/wp\/v2\/tags?post=24405"}],"curies":[{"name":"wp","href":"https:\/\/api.w.org\/{rel}","templated":true}]}}