{"id":24300,"date":"2020-05-26T21:06:15","date_gmt":"2020-05-26T21:06:15","guid":{"rendered":"https:\/\/www.uta.cl\/?p=24300"},"modified":"2020-06-01T14:19:50","modified_gmt":"2020-06-01T14:19:50","slug":"uta-ofrece-nutrida-cartelera-para-celebrar-el-dia-del-patrimonio-cultural-utateacompana-diadelpatrimonioencasa","status":"publish","type":"post","link":"https:\/\/www.uta.cl\/index.php\/2020\/05\/26\/uta-ofrece-nutrida-cartelera-para-celebrar-el-dia-del-patrimonio-cultural-utateacompana-diadelpatrimonioencasa\/","title":{"rendered":"UTA ofrece nutrida cartelera para celebrar el D\u00eda del Patrimonio Cultural #UtaTeAcompa\u00f1a #D\u00edadelPatrimonioEnCasa"},"content":{"rendered":"\n<p>La Direcci\u00f3n de Extensi\u00f3n y Vinculaci\u00f3n con el Medio de la Universidad de Tarapac\u00e1 junto con Consejo de Monumentos Nacionales, desde este 26 al 31 de mayo, ofrecer\u00e1 a la comunidad diversas actividades virtuales para conmemorar un a\u00f1o m\u00e1s el D\u00eda del Patrimonio Cultural en Chile, evento nacional creado hace 21 a\u00f1os para celebrar el patrimonio cultural material e inmaterial de nuestro pa\u00eds.<\/p>\n\n\n\n<p>Seminarios web, visualizaci\u00f3n de documentales y acceso a libros virtuales son algunas de las opciones que ofrecer\u00e1 la Universidad de Tarapac\u00e1 para conectarse y compartir desde sus hogares, las cuales ser\u00e1n transmitidas en las plataformas institucionales de redes sociales, como Facebook, YouTube, Instagram y en la misma p\u00e1gina web www.diadelpatrimonio.cl.<\/p>\n\n\n\n<p><strong>CARTELERA CULTURAL UNIVERSIDAD DE TARAPAC\u00c1<\/strong><\/p>\n\n\n\n<div class=\"wp-block-image\"><figure class=\"alignleft size-medium\"><a href=\"https:\/\/www.uta.cl\/wp-content\/uploads\/2020\/05\/webinar-Gonz\u00e1lez-y-Cabeza.jpg\"><img loading=\"lazy\" width=\"300\" height=\"169\" src=\"https:\/\/www.uta.cl\/wp-content\/uploads\/2020\/05\/webinar-Gonz\u00e1lez-y-Cabeza-300x169.jpg\" alt=\"\" class=\"wp-image-24309\" srcset=\"https:\/\/www.uta.cl\/wp-content\/uploads\/2020\/05\/webinar-Gonz\u00e1lez-y-Cabeza-300x169.jpg 300w, https:\/\/www.uta.cl\/wp-content\/uploads\/2020\/05\/webinar-Gonz\u00e1lez-y-Cabeza-1024x576.jpg 1024w, https:\/\/www.uta.cl\/wp-content\/uploads\/2020\/05\/webinar-Gonz\u00e1lez-y-Cabeza-768x432.jpg 768w, https:\/\/www.uta.cl\/wp-content\/uploads\/2020\/05\/webinar-Gonz\u00e1lez-y-Cabeza.jpg 1280w\" sizes=\"(max-width: 300px) 100vw, 300px\" \/><\/a><\/figure><\/div>\n\n\n\n<p><strong>Martes 26 de mayo. 17:30 horas: <\/strong>Seminario web <em>\u201cEl mundo del Salitre y los aprendizajes para el Desarrollo y el Patrimonio de Tarapac\u00e1: Desde el siglo XX a la Sociedad actual en tiempos de crisis\u201d<\/em>, a cargo de los acad\u00e9micos e investigadores de la Universidad de Tarapac\u00e1, Sede Iquique: Dr. Sergio Gonz\u00e1lez Miranda, Premio Nacional de Historia 2014 y el Dr. \u00c1ngel Cabeza Monteira, Director del Proyecto FIC Tarapac\u00e1\/UTA para valorizaci\u00f3n del antiguo mineral de plata de Huantajaya y del rescate fotogr\u00e1fico de la inmigraci\u00f3n china en Tarapac\u00e1.<\/p>\n\n\n\n<p>Plataforma de transmisi\u00f3n: <a rel=\"noreferrer noopener\" href=\"https:\/\/www.facebook.com\/utarapaca\" target=\"_blank\">Facebook<\/a> y <a href=\"https:\/\/www.youtube.com\/utaplay\" target=\"_blank\" rel=\"noreferrer noopener\">YouTube<\/a> de la Universidad de Tarapac\u00e1.<\/p>\n\n\n\n<p><strong>Jueves 28 de mayo:<\/strong><\/p>\n\n\n\n<div class=\"wp-block-image\"><figure class=\"alignright size-medium\"><a href=\"https:\/\/www.uta.cl\/wp-content\/uploads\/2020\/05\/Webinar-Santoro.jpg\"><img loading=\"lazy\" width=\"300\" height=\"169\" src=\"https:\/\/www.uta.cl\/wp-content\/uploads\/2020\/05\/Webinar-Santoro-300x169.jpg\" alt=\"\" class=\"wp-image-24310\" srcset=\"https:\/\/www.uta.cl\/wp-content\/uploads\/2020\/05\/Webinar-Santoro-300x169.jpg 300w, https:\/\/www.uta.cl\/wp-content\/uploads\/2020\/05\/Webinar-Santoro-1024x576.jpg 1024w, https:\/\/www.uta.cl\/wp-content\/uploads\/2020\/05\/Webinar-Santoro-768x432.jpg 768w, https:\/\/www.uta.cl\/wp-content\/uploads\/2020\/05\/Webinar-Santoro.jpg 1280w\" sizes=\"(max-width: 300px) 100vw, 300px\" \/><\/a><\/figure><\/div>\n\n\n\n<p><strong>17:30 horas: <\/strong>Seminario web \u201c<em>\u00a1CUIDADO! \u00bfIrresponsables Habitando?: Di\u00e1logos entre ciencia, patrimonio y sociedad\u201d, <\/em>a cargo del acad\u00e9mico e investigador del Instituto de Alta Investigaci\u00f3n de la UTA, el arque\u00f3logo Dr. Calogero Santoro Vargas y de la coordinadora acad\u00e9mica adscrita al Laboratorio de Arqueolog\u00eda Paleoambiente del Instituto de Alta Investigaci\u00f3n, Mg. Jacqueline Correa Lau.<\/p>\n\n\n\n<p>Plataforma de transmisi\u00f3n: <a href=\"https:\/\/www.facebook.com\/utarapaca\" target=\"_blank\" rel=\"noreferrer noopener\">Facebook<\/a> y <a href=\"https:\/\/www.youtube.com\/utaplay\" target=\"_blank\" rel=\"noreferrer noopener\">YouTube<\/a> de la Universidad de Tarapac\u00e1.<\/p>\n\n\n\n<p><strong>A partir de las 16:00 horas<\/strong>:<\/p>\n\n\n\n<div class=\"wp-block-image\"><figure class=\"alignright size-medium\"><a href=\"https:\/\/www.uta.cl\/wp-content\/uploads\/2020\/05\/Tarqueada.jpg\"><img loading=\"lazy\" width=\"300\" height=\"200\" src=\"https:\/\/www.uta.cl\/wp-content\/uploads\/2020\/05\/Tarqueada-300x200.jpg\" alt=\"\" class=\"wp-image-24307\" srcset=\"https:\/\/www.uta.cl\/wp-content\/uploads\/2020\/05\/Tarqueada-300x200.jpg 300w, https:\/\/www.uta.cl\/wp-content\/uploads\/2020\/05\/Tarqueada-1024x683.jpg 1024w, https:\/\/www.uta.cl\/wp-content\/uploads\/2020\/05\/Tarqueada-768x513.jpg 768w, https:\/\/www.uta.cl\/wp-content\/uploads\/2020\/05\/Tarqueada-1536x1025.jpg 1536w, https:\/\/www.uta.cl\/wp-content\/uploads\/2020\/05\/Tarqueada.jpg 1660w\" sizes=\"(max-width: 300px) 100vw, 300px\" \/><\/a><\/figure><\/div>\n\n\n\n<ul><li>Transmisi\u00f3n del documental <em>\u201cEl sonido de la lluvia: vitalidad de la tarka y la&nbsp;tarqueada&nbsp;andinas en la regi\u00f3n transfrontreriza de Arica\u201d.<\/em> Pieza de audio que narra el resumen del Proyecto Fondo de M\u00fasica 2017, centrado en microdocumentales y registros sonoros de las agrupaciones de tarquedas de la Regi\u00f3n de Arica y Parinacota. Ser\u00e1 transmitido a trav\u00e9s de <a href=\"https:\/\/www.instagram.com\/utarapaca\" target=\"_blank\" rel=\"noreferrer noopener\">Instagram<\/a>, SoundCloud y <a href=\"http:\/\/www.twitter.com\/utarapaca\" target=\"_blank\" rel=\"noreferrer noopener\">Twitter<\/a>.<\/li><\/ul>\n\n\n\n<p><strong>Viernes 29 de mayo:<\/strong><\/p>\n\n\n\n<p><strong>A partir de las 16:00 horas<\/strong>:<\/p>\n\n\n\n<div class=\"wp-block-image\"><figure class=\"alignright size-medium\"><img loading=\"lazy\" width=\"300\" height=\"171\" src=\"https:\/\/www.uta.cl\/wp-content\/uploads\/2020\/05\/Agua-y-Arena-300x171.jpg\" alt=\"\" class=\"wp-image-24301\" srcset=\"https:\/\/www.uta.cl\/wp-content\/uploads\/2020\/05\/Agua-y-Arena-300x171.jpg 300w, https:\/\/www.uta.cl\/wp-content\/uploads\/2020\/05\/Agua-y-Arena.jpg 689w\" sizes=\"(max-width: 300px) 100vw, 300px\" \/><\/figure><\/div>\n\n\n\n<ul><li>Transmisi\u00f3n del documental <em>\u201cAgua y arena: una traves\u00eda por el Desierto de Atacama\u201d<\/em>. Documental donde se narra la historia del agua en este \u00e1rido territorio, pasando desde las lluvias ocurridas hace m\u00e1s de 17.000 a\u00f1os, y que cargaron las napas subterr\u00e1neas, hasta el c\u00f3mo los humanos de hoy utilizan este recurso h\u00eddrico cada vez m\u00e1s escaso debido a su uso urbano, agr\u00edcola y minero. Transmitido por <a href=\"https:\/\/www.facebook.com\/utarapaca\" target=\"_blank\" rel=\"noreferrer noopener\">Facebook<\/a> y <a href=\"https:\/\/www.youtube.com\/utaplay\" target=\"_blank\" rel=\"noreferrer noopener\">YouTube<\/a>.<\/li><\/ul>\n\n\n\n<p><strong>20:00 horas:<\/strong><\/p>\n\n\n\n<div class=\"wp-block-image\"><figure class=\"alignleft size-medium\"><a href=\"https:\/\/www.uta.cl\/wp-content\/uploads\/2020\/05\/LIBRO-AFROS-scaled.jpg\"><img loading=\"lazy\" width=\"300\" height=\"225\" src=\"https:\/\/www.uta.cl\/wp-content\/uploads\/2020\/05\/LIBRO-AFROS-300x225.jpg\" alt=\"\" class=\"wp-image-24304\" srcset=\"https:\/\/www.uta.cl\/wp-content\/uploads\/2020\/05\/LIBRO-AFROS-300x225.jpg 300w, https:\/\/www.uta.cl\/wp-content\/uploads\/2020\/05\/LIBRO-AFROS-1024x768.jpg 1024w, https:\/\/www.uta.cl\/wp-content\/uploads\/2020\/05\/LIBRO-AFROS-768x576.jpg 768w, https:\/\/www.uta.cl\/wp-content\/uploads\/2020\/05\/LIBRO-AFROS-1536x1152.jpg 1536w, https:\/\/www.uta.cl\/wp-content\/uploads\/2020\/05\/LIBRO-AFROS-2048x1536.jpg 2048w\" sizes=\"(max-width: 300px) 100vw, 300px\" \/><\/a><\/figure><\/div>\n\n\n\n<ul><li>Presentaci\u00f3n del libro \u201cY llegaron con cadenas. Las poblaciones Afrodescendientes de Arica y Tarapac\u00e1. (Siglos XVII-XIX). Editado por los investigadores y acad\u00e9micos del Departamento de Ciencias Hist\u00f3ricas y geogr\u00e1ficas de la Universidad de Tarapac\u00e1, Alberto D\u00edaz Araya, Luis Galdames Rosas y Rodrigo Ruz Zagal. Transmiis\u00f3n en vivo. Para participar de esta actividad se debe inscribir en el correo <a rel=\"noreferrer noopener\" href=\"mailto:utapatrimonial@gmail.com\" target=\"_blank\">utapatrimonial@gmail.com<\/a>.&nbsp;<\/li><\/ul>\n\n\n\n<p><strong>S\u00e1bado 30 de mayo:<\/strong><\/p>\n\n\n\n<p><strong>A partir de las 16:00 horas<\/strong>:<\/p>\n\n\n\n<div class=\"wp-block-image\"><figure class=\"alignright size-medium\"><a href=\"https:\/\/www.uta.cl\/wp-content\/uploads\/2020\/05\/Rodomiro-Huanca.jpg\"><img loading=\"lazy\" width=\"300\" height=\"162\" src=\"https:\/\/www.uta.cl\/wp-content\/uploads\/2020\/05\/Rodomiro-Huanca-300x162.jpg\" alt=\"\" class=\"wp-image-24306\" srcset=\"https:\/\/www.uta.cl\/wp-content\/uploads\/2020\/05\/Rodomiro-Huanca-300x162.jpg 300w, https:\/\/www.uta.cl\/wp-content\/uploads\/2020\/05\/Rodomiro-Huanca-768x414.jpg 768w, https:\/\/www.uta.cl\/wp-content\/uploads\/2020\/05\/Rodomiro-Huanca.jpg 955w\" sizes=\"(max-width: 300px) 100vw, 300px\" \/><\/a><\/figure><\/div>\n\n\n\n<ul><li>Transmisi\u00f3n en vivo <em>\u201cKitikari Rodomiro\u201d<\/em>, documental sobre la vida del cultor aymara Rodomiro Huanca. Trabajo financiado por CRESPIAL &#8211; UNESCO (Retrato del calendario festivo del pueblo de Socoroma).<br>Transmitido por <a rel=\"noreferrer noopener\" href=\"https:\/\/www.facebook.com\/utarapaca\" target=\"_blank\">Facebook<\/a>.<\/li><\/ul>\n\n\n\n<p><strong>Domingo 31 de mayo:<\/strong><\/p>\n\n\n\n<p><strong>A partir de las 16:00 horas:<\/strong><\/p>\n\n\n\n<div class=\"wp-block-image\"><figure class=\"alignright size-medium\"><a href=\"https:\/\/www.uta.cl\/wp-content\/uploads\/2020\/05\/Chinchorro-Un-testimonio-hist\u00f3rico-\u00fanico-y-excepcional.jpg\"><img loading=\"lazy\" width=\"300\" height=\"202\" src=\"https:\/\/www.uta.cl\/wp-content\/uploads\/2020\/05\/Chinchorro-Un-testimonio-hist\u00f3rico-\u00fanico-y-excepcional-300x202.jpg\" alt=\"\" class=\"wp-image-24302\" srcset=\"https:\/\/www.uta.cl\/wp-content\/uploads\/2020\/05\/Chinchorro-Un-testimonio-hist\u00f3rico-\u00fanico-y-excepcional-300x202.jpg 300w, https:\/\/www.uta.cl\/wp-content\/uploads\/2020\/05\/Chinchorro-Un-testimonio-hist\u00f3rico-\u00fanico-y-excepcional.jpg 449w\" sizes=\"(max-width: 300px) 100vw, 300px\" \/><\/a><\/figure><\/div>\n\n\n\n<ul><li>Transmisi\u00f3n en vivo a trav\u00e9s de <a href=\"http:\/\/www.youtube.com\/utarapaca\" target=\"_blank\" rel=\"noreferrer noopener\">YouTube<\/a> de la muestra virtual \u201c<em>Chinchorro: Un testimonio hist\u00f3rico \u00fanico y excepcional<\/em>\u201d, documental que muestra los sitios arqueol\u00f3gicos de la Cultura Chinchorro -Regi\u00f3n de Arica y Parinacota, Chile- que conservan un contexto \u00fanico y excepcional de una sociedad cazadora-recolectora mar\u00edtima, que expres\u00f3 su trascendencia ante la muerte mediante la pr\u00e1ctica de momificaci\u00f3n artificial m\u00e1s antigua de la humanidad (7000 a\u00f1os antes del presente).<\/li><\/ul>\n\n\n\n<p><strong>Libros digitales y videos did\u00e1cticos<\/strong><\/p>\n\n\n\n<div class=\"wp-block-image\"><figure class=\"alignleft size-thumbnail\"><img loading=\"lazy\" width=\"150\" height=\"150\" src=\"https:\/\/www.uta.cl\/wp-content\/uploads\/2020\/05\/Colecci\u00f3n-Arqueol\u00f3gica-Museo-Universidad-de-Tarapac\u00e1-150x150.jpg\" alt=\"\" class=\"wp-image-24303\"\/><\/figure><\/div>\n\n\n\n<div class=\"wp-block-image\"><figure class=\"alignright size-thumbnail\"><img loading=\"lazy\" width=\"150\" height=\"150\" src=\"https:\/\/www.uta.cl\/wp-content\/uploads\/2020\/05\/trama-y-fibra-150x150.jpg\" alt=\"\" class=\"wp-image-24308\" srcset=\"https:\/\/www.uta.cl\/wp-content\/uploads\/2020\/05\/trama-y-fibra-150x150.jpg 150w, https:\/\/www.uta.cl\/wp-content\/uploads\/2020\/05\/trama-y-fibra.jpg 297w\" sizes=\"(max-width: 150px) 100vw, 150px\" \/><\/figure><\/div>\n\n\n\n<p class=\"has-text-align-left\">Por su parte, el Museo Arqueol\u00f3gico San Miguel de Azapa, invita a la comunidad a disfrutar de la \u201cColecci\u00f3n Arqueol\u00f3gica Museo Universidad de Tarapac\u00e1\u201d, junto con tener acceso a libros digitales tales como: \u201cTrama y Fibra, Tecnolog\u00eda temprana en fibra vegetal\u201d, \u201cGu\u00eda pr\u00e1ctica ilustrada de arte rupestre de la Regi\u00f3n de Tarapac\u00e1. Entre laderas, senderos, oasis y el mar\u201d y \u201cAplicarse a saber y encomendarse a la memoria, tradiciones textiles aymara en Tarapac\u00e1\u201d.<\/p>\n\n\n\n<p class=\"has-text-align-left\"><strong>Libros Editorial Universidad de Tarapac\u00e1 disponibles<\/strong><\/p>\n\n\n\n<div class=\"wp-block-image\"><figure class=\"alignleft size-thumbnail\"><img loading=\"lazy\" width=\"150\" height=\"150\" src=\"https:\/\/www.uta.cl\/wp-content\/uploads\/2020\/05\/Libros-Biblioteca-digital-150x150.jpg\" alt=\"\" class=\"wp-image-24305\"\/><\/figure><\/div>\n\n\n\n<p>Quienes gustan de la lectura con identidad regional, se puede disfrutar de 50 libros descargables en formato digital bajo el sello de la Editorial Universidad de Tarapac\u00e1. Los t\u00edtulos disponibles los puede visualizar en el siguiente enlace:<\/p>\n\n\n\n<figure class=\"wp-block-embed-wordpress wp-block-embed is-type-wp-embed is-provider-sistemas-de-biblioteca\"><div class=\"wp-block-embed__wrapper\">\n<div class=\"oceanwp-oembed-wrap clr\"><blockquote class=\"wp-embedded-content\" data-secret=\"9xP9dmOyKa\"><a href=\"http:\/\/sb.uta.cl\/sbuta\/libros-de-la-editorial-universidad-de-tarapaca\/\">Libros de la Editorial Universidad de Tarapac\u00e1<\/a><\/blockquote><iframe title=\"&#8220;Libros de la Editorial Universidad de Tarapac\u00e1&#8221; &#8212; Sistemas de Biblioteca\" class=\"wp-embedded-content\" sandbox=\"allow-scripts\" security=\"restricted\" style=\"position: absolute; clip: rect(1px, 1px, 1px, 1px);\" src=\"http:\/\/sb.uta.cl\/sbuta\/libros-de-la-editorial-universidad-de-tarapaca\/embed\/#?secret=9xP9dmOyKa\" data-secret=\"9xP9dmOyKa\" width=\"600\" height=\"338\" frameborder=\"0\" marginwidth=\"0\" marginheight=\"0\" scrolling=\"no\"><\/iframe><\/div>\n<\/div><\/figure>\n","protected":false},"excerpt":{"rendered":"<p>Este a\u00f1o se celebrar\u00e1 de una forma diferente ante la pandemia del Covid-19 y en esta oportunidad, la Universidad de Tarapac\u00e1 transmitir\u00e1 a trav\u00e9s de sus plataformas institucionales una nutrida cartelera cultural para acompa\u00f1ar a la comunidad desde sus casas a disfrutar de esta celebraci\u00f3n ciudadana.<\/p>\n","protected":false},"author":1,"featured_media":24298,"comment_status":"open","ping_status":"open","sticky":false,"template":"","format":"standard","meta":[],"categories":[],"tags":[],"_links":{"self":[{"href":"https:\/\/www.uta.cl\/index.php\/wp-json\/wp\/v2\/posts\/24300"}],"collection":[{"href":"https:\/\/www.uta.cl\/index.php\/wp-json\/wp\/v2\/posts"}],"about":[{"href":"https:\/\/www.uta.cl\/index.php\/wp-json\/wp\/v2\/types\/post"}],"author":[{"embeddable":true,"href":"https:\/\/www.uta.cl\/index.php\/wp-json\/wp\/v2\/users\/1"}],"replies":[{"embeddable":true,"href":"https:\/\/www.uta.cl\/index.php\/wp-json\/wp\/v2\/comments?post=24300"}],"version-history":[{"count":3,"href":"https:\/\/www.uta.cl\/index.php\/wp-json\/wp\/v2\/posts\/24300\/revisions"}],"predecessor-version":[{"id":24369,"href":"https:\/\/www.uta.cl\/index.php\/wp-json\/wp\/v2\/posts\/24300\/revisions\/24369"}],"wp:featuredmedia":[{"embeddable":true,"href":"https:\/\/www.uta.cl\/index.php\/wp-json\/wp\/v2\/media\/24298"}],"wp:attachment":[{"href":"https:\/\/www.uta.cl\/index.php\/wp-json\/wp\/v2\/media?parent=24300"}],"wp:term":[{"taxonomy":"category","embeddable":true,"href":"https:\/\/www.uta.cl\/index.php\/wp-json\/wp\/v2\/categories?post=24300"},{"taxonomy":"post_tag","embeddable":true,"href":"https:\/\/www.uta.cl\/index.php\/wp-json\/wp\/v2\/tags?post=24300"}],"curies":[{"name":"wp","href":"https:\/\/api.w.org\/{rel}","templated":true}]}}