{"id":22408,"date":"2020-01-17T21:55:29","date_gmt":"2020-01-17T21:55:29","guid":{"rendered":"https:\/\/www.uta.cl\/?p=22408"},"modified":"2020-03-19T16:34:14","modified_gmt":"2020-03-19T16:34:14","slug":"direccion-de-equidad-de-genero-de-la-uta-inicia-ciclo-de-talleres-de-genero-en-el-ambito-universitario","status":"publish","type":"post","link":"https:\/\/www.uta.cl\/index.php\/2020\/01\/17\/direccion-de-equidad-de-genero-de-la-uta-inicia-ciclo-de-talleres-de-genero-en-el-ambito-universitario\/","title":{"rendered":"Direcci\u00f3n de Equidad de G\u00e9nero de la UTA inicia ciclo de Talleres de G\u00e9nero en el \u00c1mbito Universitario"},"content":{"rendered":"\n<p>\nCon\nla realizaci\u00f3n del taller \u201cIntroducci\u00f3n a la perspectiva de\ng\u00e9nero en el contexto universitario\u201d, este jueves 16 de enero, se\ndio inicio al Ciclo de Talleres de G\u00e9nero en el \u00c1mbito\nUniversitario, instancia que tiene por finalidad unificar conceptos y\nfortalecer materias propias a la perspectiva de g\u00e9nero. \n<\/p>\n\n\n\n<figure class=\"wp-block-image size-large\"><img loading=\"lazy\" width=\"1024\" height=\"475\" src=\"https:\/\/www.uta.cl\/wp-content\/uploads\/2020\/01\/base-3-1024x475.jpg\" alt=\"\" class=\"wp-image-22409\" srcset=\"https:\/\/www.uta.cl\/wp-content\/uploads\/2020\/01\/base-3-1024x475.jpg 1024w, https:\/\/www.uta.cl\/wp-content\/uploads\/2020\/01\/base-3-300x139.jpg 300w, https:\/\/www.uta.cl\/wp-content\/uploads\/2020\/01\/base-3-768x356.jpg 768w, https:\/\/www.uta.cl\/wp-content\/uploads\/2020\/01\/base-3-1536x713.jpg 1536w, https:\/\/www.uta.cl\/wp-content\/uploads\/2020\/01\/base-3-2048x950.jpg 2048w\" sizes=\"(max-width: 1024px) 100vw, 1024px\" \/><\/figure>\n\n\n\n<p>La\nactividad, realizada en la Sala de Consejo de Rector\u00eda del Campus\nVel\u00e1squez,   cont\u00f3 con la presencia de la Vicerrectora de\nDesarrollo Estrat\u00e9gico, Dr. Jenniffer Peralta Montecinos, de la\nDirectora (S) de Equidad de G\u00e9nero, Bernardina Cisternas Arapio,\nprofesionales e integrantes del Consejo Consultivo y Comit\u00e9 Asesor\nde Equidad de G\u00e9nero de esta Casa de Estudios Superiores. \n<\/p>\n\n\n\n<p>Esta\nprimera jornada de taller, la expositora Camila Rivera, profesional\nde la Direcci\u00f3n de Equidad de G\u00e9nero, analiz\u00f3 la perspectiva de\ng\u00e9nero en el contexto de la educaci\u00f3n superior, abordando los\nconceptos b\u00e1sicos para comprender las relaciones en t\u00e9rminos de\nejercicio de poder, de acceso a recursos materiales, sociales,\nculturales, etc.; como una forma de comprender la realidad en base a\nla variable de sexo, a los determinantes de g\u00e9nero y sus\nmanifestaciones en un contexto geogr\u00e1fico, cultural, \u00e9tnico e\nhist\u00f3rico determinado, para finalizar con un di\u00e1logo y preguntas de\nlos asistentes.<\/p>\n\n\n\n<p>\nDurante\nel encuentro, la Directora (S) de Equidad de G\u00e9nero, Bernardina\nCisternas Arapio, quien agradeci\u00f3 la presencia de los asistentes\nse\u00f1al\u00f3 que, \u201ceste encuentro tiene como significado cerrar las\nactividades del a\u00f1o 2019, es decir, que no sean ciclos sin sentido.\nLas mujeres somos ordenadas, nos gusta proyectarnos y tener claro lo\nque estamos haciendo donde cada ciclo tiene su resultado y\nevaluaci\u00f3n. Hemos tenido una acogida mucho m\u00e1s all\u00e1 de lo\nesperado. Lo cual habla muy bien de lo que hemos realizado y de c\u00f3mo\nse est\u00e1n abriendo los espacios para buscar el equilibrio. Estamos\ncerrando un a\u00f1o donde hemos iniciado actividades en docencia,\ninvestigaci\u00f3n, vinculaci\u00f3n con el medio y lo m\u00e1s importante es\ncontar con la presencia de ustedes que son las plataformas de trabajo\nque tiene nuestra Direcci\u00f3n de Equidad de G\u00e9nero como es el Comit\u00e9\nAsesor y el Consejo Consultivo de la Direcci\u00f3n de Equidad de G\u00e9nero\nde la Universidad de Tarapac\u00e1\u201d. \n<\/p>\n\n\n\n<p>En\neste contexto afirm\u00f3 que, \u201cel Comit\u00e9 Asesor es quien da el\nsoporte para el \u00e1rea de formaci\u00f3n profesional que lleve impl\u00edcita\nesta unidad de g\u00e9nero y por otro lado, el Consejo Consultivo que nos\npermite trabajar transversalmente para que podamos, de alguna manera,\ncaminar alineados con los distintos ejes estrat\u00e9gicos que hay en la\nUniversidad. Ello nos indica que estamos avanzando vertical y\nhorizontalmente, lo cual nos permite avanzar de forma segura y con\ncalidad\u201d, indic\u00f3 la Directora (S) de Equidad de G\u00e9nero. Vamos a\nproyectar el a\u00f1o 2020 y el taller de hoy es el primero de un ciclo\nde talleres que tenemos planificado como trabajo justamente para\ndesarrollar lo acordado tanto con el Comit\u00e9 Asesor como tambi\u00e9n con\nel Consejo Consultivo, con la finalidad de alinear desde una mirada\nintroductoria conceptualmente e interpretativamente\u201d<\/p>\n\n\n\n<p>Por\nsu parte, la Vicerrectora de Desarrollo Estrat\u00e9gico, Dra. Jenniffer\nPeralta Montecinos, expres\u00f3 sus agradecimientos al equipo de trabajo\nde la Direcci\u00f3n de Equidad de G\u00e9nero, \u201cquienes han generado las\nbases para un tremendo trabajo que se viene. El primer a\u00f1o de\ninstalaci\u00f3n de esta direcci\u00f3n cumpli\u00f3 su objetivo y ahora tenemos\nque ir m\u00e1s all\u00e1, a la implementaci\u00f3n y transversalizaci\u00f3n de la\nperspectiva de g\u00e9nero en el quehacer misional de la UTA y no\nsolamente en el aula y el d\u00eda a d\u00eda, sino que a la proyecci\u00f3n. En\ninvestigaci\u00f3n sin duda que hay una posibilidad importante donde hay\nequipos de personas que se est\u00e1n organizando al respecto, con las\nherramientas necesarias y en vinculaci\u00f3n donde el perfil de nuestras\nprofesionales del \u00e1rea se cuenta con una importante experiencia\u201d. \n<\/p>\n\n\n\n<p>Cabe\nmencionar que esta actividad corresponde al hito N\u00b0 7, que contempla\nla realizaci\u00f3n de ocho talleres de g\u00e9nero en el \u00e1mbito\nuniversitario, est\u00e1n dirigidos a acad\u00e9micos y acad\u00e9micas, equipo\nde gesti\u00f3n y funcionarios y funcionarias de la sede central e\nIquique de la Universidad de Tarapac\u00e1, para trabajar en diversas\nmaterias relacionadas a la perspectiva de g\u00e9nero. Los temas que\nser\u00e1n tratado en cada uno de los talleres son: Introducci\u00f3n a la\nperspectiva de g\u00e9nero en el contexto universitario, educaci\u00f3n no\nsexista, diagn\u00f3sticos y estad\u00edsticas con perspectiva de g\u00e9nero,\nviolencia de g\u00e9nero en el \u00e1mbito universitario, corresponsabilidad\nsocial y conciliaci\u00f3n de la vida individual, familiar y social y\ng\u00e9nero y etnicidad. \n<\/p>\n\n\n\n<figure class=\"wp-block-image size-large\"><a href=\"https:\/\/photos.app.goo.gl\/UTE27q2whWnKPV389\" target=\"_blank\" rel=\"noreferrer noopener\"><img loading=\"lazy\" width=\"300\" height=\"60\" src=\"https:\/\/www.uta.cl\/wp-content\/uploads\/2019\/05\/ver_galeria.jpg\" alt=\"\" class=\"wp-image-8828\"\/><\/a><\/figure>\n","protected":false},"excerpt":{"rendered":"<p>La iniciativa se enmarca en la pol\u00edtica institucional impulsada por la UTA a trav\u00e9s del objetivo 3 del Proyecto UTA1899 del Plan de Fortalecimiento de Universidades Estatales 2018, que busca fortalecer institucionalmente la investigaci\u00f3n, la formaci\u00f3n ciudadana, la atenci\u00f3n a la diversidad teniendo como base la inclusi\u00f3n y equidad de g\u00e9nero, favoreciendo el trabajo en red entre universidades estatales. <\/p>\n","protected":false},"author":1,"featured_media":22409,"comment_status":"open","ping_status":"open","sticky":false,"template":"","format":"standard","meta":[],"categories":[45],"tags":[],"_links":{"self":[{"href":"https:\/\/www.uta.cl\/index.php\/wp-json\/wp\/v2\/posts\/22408"}],"collection":[{"href":"https:\/\/www.uta.cl\/index.php\/wp-json\/wp\/v2\/posts"}],"about":[{"href":"https:\/\/www.uta.cl\/index.php\/wp-json\/wp\/v2\/types\/post"}],"author":[{"embeddable":true,"href":"https:\/\/www.uta.cl\/index.php\/wp-json\/wp\/v2\/users\/1"}],"replies":[{"embeddable":true,"href":"https:\/\/www.uta.cl\/index.php\/wp-json\/wp\/v2\/comments?post=22408"}],"version-history":[{"count":1,"href":"https:\/\/www.uta.cl\/index.php\/wp-json\/wp\/v2\/posts\/22408\/revisions"}],"predecessor-version":[{"id":22410,"href":"https:\/\/www.uta.cl\/index.php\/wp-json\/wp\/v2\/posts\/22408\/revisions\/22410"}],"wp:featuredmedia":[{"embeddable":true,"href":"https:\/\/www.uta.cl\/index.php\/wp-json\/wp\/v2\/media\/22409"}],"wp:attachment":[{"href":"https:\/\/www.uta.cl\/index.php\/wp-json\/wp\/v2\/media?parent=22408"}],"wp:term":[{"taxonomy":"category","embeddable":true,"href":"https:\/\/www.uta.cl\/index.php\/wp-json\/wp\/v2\/categories?post=22408"},{"taxonomy":"post_tag","embeddable":true,"href":"https:\/\/www.uta.cl\/index.php\/wp-json\/wp\/v2\/tags?post=22408"}],"curies":[{"name":"wp","href":"https:\/\/api.w.org\/{rel}","templated":true}]}}