{"id":22397,"date":"2020-01-16T19:26:31","date_gmt":"2020-01-16T19:26:31","guid":{"rendered":"https:\/\/www.uta.cl\/?p=22397"},"modified":"2020-01-20T13:35:18","modified_gmt":"2020-01-20T13:35:18","slug":"uta-realiza-iv-escuela-de-verano-sobre-metodologias-cualitativas-para-la-transformacion-social-en-zona-fronteriza","status":"publish","type":"post","link":"https:\/\/www.uta.cl\/index.php\/2020\/01\/16\/uta-realiza-iv-escuela-de-verano-sobre-metodologias-cualitativas-para-la-transformacion-social-en-zona-fronteriza\/","title":{"rendered":"UTA realiza IV Escuela de Verano sobre \u201cMetodolog\u00edas cualitativas para la transformaci\u00f3n social en zona fronteriza\u201d"},"content":{"rendered":"\n<p>Con una Pawa ceremonial este jueves 9 de enero se inaugur\u00f3 la cuarta versi\u00f3n de la Escuela de Verano \u201cMetodolog\u00edas cualitativas para la transformaci\u00f3n social en zona fronteriza\u201d, instancia abierta a toda la comunidad de la macro-regi\u00f3n centro sur andina cuyo objetivo fue aprender, actualizar y compartir conocimientos sobre metodolog\u00edas cualitativas en sus distintos momentos y desde diferentes aproximaciones disciplinarias, metodol\u00f3gicas y epistemol\u00f3gicas, para el estudio de diversos temas y problem\u00e1ticas de inter\u00e9s latinoamericano desde el paradigma interpretativo.<\/p>\n\n\n\n<figure class=\"wp-block-image size-large\"><img loading=\"lazy\" width=\"1000\" height=\"559\" src=\"https:\/\/www.uta.cl\/wp-content\/uploads\/2020\/01\/base-2.jpg\" alt=\"\" class=\"wp-image-22398\" srcset=\"https:\/\/www.uta.cl\/wp-content\/uploads\/2020\/01\/base-2.jpg 1000w, https:\/\/www.uta.cl\/wp-content\/uploads\/2020\/01\/base-2-300x168.jpg 300w, https:\/\/www.uta.cl\/wp-content\/uploads\/2020\/01\/base-2-768x429.jpg 768w\" sizes=\"(max-width: 1000px) 100vw, 1000px\" \/><\/figure>\n\n\n\n<p>Las jornadas contaron con la participaci\u00f3n de expositores de la School of the Art Institute of Chicago, Universidad de Illinois, Universidad Nacional Mayor San Marcos, Universidad Mayor de San Andr\u00e9s, Universidad de Chile, Pontificia Universidad Cat\u00f3lica de Valpara\u00edso, Universidad de Santiago de Chile, Universidad Aut\u00f3noma de Chile y la Universidad de Tarapac\u00e1, entre otras, donde se expusieron investigaciones tales como: \u201cContenidos olvidados en la Educaci\u00f3n en establecimientos educativos diversos culturalmente\u201d de la Dra. Pamela Zapata, \u201cAporte de los medios al estudio de comunidades silenciadas. Experiencia de la Amazon\u00eda\u201d, del Mg. Dante Di Rosa y \u201cLa mirada de la poblaci\u00f3n aymara en el control de la eficacia de la gesti\u00f3n administrativa municipal\u201d del Mg. Oscar Machaca.  <\/p>\n\n\n\n<p>El objetivo de este tipo de encuentros, es impartir talleres especializados desde el enfoque de las metodolog\u00edas cualitativas en \u00e1reas de las ciencias sociales, salud, literatura y educaci\u00f3n. Asimismo, se debati\u00f3 sobre el rol de los investigadores cualitativos en la academia, as\u00ed como sobre las exigencias y complejidades en relaci\u00f3n a la labor de producci\u00f3n acad\u00e9mica esperada en estos tiempos.<\/p>\n\n\n\n<p>Para el viernes 10 de enero,\u00a0adem\u00e1s de la realizaci\u00f3n de los talleres programados, se contempl\u00f3 el desarrollo del foro \u201cRealidad actual Chile y Latinoam\u00e9rica, una mirada desde la Ciencias Sociales\u201d. Consultada al respecto, la organizadora de esta Escuela de Verano, Dra. Pamela Zapata Sep\u00falveda, acad\u00e9mica e investigadora de la Escuela de Psicolog\u00eda y Filosof\u00eda de la Universidad de Tarapac\u00e1, indic\u00f3 que este foro, \u201ccont\u00f3 con la participaci\u00f3n de destacados invitados actores sociales\u00a0de la sociedad civil\u00a0y de universidades de Per\u00fa, Bolivia, y Chile que han estado participando activamente en el registro y en las acciones que se han realizado en el movimiento social de Chile\u201d.\u00a0En esta actividad se presentaron experiencias y se debati\u00f3 acerca del rol de las universidades y en especial de la investigaci\u00f3n cualitativa en relaci\u00f3n al estudio de las realidades que son inter\u00e9s de estudio con estas metodolog\u00edas, y al mismo tiempo, c\u00f3mo la investigaci\u00f3n puede ponerse al servicio de las sociedades latinoamericanas.<\/p>\n\n\n\n<p>Agreg\u00f3 que, \u201cesta Escuela de Verano se realiza los\u00a0d\u00edas jueves y viernes de la segunda semana de enero de cada a\u00f1o\u00a0y tiene por objetivo reunir a un grupo de expertos nacionales e internacionales para compartir sus \u00faltimos hallazgos investigativos y reflexiones en torno al momento actual de la investigaci\u00f3n cualitativa desde las experiencias en terreno, junto con reflexionar acerca del quehacer que realizan los investigadores como agentes de transformaci\u00f3n social en zonas fronterizas. El \u00e9nfasis est\u00e1 dado en el estudio del contexto hist\u00f3rico, social y pol\u00edtico, aplicado a lo que ocurre en la regi\u00f3n en la que se encuentra la Universidad de Tarapac\u00e1 y los avances respecto a la integraci\u00f3n fronteriza, mediante el trabajo que se realiza en cada pa\u00eds y el encuentro en Arica\u201d. \u00a0<\/p>\n\n\n\n<p>Importa destacar la participaci\u00f3n activa de los acad\u00e9micos de la sede Iquique de la UTA, quienes cada a\u00f1o asisten a la escuela, destacando al acad\u00e9mico Norman Garrido, de la escuela de Trabajo Social, quien ha formado parte de la organizaci\u00f3n del evento desde sus inicios.\u00a0<\/p>\n\n\n\n<p>Esta escuela forma parte de las actividades de difusi\u00f3n de los proyectos Fondecyt Regular Nos. 1181713, 1190257 y 1191317.<\/p>\n\n\n\n<figure class=\"wp-block-image size-large\"><a href=\"https:\/\/photos.app.goo.gl\/hgmDjX7HoRU49cwv8\" target=\"_blank\" rel=\"noreferrer noopener\"><img loading=\"lazy\" width=\"300\" height=\"60\" src=\"https:\/\/www.uta.cl\/wp-content\/uploads\/2019\/05\/ver_galeria.jpg\" alt=\"\" class=\"wp-image-8828\"\/><\/a><\/figure>\n","protected":false},"excerpt":{"rendered":"<p>La actividad realizada los d\u00edas 9 y 10 de enero, cont\u00f3 con la presencia de acad\u00e9micos, investigadores y estudiantes siendo organizada por la Escuela de Psicolog\u00eda y Filosof\u00eda, y del proyecto FONDECYT Regular 1181713.<\/p>\n","protected":false},"author":1,"featured_media":22398,"comment_status":"open","ping_status":"open","sticky":false,"template":"","format":"standard","meta":[],"categories":[],"tags":[],"_links":{"self":[{"href":"https:\/\/www.uta.cl\/index.php\/wp-json\/wp\/v2\/posts\/22397"}],"collection":[{"href":"https:\/\/www.uta.cl\/index.php\/wp-json\/wp\/v2\/posts"}],"about":[{"href":"https:\/\/www.uta.cl\/index.php\/wp-json\/wp\/v2\/types\/post"}],"author":[{"embeddable":true,"href":"https:\/\/www.uta.cl\/index.php\/wp-json\/wp\/v2\/users\/1"}],"replies":[{"embeddable":true,"href":"https:\/\/www.uta.cl\/index.php\/wp-json\/wp\/v2\/comments?post=22397"}],"version-history":[{"count":2,"href":"https:\/\/www.uta.cl\/index.php\/wp-json\/wp\/v2\/posts\/22397\/revisions"}],"predecessor-version":[{"id":22411,"href":"https:\/\/www.uta.cl\/index.php\/wp-json\/wp\/v2\/posts\/22397\/revisions\/22411"}],"wp:featuredmedia":[{"embeddable":true,"href":"https:\/\/www.uta.cl\/index.php\/wp-json\/wp\/v2\/media\/22398"}],"wp:attachment":[{"href":"https:\/\/www.uta.cl\/index.php\/wp-json\/wp\/v2\/media?parent=22397"}],"wp:term":[{"taxonomy":"category","embeddable":true,"href":"https:\/\/www.uta.cl\/index.php\/wp-json\/wp\/v2\/categories?post=22397"},{"taxonomy":"post_tag","embeddable":true,"href":"https:\/\/www.uta.cl\/index.php\/wp-json\/wp\/v2\/tags?post=22397"}],"curies":[{"name":"wp","href":"https:\/\/api.w.org\/{rel}","templated":true}]}}