{"id":22389,"date":"2020-01-13T17:20:21","date_gmt":"2020-01-13T17:20:21","guid":{"rendered":"https:\/\/www.uta.cl\/?p=22389"},"modified":"2020-01-13T17:20:23","modified_gmt":"2020-01-13T17:20:23","slug":"en-la-uta-se-realiza-el-primer-seminario-del-ano-conectagro-arica-y-parinacota-2020","status":"publish","type":"post","link":"https:\/\/www.uta.cl\/index.php\/2020\/01\/13\/en-la-uta-se-realiza-el-primer-seminario-del-ano-conectagro-arica-y-parinacota-2020\/","title":{"rendered":"En la UTA se realiza el primer seminario del a\u00f1o CONECTAGRO Arica y Parinacota 2020"},"content":{"rendered":"\n<p>La Sociedad Nacional de Agricultura (SNA) inicia este a\u00f1o con el primer seminario Conectagro Arica y Parinacota 2020 en torno a la innovaci\u00f3n, las tecnolog\u00edas y los desaf\u00edos para la agricultura.  <\/p>\n\n\n\n<figure class=\"wp-block-image size-large\"><img loading=\"lazy\" width=\"640\" height=\"461\" src=\"https:\/\/www.uta.cl\/wp-content\/uploads\/2020\/01\/IMG-9806.jpg\" alt=\"\" class=\"wp-image-22390\" srcset=\"https:\/\/www.uta.cl\/wp-content\/uploads\/2020\/01\/IMG-9806.jpg 640w, https:\/\/www.uta.cl\/wp-content\/uploads\/2020\/01\/IMG-9806-300x216.jpg 300w\" sizes=\"(max-width: 640px) 100vw, 640px\" \/><\/figure>\n\n\n\n<p>La actividad realizada en el Auditorio del Departamento de Ingenier\u00eda El\u00e9ctrica Electr\u00f3nica Jorge Benavides Silva, se inici\u00f3 con las palabras de inauguraci\u00f3n a cargo del Secretario General de la SNA, Juan Pablo Matte quien agradeci\u00f3 la colaboraci\u00f3n de la Universidad de Tarapac\u00e1 adem\u00e1s de se\u00f1alar que, \u201choy parte en Arica nuestro primer taller Conectagro. Esto reci\u00e9n comienza, es un tremendo desaf\u00edo. El mundo cambia y Arica no est\u00e1 ajeno a ello, aqu\u00ed ya hace varios a\u00f1os se instalaron empresas semilleras de la m\u00e1s alta tecnolog\u00eda buscando justamente oportunidades, caracter\u00edstica que tiene esta regi\u00f3n para poder desarrollar sus proyectos. Esta es una regi\u00f3n que est\u00e1 probablemente en el margen de la tecnolog\u00eda, haciendo de la agricultura en el desierto muy dif\u00edcil y compleja que solo los agricultores de Arica han sido capaces de enfrentar estos desaf\u00edos y lograr desarrollar la agricultura\u201d.  <\/p>\n\n\n\n<p>Agreg\u00f3\nque, \u201clos cambios que vienen son cada vez m\u00e1s acelerados y que nos\nconfunden y por eso sentimos que requerimos de un sentido de\ncolaboraci\u00f3n mucho m\u00e1s amplia del que hemos tenido hasta ahora. Un\nejemplo de ello, es que tenemos en Chile el record mundial en\nrendimiento en ma\u00edz y trigo, y ello se ha logrado gracias al\ntremendo trabajo que han realizado los agricultores, la academia, de\nlos alumnos en pr\u00e1ctica, etc. Sin embargo ese estatus de record\nmundial se logr\u00f3 aproximadamente en 20 a\u00f1os, hoy es imposible, los\ncambios son mucho m\u00e1s acelerados\u201d. \n<\/p>\n\n\n\n<p>\u201cComo\ninstituci\u00f3n con 181 a\u00f1os de historia, queremos ponerle toda fuerza\ne impulso para lograr esta forma de conexi\u00f3n entre distintos y\ndiversos actores para enfrentar juntos este desaf\u00edo, este mundo que\nrequiere crecientemente alimentos, con la finalidad de visibilizar\nlos desaf\u00edos de los agricultores quienes deben ser capaces de\ndistinguir los cambios que exige todo este medioambiente de los\nmercados, consumidores, clima, etc., y conectarnos entonces con\nnuevas ideas para solucionar los problemas de los agricultores y los\nnuevos desaf\u00edos para esta \u00e1rea\u201d, indic\u00f3 el Secretario General de\nla SNA, Juan Pablo Matte. \n<\/p>\n\n\n\n<p>En\ntanto, el Dr. Carlos Leiva Sajuria, Vicerrector Acad\u00e9mico (S) de la\nUniversidad de Tarapac\u00e1 dio las palabras de bienvenida a los\nasistentes indicando que, \u201cla UTA debe enfrentar enormes desaf\u00edos\ncomo formar j\u00f3venes para un mundo cambiante donde deben enfrentar\ngrandes problemas a solucionar y por eso es tan importante que nos\nenteremos de innovaci\u00f3n, desarrollo y principalmente de los avances\nen agricultura. En nuestra Universidad, nuestra carrera de Agronom\u00eda\ndesde sus primeros indicios parte con el Centro de Investigaci\u00f3n y\nCapacitaci\u00f3n Agr\u00edcola hace unos 50 a\u00f1os, llevamos actualmente\naproximadamente 300 ingenieros agr\u00f3nomos titulados, contamos con\nproyectos de punta a nivel nacional e internacional, poseemos nuestra\nrevista Idesia y tenemos tambi\u00e9n la conciencia de que nuestra\nInstituci\u00f3n tiene la obligaci\u00f3n de pertenecer e integrarse a todas\nlas iniciativas de innovaci\u00f3n, por ello la UTA se siente complacida\nde acoger en Arica el inicio de esta serie de talleres Conectagro,\nporque realmente es nuestra tarea\u201d. \n<\/p>\n\n\n\n<p>La\nactividad prosigui\u00f3 con la ponencia titulada \u201cPerspectivas\nregionales de agritech, a cargo del experto internacional Marnix\nDoorn, gerente de desarrollo de negocios de Fraunhofer Chile, quien\nexpuso sobre las tendencias agritech que dominar\u00e1n el panorama\nregional, con \u00e9nfasis en energ\u00eda solar y desalinizaci\u00f3n, para\ncontinuar con el conversatorio \u201cDesaf\u00edos y tareas del agro en\nArica\u201d, espacio que cont\u00f3 con la participaci\u00f3n de Jos\u00e9 Machare,\ndirector del Instituto Cient\u00edfico del Agua de Per\u00fa; David Casanova,\ndirector del Instituto Nacional de Innovaci\u00f3n Agraria del Per\u00fa;\nPatricio Mu\u00f1oz, doctor en biotecnolog\u00eda e investigador UC Davis y\nel Dr. Claudio Parra, qu\u00edmico investigador de la Universidad de\nTarapac\u00e1. \n<\/p>\n\n\n\n<p>El\nencuentro concluy\u00f3 con la presentaci\u00f3n de Waki Labs, quienes\nexpusieron sobre su historia como emprendimiento agritech exitoso,\ntraspasando las claves y desaf\u00edos para incorporar tecnolog\u00eda de\nforma exitosa, como un aliado para la producci\u00f3n de alimentos en la\nregi\u00f3n. \n<\/p>\n\n\n\n<figure class=\"wp-block-image size-large\"><a href=\"https:\/\/photos.app.goo.gl\/LJuzDFfVGurZ2b7Z8\" target=\"_blank\" rel=\"noreferrer noopener\"><img loading=\"lazy\" width=\"300\" height=\"60\" src=\"https:\/\/www.uta.cl\/wp-content\/uploads\/2019\/05\/ver_galeria.jpg\" alt=\"\" class=\"wp-image-8828\"\/><\/a><\/figure>\n","protected":false},"excerpt":{"rendered":"<p>Santander, la Universidad de Tarapac\u00e1, CORFO y Fraunhofer Chile, cont\u00f3 con la presencia de autoridades regionales, autoridades universitarias, acad\u00e9micos, estudiantes, agricultores y profesionales del \u00e1rea. <\/p>\n","protected":false},"author":1,"featured_media":22390,"comment_status":"open","ping_status":"open","sticky":false,"template":"","format":"standard","meta":[],"categories":[51],"tags":[],"_links":{"self":[{"href":"https:\/\/www.uta.cl\/index.php\/wp-json\/wp\/v2\/posts\/22389"}],"collection":[{"href":"https:\/\/www.uta.cl\/index.php\/wp-json\/wp\/v2\/posts"}],"about":[{"href":"https:\/\/www.uta.cl\/index.php\/wp-json\/wp\/v2\/types\/post"}],"author":[{"embeddable":true,"href":"https:\/\/www.uta.cl\/index.php\/wp-json\/wp\/v2\/users\/1"}],"replies":[{"embeddable":true,"href":"https:\/\/www.uta.cl\/index.php\/wp-json\/wp\/v2\/comments?post=22389"}],"version-history":[{"count":1,"href":"https:\/\/www.uta.cl\/index.php\/wp-json\/wp\/v2\/posts\/22389\/revisions"}],"predecessor-version":[{"id":22391,"href":"https:\/\/www.uta.cl\/index.php\/wp-json\/wp\/v2\/posts\/22389\/revisions\/22391"}],"wp:featuredmedia":[{"embeddable":true,"href":"https:\/\/www.uta.cl\/index.php\/wp-json\/wp\/v2\/media\/22390"}],"wp:attachment":[{"href":"https:\/\/www.uta.cl\/index.php\/wp-json\/wp\/v2\/media?parent=22389"}],"wp:term":[{"taxonomy":"category","embeddable":true,"href":"https:\/\/www.uta.cl\/index.php\/wp-json\/wp\/v2\/categories?post=22389"},{"taxonomy":"post_tag","embeddable":true,"href":"https:\/\/www.uta.cl\/index.php\/wp-json\/wp\/v2\/tags?post=22389"}],"curies":[{"name":"wp","href":"https:\/\/api.w.org\/{rel}","templated":true}]}}