{"id":22226,"date":"2019-12-16T19:17:27","date_gmt":"2019-12-16T19:17:27","guid":{"rendered":"https:\/\/www.uta.cl\/?p=22226"},"modified":"2019-12-18T12:08:56","modified_gmt":"2019-12-18T12:08:56","slug":"alianza-estrategica-entre-la-uta-y-las-alcaldias-de-camarones-general-lagos-y-putre-ira-en-pos-del-desarrollo-economico-y-territorial","status":"publish","type":"post","link":"https:\/\/www.uta.cl\/index.php\/2019\/12\/16\/alianza-estrategica-entre-la-uta-y-las-alcaldias-de-camarones-general-lagos-y-putre-ira-en-pos-del-desarrollo-economico-y-territorial\/","title":{"rendered":"Alianza estrat\u00e9gica entre la UTA y las alcald\u00edas de Camarones, General Lagos y Putre ir\u00e1 en pos del desarrollo econ\u00f3mico y territorial"},"content":{"rendered":"\n<p>Con el objetivo de concretar una alianza estrat\u00e9gica entre la Universidad de Tarapac\u00e1 y los municipios rurales, este viernes 13 de diciembre se sostuvo un importante y exitoso encuentro entre el Rector de la Universidad de Tarapac\u00e1, Dr. Emilio Rodr\u00edguez Ponce, el alcalde de la Municipalidad de Camarones, Iv\u00e1n Romero Menacho, de la Municipalidad de General Lagos, Alex Castillo Blas, el administrador municipal de la comuna de Putre, Fabi\u00e1n Hilaja, en representaci\u00f3n de la alcaldesa Maricel Guti\u00e9rrez y Juan Jofr\u00e9 Gallardo, en representaci\u00f3n del diputado Luis Rocafull L\u00f3pez.<\/p>\n\n\n\n<figure class=\"wp-block-image size-large\"><img loading=\"lazy\" width=\"1000\" height=\"667\" src=\"https:\/\/www.uta.cl\/wp-content\/uploads\/2019\/12\/foto-principal-nota.jpg\" alt=\"\" class=\"wp-image-22232\" srcset=\"https:\/\/www.uta.cl\/wp-content\/uploads\/2019\/12\/foto-principal-nota.jpg 1000w, https:\/\/www.uta.cl\/wp-content\/uploads\/2019\/12\/foto-principal-nota-300x200.jpg 300w, https:\/\/www.uta.cl\/wp-content\/uploads\/2019\/12\/foto-principal-nota-768x512.jpg 768w\" sizes=\"(max-width: 1000px) 100vw, 1000px\" \/><\/figure>\n\n\n\n<p>Asimismo estuvieron presentes la Vicerrectora de Desarrollo Estrat\u00e9gico (S), Bernardina Cisternas Arapio, el Director de Extensi\u00f3n y Vinculaci\u00f3n con el Medio, Sergio Medina Parra, la Directora General de Gabinete (S), Nieves Rubio Medina y el equipo de profesionales del Observatorio de Desarrollo Estrat\u00e9gico (ODER), encabezado por su encargado, Pedro Tobar Le\u00f3n.  <\/p>\n\n\n\n<p>Durante\nel encuentro la alianza estrat\u00e9gica conformada permiti\u00f3 planificar\nel acuerdo entre las comunas rurales y el Observatorio de Desarrollo\nEstrat\u00e9gico (ODER) de la Universidad de Tarapac\u00e1 para crear una\nplanificaci\u00f3n de trabajo en conjunto para el a\u00f1o 2020, donde se\ncuenta con la realizaci\u00f3n de capacitaciones y visibilizaci\u00f3n del\npotencial econ\u00f3mico, tur\u00edstico y territorial de la comuna de\nCamarones y la Provincia de Parinacota. \n<\/p>\n\n\n\n<p>Durante\nel encuentro los alcaldes presentaron al equipo t\u00e9cnico de la UTA la\nnecesidad de articular instancias para que emprendedores y\nemprendedoras conozcan los incentivos tributarios, reactivar la\neconom\u00eda, mejoramiento de la calidad de vida de las personas de las\ncomunas rurales e incentivar una pol\u00edtica p\u00fablica que fomente un\nPuerto Seco en la localidad de Visviri, para crear un polo de\ndesarrollo tur\u00edstico y econ\u00f3mico, potenciar la frontera, creando\nactividad entre Arica y Visviri, mejorar e identificar las\nestrategias tur\u00edsticas y potenciar el repoblamiento de las comunas\nrurales, entre otros importantes temas. \n<\/p>\n\n\n\n<p>\u201cEstamos haciendo una alianza estrat\u00e9gica, qu\u00e9 hoy d\u00eda hemos formalizado en t\u00e9rminos de palabras de compromisos, en t\u00e9rminos simb\u00f3licos de llevar a cabo un trabajo mancomunado entre cada uno de los municipios rurales de la regi\u00f3n y la Universidad de Tarapac\u00e1, para favorecer el desarrollo regional y territorial, apostando a poder responder de manera satisfactoria a las demandas que tenemos desde el territorio, desde las comunas\u201d, explic\u00f3 el Rector de la Universidad de Tarapac\u00e1.  <\/p>\n\n\n\n<p>La m\u00e1xima autoridad universitaria agreg\u00f3 que, \u201cen este contexto estamos pensando en capacitaciones para micro emprendedores en el manejo del dfl15, para que puedan formar parte del sistema de ChileCompra y puedan abastecer a las comunas rurales, es decir, una serie de cuestiones vinculadas al  emprendimiento, pero tambi\u00e9n algunas otras que tengan que ver con evaluaci\u00f3n de algunos proyectos de mayor alcance y seminarios que permitan difundir el potencial que tenemos en las comunas rurales para el desarrollo, pero tambi\u00e9n las claras ventajas competitivas que en algunas de ellas se dan a trav\u00e9s de sus recursos naturales y patrimonio natural realmente valios\u00edsimo de primer nivel internacional, pero que requiere ser difundido proyectado y puesto en valor\u201d, explic\u00f3 el Rector Dr. Emilio Rodr\u00edguez Ponce.  <\/p>\n\n\n\n<p>En tanto, el alcalde de Camarones, Iv\u00e1n Romero Menacho, resalt\u00f3 el encuentro indicando que, \u201ceste es el resultado de una reuni\u00f3n que tuvimos en Putre con los alcaldes rurales Maricel Gutierrez y Alex Castillo, donde hemos acordado participar con la UTA para hacer diferentes actividades que vayan en beneficio de nuestros emprendedores y hemos encontrado una acogida en el Rector tremendamente significativa. \u00c9l ha puesto a disposici\u00f3n su equipo t\u00e9cnico para quebrar una situaci\u00f3n que nos acontece en las comunas rurales que es el despoblamiento con emprendimientos, seminarios, con proyectos. Estamos muy contentos, hoy comienza un nuevo despertar que le hemos puesto el 2020, donde vamos a tener diferentes resultados que van a ir en beneficio de nuestra gente las comunas rurales de la regi\u00f3n de Arica y Parinacota\u201d.<\/p>\n\n\n\n<p>Por su parte, el alcalde de General Lagos, Alex Castillo Blas, reiter\u00f3 los agradecimientos a la Universidad de Tarapac\u00e1, expresando que, \u201cla UTA a nivel regional y nivel a nacional tiene una destacada presencia, donde hoy es importante articular, que los instrumentos que existen en el contexto educativo, en la inversi\u00f3n p\u00fablica y privada tengan un enfoque, un objetivo principal. En esta oportunidad, nos reunimos con el Rector justamente para poder trabajar en conjunto respecto a una estrategia que pueda colaborar en el contexto del desarrollo de los emprendimientos, pero tambi\u00e9n con otras iniciativas que tienen relaci\u00f3n directa con el mejoramiento de la calidad de vida de las personas\u201d.  <\/p>\n\n\n\n<p>Finalmente, el Diputado Luis Rocafull L\u00f3pez, quien no pudo estar presente en el encuentro, envi\u00f3 un mensaje donde expres\u00f3 y celebr\u00f3 la aceptaci\u00f3n, de la Universidad de Tarapac\u00e1 por aceptar y colaborar en pos del desarrollo de las comunas rurales. \u201cEl hecho de poder aprovechar el conocimiento, la sabidur\u00eda, la experticia de la Universidad y poder acercarla a las localidades rurales, que tienen los insumos, pero requieren de una orientaci\u00f3n, de una capacitaci\u00f3n, de conocer mejor sus ventajas comparativas y competitivas, y por supuesto mejorarlas para desarrollarse en las actividades econ\u00f3micas naturales que tienen ellos. En el caso de la pesca en camarones, el turismo en Putre, es importante que se integre la Provincia de Parinacota dentro de la log\u00edstica de traslado de mercader\u00eda (desde y hacia Bolivia) Creo que es importante incluirla a trav\u00e9s de un Puerto Seco. Es una expectativa que se podr\u00eda mejorar, analizar y poder entregar un veredicto y una propuesta desde la universidad respecto a eso.  <\/p>\n\n\n\n<p>Concluy\u00f3 resaltando que, \u201cestoy ansioso, contento, optimista de poder mirar el futuro en conjunto. Alianza de los diputados, senadores, alcaldes, ciudadan\u00eda y por supuesto la universidad. Creo que de esa manera nos potenciamos como regi\u00f3n\u201d.<\/p>\n\n\n\n<p><strong>Apoyo\nde la Universidad de Tarapac\u00e1<\/strong><\/p>\n\n\n\n<p>En\nesta nueva alianza estrat\u00e9gica con las comunas rurales, esta Casa de\nEstudios Superiores dar\u00e1 respuesta a trav\u00e9s del Observatorio de\nDesarrollo Estrat\u00e9gico (ODER), a trav\u00e9s de la generaci\u00f3n de un\nconjunto de proyectos y un programa para el a\u00f1o 2020, tales como la\nplanificaci\u00f3n de capacitaciones en temas de incentivos tributarios,\npostulaci\u00f3n al DFL15 y evaluar algunos proyectos que puedan ser\nimportantes para el desarrollo de estos territorios. \n<\/p>\n\n\n\n<p>Para\nello, se contempla la pr\u00f3xima semana la primera reuni\u00f3n de trabajo\nentre las alcald\u00edas y el observatorio. \u201cLa idea\nde la primera reuni\u00f3n es llegar a un punto de acuerdo para tener un\nplan de trabajo el 2020 y atraer inversiones a la Provincia de\nParinacota y a la comuna de Camarones,&nbsp;con la finalidad de\ntrabajar con ellos&nbsp;en todo el proceso de fomento productivo de\nsus emprendedores\u201d, indic\u00f3&nbsp;Pedro Tobar, Director del\nObservatorio de Desarrollo Estrat\u00e9gico de la Universidad de\nTarapac\u00e1.&nbsp;<\/p>\n\n\n\n<figure class=\"wp-block-gallery columns-3 is-cropped\"><ul class=\"blocks-gallery-grid\"><li class=\"blocks-gallery-item\"><figure><img loading=\"lazy\" width=\"1000\" height=\"666\" src=\"https:\/\/www.uta.cl\/wp-content\/uploads\/2019\/12\/000_DSC_8846.jpg\" alt=\"\" data-id=\"22231\" data-full-url=\"https:\/\/www.uta.cl\/wp-content\/uploads\/2019\/12\/000_DSC_8846.jpg\" data-link=\"https:\/\/www.uta.cl\/?attachment_id=22231\" class=\"wp-image-22231\" srcset=\"https:\/\/www.uta.cl\/wp-content\/uploads\/2019\/12\/000_DSC_8846.jpg 1000w, https:\/\/www.uta.cl\/wp-content\/uploads\/2019\/12\/000_DSC_8846-300x200.jpg 300w, https:\/\/www.uta.cl\/wp-content\/uploads\/2019\/12\/000_DSC_8846-768x511.jpg 768w\" sizes=\"(max-width: 1000px) 100vw, 1000px\" \/><\/figure><\/li><li class=\"blocks-gallery-item\"><figure><img loading=\"lazy\" width=\"1000\" height=\"666\" src=\"https:\/\/www.uta.cl\/wp-content\/uploads\/2019\/12\/000_DSC_8839.jpg\" alt=\"\" data-id=\"22230\" data-full-url=\"https:\/\/www.uta.cl\/wp-content\/uploads\/2019\/12\/000_DSC_8839.jpg\" data-link=\"https:\/\/www.uta.cl\/?attachment_id=22230\" class=\"wp-image-22230\" srcset=\"https:\/\/www.uta.cl\/wp-content\/uploads\/2019\/12\/000_DSC_8839.jpg 1000w, https:\/\/www.uta.cl\/wp-content\/uploads\/2019\/12\/000_DSC_8839-300x200.jpg 300w, https:\/\/www.uta.cl\/wp-content\/uploads\/2019\/12\/000_DSC_8839-768x511.jpg 768w\" sizes=\"(max-width: 1000px) 100vw, 1000px\" \/><\/figure><\/li><li class=\"blocks-gallery-item\"><figure><img loading=\"lazy\" width=\"1000\" height=\"666\" src=\"https:\/\/www.uta.cl\/wp-content\/uploads\/2019\/12\/000_DSC_8838.jpg\" alt=\"\" data-id=\"22229\" data-full-url=\"https:\/\/www.uta.cl\/wp-content\/uploads\/2019\/12\/000_DSC_8838.jpg\" data-link=\"https:\/\/www.uta.cl\/?attachment_id=22229\" class=\"wp-image-22229\" srcset=\"https:\/\/www.uta.cl\/wp-content\/uploads\/2019\/12\/000_DSC_8838.jpg 1000w, https:\/\/www.uta.cl\/wp-content\/uploads\/2019\/12\/000_DSC_8838-300x200.jpg 300w, https:\/\/www.uta.cl\/wp-content\/uploads\/2019\/12\/000_DSC_8838-768x511.jpg 768w\" sizes=\"(max-width: 1000px) 100vw, 1000px\" \/><\/figure><\/li><li class=\"blocks-gallery-item\"><figure><img loading=\"lazy\" width=\"1000\" height=\"666\" src=\"https:\/\/www.uta.cl\/wp-content\/uploads\/2019\/12\/000_DSC_8836.jpg\" alt=\"\" data-id=\"22228\" data-full-url=\"https:\/\/www.uta.cl\/wp-content\/uploads\/2019\/12\/000_DSC_8836.jpg\" data-link=\"https:\/\/www.uta.cl\/?attachment_id=22228\" class=\"wp-image-22228\" srcset=\"https:\/\/www.uta.cl\/wp-content\/uploads\/2019\/12\/000_DSC_8836.jpg 1000w, https:\/\/www.uta.cl\/wp-content\/uploads\/2019\/12\/000_DSC_8836-300x200.jpg 300w, https:\/\/www.uta.cl\/wp-content\/uploads\/2019\/12\/000_DSC_8836-768x511.jpg 768w\" sizes=\"(max-width: 1000px) 100vw, 1000px\" \/><\/figure><\/li><li class=\"blocks-gallery-item\"><figure><img loading=\"lazy\" width=\"1000\" height=\"666\" src=\"https:\/\/www.uta.cl\/wp-content\/uploads\/2019\/12\/000_DSC_8833.jpg\" alt=\"\" data-id=\"22227\" data-full-url=\"https:\/\/www.uta.cl\/wp-content\/uploads\/2019\/12\/000_DSC_8833.jpg\" data-link=\"https:\/\/www.uta.cl\/?attachment_id=22227\" class=\"wp-image-22227\" srcset=\"https:\/\/www.uta.cl\/wp-content\/uploads\/2019\/12\/000_DSC_8833.jpg 1000w, https:\/\/www.uta.cl\/wp-content\/uploads\/2019\/12\/000_DSC_8833-300x200.jpg 300w, https:\/\/www.uta.cl\/wp-content\/uploads\/2019\/12\/000_DSC_8833-768x511.jpg 768w\" sizes=\"(max-width: 1000px) 100vw, 1000px\" \/><\/figure><\/li><\/ul><\/figure>\n","protected":false},"excerpt":{"rendered":"<p>Instancia fue generada por el diputado Luis Rocafull quien se comprometi\u00f3 a generar una reuni\u00f3n entre esta Casa de Estudios Superiores y las alcald\u00edas rurales, como parte de la agenda de trabajo que mantienen los parlamentarios y alcaldes rurales de la regi\u00f3n.<\/p>\n","protected":false},"author":1,"featured_media":22232,"comment_status":"open","ping_status":"open","sticky":false,"template":"","format":"standard","meta":[],"categories":[],"tags":[],"_links":{"self":[{"href":"https:\/\/www.uta.cl\/index.php\/wp-json\/wp\/v2\/posts\/22226"}],"collection":[{"href":"https:\/\/www.uta.cl\/index.php\/wp-json\/wp\/v2\/posts"}],"about":[{"href":"https:\/\/www.uta.cl\/index.php\/wp-json\/wp\/v2\/types\/post"}],"author":[{"embeddable":true,"href":"https:\/\/www.uta.cl\/index.php\/wp-json\/wp\/v2\/users\/1"}],"replies":[{"embeddable":true,"href":"https:\/\/www.uta.cl\/index.php\/wp-json\/wp\/v2\/comments?post=22226"}],"version-history":[{"count":2,"href":"https:\/\/www.uta.cl\/index.php\/wp-json\/wp\/v2\/posts\/22226\/revisions"}],"predecessor-version":[{"id":22235,"href":"https:\/\/www.uta.cl\/index.php\/wp-json\/wp\/v2\/posts\/22226\/revisions\/22235"}],"wp:featuredmedia":[{"embeddable":true,"href":"https:\/\/www.uta.cl\/index.php\/wp-json\/wp\/v2\/media\/22232"}],"wp:attachment":[{"href":"https:\/\/www.uta.cl\/index.php\/wp-json\/wp\/v2\/media?parent=22226"}],"wp:term":[{"taxonomy":"category","embeddable":true,"href":"https:\/\/www.uta.cl\/index.php\/wp-json\/wp\/v2\/categories?post=22226"},{"taxonomy":"post_tag","embeddable":true,"href":"https:\/\/www.uta.cl\/index.php\/wp-json\/wp\/v2\/tags?post=22226"}],"curies":[{"name":"wp","href":"https:\/\/api.w.org\/{rel}","templated":true}]}}