{"id":22207,"date":"2019-12-11T12:31:20","date_gmt":"2019-12-11T12:31:20","guid":{"rendered":"https:\/\/www.uta.cl\/?p=22207"},"modified":"2019-12-11T12:31:22","modified_gmt":"2019-12-11T12:31:22","slug":"primer-cabildo-nacional-de-psicologia","status":"publish","type":"post","link":"https:\/\/www.uta.cl\/index.php\/2019\/12\/11\/primer-cabildo-nacional-de-psicologia\/","title":{"rendered":"Primer Cabildo Nacional de Psicolog\u00eda"},"content":{"rendered":"\n<p>Este s\u00e1bado 14 de Diciembre del 2019 y a lo largo de todo el pa\u00eds tendr\u00e1 lugar el primer cabildo de psicolog\u00eda, el cual pretende reunir a una amplia variedad y diversidad de psic\u00f3logos\/as y estudiantes de psicolog\u00eda. En este encuentro se abordar\u00e1n los dilemas presentes en la ciudadan\u00eda, los acontecimientos de los estallidos sociales que remecen nuestro pa\u00eds y las posibles formas de aportar desde la psicolog\u00eda.<\/p>\n\n\n\n<figure class=\"wp-block-image size-large\"><img loading=\"lazy\" width=\"604\" height=\"410\" src=\"https:\/\/www.uta.cl\/wp-content\/uploads\/2019\/12\/Afiche-Difusi\u00f3n-Cabildo-Nacional-Psicolog\u00eda.jpg\" alt=\"\" class=\"wp-image-22208\" srcset=\"https:\/\/www.uta.cl\/wp-content\/uploads\/2019\/12\/Afiche-Difusi\u00f3n-Cabildo-Nacional-Psicolog\u00eda.jpg 604w, https:\/\/www.uta.cl\/wp-content\/uploads\/2019\/12\/Afiche-Difusi\u00f3n-Cabildo-Nacional-Psicolog\u00eda-300x204.jpg 300w\" sizes=\"(max-width: 604px) 100vw, 604px\" \/><\/figure>\n\n\n\n<p>Como resultado de la conversaci\u00f3n de diversos representantes de organizaciones de la psicolog\u00eda chilena, se materializar\u00e1 este s\u00e1bado 14 de Diciembre el primer cabildo de psicolog\u00eda chilena, el cual tiene como lema \u201c<em>Construyendo una salud mental que dignifique\u201d.<\/em>\u00a0Estos cabildos estar\u00e1n conformados por psic\u00f3logos\/as y estudiantes de psicolog\u00eda en todas las regiones de nuestro pa\u00eds, desarroll\u00e1ndose cabildos ya confirmados en al menos 2 ciudades por cada una de las 16 regiones del pa\u00eds,\u00a0<\/p>\n\n\n\n<p>Si bien, en lo formal no es el primer cabildo que psic\u00f3logos\/as y\/o estudiantes de psicolog\u00eda (pues han existido diversas iniciativas de encuentro y discusi\u00f3n vinculadas a los acontecimientos que remueven al pueblo chileno y que han sido bastantes fruct\u00edferas en diferentes Universidades y centros de estudio, el valor principal de este encuentro recae en su car\u00e1cter nacional amplio, colaborativo y respaldado por organizaciones de la psicolog\u00eda chilena<\/p>\n\n\n\n<p>Esta organizaci\u00f3n, pretende consensuar respuestas, identificar los problemas con los que se encuentra hoy la psicolog\u00eda en el pa\u00eds en el contexto actual y presentar propuestas para contribuir a la superaci\u00f3n del escenario actual.<\/p>\n\n\n\n<p>En palabras de Rodrigo Molina, Secretario General del Colegio de Psic\u00f3logos de Chile:\u00a0<em>\u201cLa importancia de esta instancia es que podamos mostrar que los psic\u00f3logos como disciplina somos capaces de lograr una organizaci\u00f3n y un encuentro a nivel nacional que refleje la diversidad de voces y miradas que se encuentren en el pa\u00eds respecto a los cambios sociales<\/em>\u00a0<em>que son necesarios para el futuro y el bienestar de Chile\u201d.<\/em><\/p>\n\n\n\n<p>Como resultado de esta instancia y de los diversos cabildos convocados en cada regi\u00f3n del pa\u00eds para este 14 de Diciembre, se pretende consensuar propuestas y l\u00edneas de acci\u00f3n las cuales ser\u00e1n utilizados por los diferentes centros, organizaciones y agrupaciones, como insumos que les permitan desarrollar los diferentes ejes estrat\u00e9gicos de trabajo para los pr\u00f3ximos a\u00f1os.<\/p>\n\n\n\n<p>En palabras de Marcelo Urra, de la Revista chilenas de Posracionalismo:<em>\u00a0\u201cEste tipo de instancias y la sumatoria con los cabildos anteriores que han sido m\u00e1s locales, permitir\u00e1 de alguna manera mostrar el importante aporte que puede hacer la psicolog\u00eda organizada para el desarrollo del pa\u00eds sobre todo en estos momentos en que m\u00e1s se necesita\u201d<\/em><\/p>\n","protected":false},"excerpt":{"rendered":"<p>Este s\u00e1bado 14 de Diciembre del 2019 y a lo largo de todo el pa\u00eds tendr\u00e1 lugar el primer cabildo de psicolog\u00eda, el cual pretende reunir a una amplia variedad y diversidad de psic\u00f3logos\/as y estudiantes de psicolog\u00eda. En este encuentro se abordar\u00e1n los dilemas presentes en la ciudadan\u00eda, los acontecimientos de los estallidos sociales [&hellip;]<\/p>\n","protected":false},"author":1,"featured_media":22208,"comment_status":"open","ping_status":"open","sticky":false,"template":"","format":"standard","meta":[],"categories":[],"tags":[],"_links":{"self":[{"href":"https:\/\/www.uta.cl\/index.php\/wp-json\/wp\/v2\/posts\/22207"}],"collection":[{"href":"https:\/\/www.uta.cl\/index.php\/wp-json\/wp\/v2\/posts"}],"about":[{"href":"https:\/\/www.uta.cl\/index.php\/wp-json\/wp\/v2\/types\/post"}],"author":[{"embeddable":true,"href":"https:\/\/www.uta.cl\/index.php\/wp-json\/wp\/v2\/users\/1"}],"replies":[{"embeddable":true,"href":"https:\/\/www.uta.cl\/index.php\/wp-json\/wp\/v2\/comments?post=22207"}],"version-history":[{"count":1,"href":"https:\/\/www.uta.cl\/index.php\/wp-json\/wp\/v2\/posts\/22207\/revisions"}],"predecessor-version":[{"id":22209,"href":"https:\/\/www.uta.cl\/index.php\/wp-json\/wp\/v2\/posts\/22207\/revisions\/22209"}],"wp:featuredmedia":[{"embeddable":true,"href":"https:\/\/www.uta.cl\/index.php\/wp-json\/wp\/v2\/media\/22208"}],"wp:attachment":[{"href":"https:\/\/www.uta.cl\/index.php\/wp-json\/wp\/v2\/media?parent=22207"}],"wp:term":[{"taxonomy":"category","embeddable":true,"href":"https:\/\/www.uta.cl\/index.php\/wp-json\/wp\/v2\/categories?post=22207"},{"taxonomy":"post_tag","embeddable":true,"href":"https:\/\/www.uta.cl\/index.php\/wp-json\/wp\/v2\/tags?post=22207"}],"curies":[{"name":"wp","href":"https:\/\/api.w.org\/{rel}","templated":true}]}}