{"id":22045,"date":"2019-11-25T13:13:29","date_gmt":"2019-11-25T13:13:29","guid":{"rendered":"https:\/\/www.uta.cl\/?p=22045"},"modified":"2019-11-25T13:13:32","modified_gmt":"2019-11-25T13:13:32","slug":"universidad-de-tarapaca-realiza-conversatorio-en-el-contexto-de-la-actual-movilizacion-en-chile","status":"publish","type":"post","link":"https:\/\/www.uta.cl\/index.php\/2019\/11\/25\/universidad-de-tarapaca-realiza-conversatorio-en-el-contexto-de-la-actual-movilizacion-en-chile\/","title":{"rendered":"Universidad de Tarapac\u00e1 realiza conversatorio en el contexto de la actual movilizaci\u00f3n en Chile"},"content":{"rendered":"\n<p>Con el prop\u00f3sito de conversar y reflexionar sobre la crisis social y pol\u00edtica que vive el pa\u00eds, este martes 19 de noviembre, se realiz\u00f3 un conversatorio organizado por la Escuela de Derecho de la Facultad de Ciencias Sociales y Jur\u00eddicas (FACSOJUR) de la Universidad de Tarapac\u00e1.  <\/p>\n\n\n\n<figure class=\"wp-block-gallery columns-2 is-cropped\"><ul class=\"blocks-gallery-grid\"><li class=\"blocks-gallery-item\"><figure><a href=\"https:\/\/www.uta.cl\/wp-content\/uploads\/2019\/11\/000_DSC_8205.jpg\"><img loading=\"lazy\" width=\"1000\" height=\"666\" src=\"https:\/\/www.uta.cl\/wp-content\/uploads\/2019\/11\/000_DSC_8205.jpg\" alt=\"\" data-id=\"22050\" data-full-url=\"https:\/\/www.uta.cl\/wp-content\/uploads\/2019\/11\/000_DSC_8205.jpg\" data-link=\"https:\/\/www.uta.cl\/?attachment_id=22050\" class=\"wp-image-22050\" srcset=\"https:\/\/www.uta.cl\/wp-content\/uploads\/2019\/11\/000_DSC_8205.jpg 1000w, https:\/\/www.uta.cl\/wp-content\/uploads\/2019\/11\/000_DSC_8205-300x200.jpg 300w, https:\/\/www.uta.cl\/wp-content\/uploads\/2019\/11\/000_DSC_8205-768x511.jpg 768w\" sizes=\"(max-width: 1000px) 100vw, 1000px\" \/><\/a><\/figure><\/li><li class=\"blocks-gallery-item\"><figure><a href=\"https:\/\/www.uta.cl\/wp-content\/uploads\/2019\/11\/000_DSC_8200.jpg\"><img loading=\"lazy\" width=\"1000\" height=\"666\" src=\"https:\/\/www.uta.cl\/wp-content\/uploads\/2019\/11\/000_DSC_8200.jpg\" alt=\"\" data-id=\"22048\" data-full-url=\"https:\/\/www.uta.cl\/wp-content\/uploads\/2019\/11\/000_DSC_8200.jpg\" data-link=\"https:\/\/www.uta.cl\/?attachment_id=22048\" class=\"wp-image-22048\" srcset=\"https:\/\/www.uta.cl\/wp-content\/uploads\/2019\/11\/000_DSC_8200.jpg 1000w, https:\/\/www.uta.cl\/wp-content\/uploads\/2019\/11\/000_DSC_8200-300x200.jpg 300w, https:\/\/www.uta.cl\/wp-content\/uploads\/2019\/11\/000_DSC_8200-768x511.jpg 768w\" sizes=\"(max-width: 1000px) 100vw, 1000px\" \/><\/a><\/figure><\/li><\/ul><\/figure>\n\n\n\n<p>La\nactividad desarrollada en la sala de eventos de la FACSOJUR, cont\u00f3\ncon la presencia de su Decana Dra. Marietta Ortega Perrier y del\nDirector de la Escuela de Derecho, Carlos Ruiz Larral, instancia en\nla cual se abordaron temas como \u201cAsamblea Constituyente\u201d, a cargo\ndel acad\u00e9mico Javier Valle Silva y \u201cDerechos Humanos\u201d, expuesto\npor la acad\u00e9mica Dra. Marta Contreras Cordano. \n<\/p>\n\n\n\n<p>Durante\nla Jornada la acad\u00e9mica de la Escuela de Derecho, Marta Contreras\nrealiz\u00f3 una introducci\u00f3n expresando que, \u201csabemos que hay una ola\nde protestas sociales, de reivindicaciones sociales que han tomado la\nforma de manifestaciones p\u00fablicas las cuales algunas derivan en\nactos de violencia donde hay una serie de conceptos jur\u00eddicos dando\nvuelta. Una regla b\u00e1sica del derecho que es la jerarqu\u00eda normativa,\nes decir, todas las leyes derivan de normas constitucionales, siguen\nlos lineamientos de la Constituci\u00f3n. Los principios e ideolog\u00eda que\n\u00e9sta tiene expresamente, jerarquiza derechos individuales y civiles\ny de manera bastante mezquina, es decir, los derechos sociales, que\njustamente son los derechos que se est\u00e1n reclamando hoy en d\u00eda y\nque la actual constituci\u00f3n no ha interpretado de manera favorable\u201d.\n\n<\/p>\n\n\n\n<p>Agreg\u00f3\nque, \u201cde hecho, las reformas que se han introducido como la\nreformas educacional, previsional, AFP, etc., no tienen un apoyo en\nla Constituci\u00f3n, es decir, la Carta Fundamental garantiza el\ncumplimiento de los derechos individuales, pero los derechos sociales\nno tienen la posibilidad de ser tratados en tribunales, quedando muy\ndebilitada su exigibilidad. Es decir, se presenta por ejemplo, la\nlibertad a educarse en el cual se expresa este derecho, pero no el\nderecho a educarse donde no hay un apoyo en el recurso para hacerlo\nmucho m\u00e1s efectivo. En este contexto, se podr\u00edan haber dictado\nleyes de contenido mucho m\u00e1s sociales y en ese sentido el Estado de\nChile es un Estado de Derecho pero no social\u201d. \n<\/p>\n\n\n\n<p>Asimismo,\ndestac\u00f3 que al no darse el espacio a los derechos sociales debe\nconstruirse una nueva Constituci\u00f3n que sea m\u00e1s expl\u00edcita es\nnecesario cambiar el n\u00facleo o coraz\u00f3n que bombea al Estado, para\ntener una sociedad m\u00e1s equitativa y que todos tengan m\u00e1s\noportunidades. \n<\/p>\n\n\n\n<p>En\ntanto, el acad\u00e9mico y abogado constitucionalista, Javier Valle,\ninici\u00f3 su conversaci\u00f3n con el tema del \u201cAcuerdo por la Paz Social\ny la Nueva Constituci\u00f3n\u201d, declarada el pasado 15 de noviembre,\ndestacando que, \u201cel car\u00e1cter escueto y precipitado del acuerdo, ha\nabierto un campo para su impugnaci\u00f3n. Hay otros aspectos como el\ndiscurso de los derechos humanos que fueron descuidados\u201d. \n<\/p>\n\n\n\n<p>Adem\u00e1s,\ndescribi\u00f3 y explic\u00f3 los aspectos procedimentales del Acuerdo por la\npaz: \u201cmi evaluaci\u00f3n en cuanto a profesor que soy es en general\npositiva. Hay dos formas de explicarlo, uno es el itinerario donde el\nacuerdo va a consistir en que en el mes de abril del a\u00f1o 2020 vamos\na tener que votar y cuya instancia el voto ser\u00e1 voluntario y\ntendremos que responder dos preguntas \u00bfQuiere usted una nueva\nConstituci\u00f3n? y \u00bfQu\u00e9 tipo de \u00f3rgano deber\u00e1 redactar la nueva\nConstituci\u00f3n? Convenci\u00f3n Mixta Constitucional o Convenci\u00f3n\nConstitucional. Lo curiosos es que el Acuerdo anticipa con tanta\nclaridad que ganar\u00e1 la opci\u00f3n de Convenci\u00f3n Constitucional, lo que\nllamar\u00edamos Asamblea Constituyente, que pr\u00e1cticamente no regula la\nConvenci\u00f3n Mixta, la cual no est\u00e1 regulada\u201d. \n<\/p>\n\n\n\n<p>\u201cLa\nAsamblea Constituyente va a estar conformada en un 100% por personas\nelectas por el pueblo para la elaboraci\u00f3n de la nueva Constituci\u00f3n,\nen cambio la Convenci\u00f3n Mixta Constitucional ser\u00e1 integrada en\npartes iguales por miembros electos para la redacci\u00f3n de la nueva\nConstituci\u00f3n y parlamentarios en ejercicio. La elecci\u00f3n de los\nmiembros de ambas instancias se realizar\u00e1 en octubre del 2020 en\nconjunto con las elecciones regionales y municipales. Dicha asamblea\noperar\u00e1 por el qu\u00f3rum de dos tercios de quienes integran aquella\ninstancia escogida para la redacci\u00f3n. El texto resultante de dicha\nasamblea va a estar sometida a un plebiscito y esta vez el voto ser\u00e1\nobligatorio\u201d, explic\u00f3 el profesor Javier Valle. \n<\/p>\n\n\n\n<p>Por\nsu parte la Decana de la FACSOJUR, Dra. Marietta Ortega Perrier,\nadem\u00e1s de destacar el\n\u00e9xito de convocatoria, se\nrefiri\u00f3 a la importancia de este encuentro se\u00f1alando que, \u201cpara\nla Facultad de Ciencias Jur\u00eddicas y Sociales, para toda la\nUniversidad, fue de gran importancia dar inicio a estos\n&#8220;Conversatorios&#8221; sobre temas de la contingencia, donde\nnuestros acad\u00e9micos puedan presentar distintos temas de su\nespecialidad, en un lenguaje no experto con lo que es posible llegar\na un p\u00fablico heterog\u00e9neo que incluye miembros de la comunidad\nuniversitaria y a toda persona que tiene inter\u00e9s en escuchar,\ninformarse y participar\u201d. \n<\/p>\n\n\n\n<p>El\nencuentro finaliz\u00f3 con las opiniones y consultas de los asistentes,\nlas cuales fueron respondidas por los acad\u00e9micos expositores. \n<\/p>\n\n\n\n<figure class=\"wp-block-gallery columns-3 is-cropped\"><ul class=\"blocks-gallery-grid\"><li class=\"blocks-gallery-item\"><figure><a href=\"https:\/\/www.uta.cl\/wp-content\/uploads\/2019\/11\/DSC_8194.jpg\"><img loading=\"lazy\" width=\"667\" height=\"1000\" src=\"https:\/\/www.uta.cl\/wp-content\/uploads\/2019\/11\/DSC_8194.jpg\" alt=\"\" data-id=\"22052\" data-full-url=\"https:\/\/www.uta.cl\/wp-content\/uploads\/2019\/11\/DSC_8194.jpg\" data-link=\"https:\/\/www.uta.cl\/?attachment_id=22052\" class=\"wp-image-22052\" srcset=\"https:\/\/www.uta.cl\/wp-content\/uploads\/2019\/11\/DSC_8194.jpg 667w, https:\/\/www.uta.cl\/wp-content\/uploads\/2019\/11\/DSC_8194-200x300.jpg 200w\" sizes=\"(max-width: 667px) 100vw, 667px\" \/><\/a><\/figure><\/li><li class=\"blocks-gallery-item\"><figure><a href=\"https:\/\/www.uta.cl\/wp-content\/uploads\/2019\/11\/DSC_8193.jpg\"><img loading=\"lazy\" width=\"667\" height=\"1000\" src=\"https:\/\/www.uta.cl\/wp-content\/uploads\/2019\/11\/DSC_8193.jpg\" alt=\"\" data-id=\"22051\" data-full-url=\"https:\/\/www.uta.cl\/wp-content\/uploads\/2019\/11\/DSC_8193.jpg\" data-link=\"https:\/\/www.uta.cl\/?attachment_id=22051\" class=\"wp-image-22051\" srcset=\"https:\/\/www.uta.cl\/wp-content\/uploads\/2019\/11\/DSC_8193.jpg 667w, https:\/\/www.uta.cl\/wp-content\/uploads\/2019\/11\/DSC_8193-200x300.jpg 200w\" sizes=\"(max-width: 667px) 100vw, 667px\" \/><\/a><\/figure><\/li><li class=\"blocks-gallery-item\"><figure><a href=\"https:\/\/www.uta.cl\/wp-content\/uploads\/2019\/11\/000_DSC_8202.jpg\"><img loading=\"lazy\" width=\"1000\" height=\"666\" src=\"https:\/\/www.uta.cl\/wp-content\/uploads\/2019\/11\/000_DSC_8202.jpg\" alt=\"\" data-id=\"22049\" data-full-url=\"https:\/\/www.uta.cl\/wp-content\/uploads\/2019\/11\/000_DSC_8202.jpg\" data-link=\"https:\/\/www.uta.cl\/?attachment_id=22049\" class=\"wp-image-22049\" srcset=\"https:\/\/www.uta.cl\/wp-content\/uploads\/2019\/11\/000_DSC_8202.jpg 1000w, https:\/\/www.uta.cl\/wp-content\/uploads\/2019\/11\/000_DSC_8202-300x200.jpg 300w, https:\/\/www.uta.cl\/wp-content\/uploads\/2019\/11\/000_DSC_8202-768x511.jpg 768w\" sizes=\"(max-width: 1000px) 100vw, 1000px\" \/><\/a><\/figure><\/li><li class=\"blocks-gallery-item\"><figure><a href=\"https:\/\/www.uta.cl\/wp-content\/uploads\/2019\/11\/000_DSC_8196.jpg\"><img loading=\"lazy\" width=\"1000\" height=\"666\" src=\"https:\/\/www.uta.cl\/wp-content\/uploads\/2019\/11\/000_DSC_8196.jpg\" alt=\"\" data-id=\"22047\" data-full-url=\"https:\/\/www.uta.cl\/wp-content\/uploads\/2019\/11\/000_DSC_8196.jpg\" data-link=\"https:\/\/www.uta.cl\/?attachment_id=22047\" class=\"wp-image-22047\" srcset=\"https:\/\/www.uta.cl\/wp-content\/uploads\/2019\/11\/000_DSC_8196.jpg 1000w, https:\/\/www.uta.cl\/wp-content\/uploads\/2019\/11\/000_DSC_8196-300x200.jpg 300w, https:\/\/www.uta.cl\/wp-content\/uploads\/2019\/11\/000_DSC_8196-768x511.jpg 768w\" sizes=\"(max-width: 1000px) 100vw, 1000px\" \/><\/a><\/figure><\/li><li class=\"blocks-gallery-item\"><figure><a href=\"https:\/\/www.uta.cl\/wp-content\/uploads\/2019\/11\/000_DSC_8182.jpg\"><img loading=\"lazy\" width=\"1000\" height=\"666\" src=\"https:\/\/www.uta.cl\/wp-content\/uploads\/2019\/11\/000_DSC_8182.jpg\" alt=\"\" data-id=\"22046\" data-full-url=\"https:\/\/www.uta.cl\/wp-content\/uploads\/2019\/11\/000_DSC_8182.jpg\" data-link=\"https:\/\/www.uta.cl\/?attachment_id=22046\" class=\"wp-image-22046\" srcset=\"https:\/\/www.uta.cl\/wp-content\/uploads\/2019\/11\/000_DSC_8182.jpg 1000w, https:\/\/www.uta.cl\/wp-content\/uploads\/2019\/11\/000_DSC_8182-300x200.jpg 300w, https:\/\/www.uta.cl\/wp-content\/uploads\/2019\/11\/000_DSC_8182-768x511.jpg 768w\" sizes=\"(max-width: 1000px) 100vw, 1000px\" \/><\/a><\/figure><\/li><\/ul><\/figure>\n","protected":false},"excerpt":{"rendered":"<p>Actividad cont\u00f3 con la presencia de autoridades universitarias, acad\u00e9micos, funcionarios y estudiantes.<\/p>\n","protected":false},"author":1,"featured_media":22048,"comment_status":"open","ping_status":"open","sticky":false,"template":"","format":"standard","meta":[],"categories":[51],"tags":[],"_links":{"self":[{"href":"https:\/\/www.uta.cl\/index.php\/wp-json\/wp\/v2\/posts\/22045"}],"collection":[{"href":"https:\/\/www.uta.cl\/index.php\/wp-json\/wp\/v2\/posts"}],"about":[{"href":"https:\/\/www.uta.cl\/index.php\/wp-json\/wp\/v2\/types\/post"}],"author":[{"embeddable":true,"href":"https:\/\/www.uta.cl\/index.php\/wp-json\/wp\/v2\/users\/1"}],"replies":[{"embeddable":true,"href":"https:\/\/www.uta.cl\/index.php\/wp-json\/wp\/v2\/comments?post=22045"}],"version-history":[{"count":1,"href":"https:\/\/www.uta.cl\/index.php\/wp-json\/wp\/v2\/posts\/22045\/revisions"}],"predecessor-version":[{"id":22053,"href":"https:\/\/www.uta.cl\/index.php\/wp-json\/wp\/v2\/posts\/22045\/revisions\/22053"}],"wp:featuredmedia":[{"embeddable":true,"href":"https:\/\/www.uta.cl\/index.php\/wp-json\/wp\/v2\/media\/22048"}],"wp:attachment":[{"href":"https:\/\/www.uta.cl\/index.php\/wp-json\/wp\/v2\/media?parent=22045"}],"wp:term":[{"taxonomy":"category","embeddable":true,"href":"https:\/\/www.uta.cl\/index.php\/wp-json\/wp\/v2\/categories?post=22045"},{"taxonomy":"post_tag","embeddable":true,"href":"https:\/\/www.uta.cl\/index.php\/wp-json\/wp\/v2\/tags?post=22045"}],"curies":[{"name":"wp","href":"https:\/\/api.w.org\/{rel}","templated":true}]}}