{"id":22041,"date":"2019-11-25T13:00:05","date_gmt":"2019-11-25T13:00:05","guid":{"rendered":"https:\/\/www.uta.cl\/?p=22041"},"modified":"2019-11-25T13:00:08","modified_gmt":"2019-11-25T13:00:08","slug":"biblioteca-participa-en-xi-seminario-regional-de-bibliotecas-publicas-promocion-lectora","status":"publish","type":"post","link":"https:\/\/www.uta.cl\/index.php\/2019\/11\/25\/biblioteca-participa-en-xi-seminario-regional-de-bibliotecas-publicas-promocion-lectora\/","title":{"rendered":"Biblioteca participa en XI Seminario Regional de Bibliotecas P\u00fablicas, &#8220;Promoci\u00f3n Lectora&#8221;"},"content":{"rendered":"\n<p>\nRepresentados por Carlos\nCort\u00e9s, Bibliotec\u00f3logo, Mag\u00edster en Bibliotecolog\u00eda y Estudios de\nla Informaci\u00f3n y Silvia Tobar, Bibliotec\u00f3loga de nuestra\nuniversidad, el Sistema de Bibliotecas particip\u00f3 con la ponencia\n&#8220;Difusi\u00f3n de los Servicios del Sistema de Bibliotecas de la\nUniversidad de Tarapac\u00e1&#8221; en el XI Seminario Regional de\nBibliotecas P\u00fablicas.<\/p>\n\n\n\n<figure class=\"wp-block-gallery columns-2 is-cropped\"><ul class=\"blocks-gallery-grid\"><li class=\"blocks-gallery-item\"><figure><a href=\"https:\/\/www.uta.cl\/wp-content\/uploads\/2019\/11\/Actividad5.jpg\"><img loading=\"lazy\" width=\"1000\" height=\"750\" src=\"https:\/\/www.uta.cl\/wp-content\/uploads\/2019\/11\/Actividad5.jpg\" alt=\"\" data-id=\"22043\" data-full-url=\"https:\/\/www.uta.cl\/wp-content\/uploads\/2019\/11\/Actividad5.jpg\" data-link=\"https:\/\/www.uta.cl\/?attachment_id=22043\" class=\"wp-image-22043\" srcset=\"https:\/\/www.uta.cl\/wp-content\/uploads\/2019\/11\/Actividad5.jpg 1000w, https:\/\/www.uta.cl\/wp-content\/uploads\/2019\/11\/Actividad5-300x225.jpg 300w, https:\/\/www.uta.cl\/wp-content\/uploads\/2019\/11\/Actividad5-768x576.jpg 768w\" sizes=\"(max-width: 1000px) 100vw, 1000px\" \/><\/a><\/figure><\/li><li class=\"blocks-gallery-item\"><figure><a href=\"https:\/\/www.uta.cl\/wp-content\/uploads\/2019\/11\/Actividad1.jpg\"><img loading=\"lazy\" width=\"1000\" height=\"750\" src=\"https:\/\/www.uta.cl\/wp-content\/uploads\/2019\/11\/Actividad1.jpg\" alt=\"\" data-id=\"22042\" data-full-url=\"https:\/\/www.uta.cl\/wp-content\/uploads\/2019\/11\/Actividad1.jpg\" data-link=\"https:\/\/www.uta.cl\/?attachment_id=22042\" class=\"wp-image-22042\" srcset=\"https:\/\/www.uta.cl\/wp-content\/uploads\/2019\/11\/Actividad1.jpg 1000w, https:\/\/www.uta.cl\/wp-content\/uploads\/2019\/11\/Actividad1-300x225.jpg 300w, https:\/\/www.uta.cl\/wp-content\/uploads\/2019\/11\/Actividad1-768x576.jpg 768w\" sizes=\"(max-width: 1000px) 100vw, 1000px\" \/><\/a><\/figure><\/li><\/ul><\/figure>\n\n\n\n<p>\nEl seminario realizado el mi\u00e9rcoles 20 de\nnoviembre, tuvo por objetivo compartir experiencias respecto de los\nprocesos de promoci\u00f3n del quehacer de bibliotecas y sus colecciones,\ncon acento en la promoci\u00f3n lectora. La actividad reuni\u00f3 a personal\nbibliotecario de entidades p\u00fablicas de la regi\u00f3n y Centro de\nRecursos del Aprendizaje de colegios y liceos municipales arique\u00f1os.\nSe cont\u00f3 con la participaci\u00f3n especial de Gerardo <em>Jara\nCofr\u00e9, conductor del programa de libros y literatura \u201cNueva+Mente\u201d\nde TV13.<\/em><\/p>\n\n\n\n<p>\nEl Sistema de Biblotecas de nuestra universidad\nposee un acento en el uso de sus colecciones en funci\u00f3n de\nrequerimientos acad\u00e9micos de las diversas carreras de la\nuniversidad, as\u00ed como tambi\u00e9m otorga acceso y posibildades de\noptimizar la b\u00fasqueda de material digital existente en diversos\nrepositorios electr\u00f3nicos especializados (bases de datos) para\ndesarrollar las \u00e1reas del conocimiento cultivadas en la universidad.<\/p>\n\n\n\n<p>\nLa exposici\u00f3n, puso \u00e9nfasis en los procesos de\nprovisi\u00f3n de material bibliogr\u00e1fico, que asegura que el material de\nbiblioteca sea consultado y represente el requerimiento bibliogr\u00e1fico\nde los programas de asignatura a trav\u00e9s de SYLLABUS, se acentu\u00f3\ntambi\u00e9n el los mecanismo de inducci\u00f3n y capacitaci\u00f3n permanente en\nel uso de recursos electr\u00f3nicos en los que se invierte, as\u00ed como\nsus procesos de seguimiento, medici\u00f3n de impacto, satisfacci\u00f3n y\nevaluaci\u00f3n.<\/p>\n\n\n\n<p>\nPar el Director de Bibliotecas, Dr. Rodrigo Ruz\nZagal, \u201cBiblioteca viene desde hace un buen tiempo, realizando un\ntrabajo dirigido a destacar aspectos objetivos en cuanto parametrizar\nel uso de recursos prinicpalmente digitales o electr\u00f3nicos, los que\nson sujetos a seguimientos cuantificables; pero tambi\u00e9n de corte\ncualitativo. Tanto nuestros  recursos, as\u00ed como el servicio de\ncapacitaci\u00f3n general y personalizado, son evaluados. Esto permite\ndimensionar el uso y fin de descargar textos. Adem\u00e1s recientemente y\nluego de un trabajo largo coordinado con la Direcci\u00f3n General de\nDocencia, se defini\u00f3 que el SYLLABUS determina el requerimiento\nb\u00e1sico de literatura de nuestras carreras, por lo que toda compra\nbibliogr\u00e1fica que realice biblioteca, tiene asegurado su uso,\nconsiderando que se trata de material b\u00e1sico para las carreras.\nInicialmente se resolver\u00e1n los requermientos de carreras con\nobligaci\u00f3n de acreditaci\u00f3n (pedagog\u00edas y Medicina) y\nprogresivamente se escalar\u00e1 a otras carreras\u201d, indic\u00f3 el\ndirectivo.<\/p>\n\n\n\n<p>\nEn el seminario se destac\u00f3 que Biblioteca es un\nespacio abierto a la comunidad, y que se vincula al medio regional a\npartir del mantenimiento de claves de acceso a recursos electr\u00f3nicos\n a estudiantes titulados, esperando que estos sean de utilidad en el\nespacio en donde desarrolla su labor profesional. Al mismo tiempo\nBiblioteca posee unrepositorio digital que permite acceder\ngratuitamente y con libre descarga a textos PDF  producidos por\ninvestigadores en diversas \u00e1reas del saber.  Se destac\u00f3 tambi\u00e9n el\ntrabajo de v\u00ednculo con colegios y liceos de Arica, que desarrollan\nlas colecciones hit\u00f3rico-patrimoniales de la Universidad, Colecci\u00f3n\nPatrimonial Alfredo Wormald y Archivo Hist\u00f3rico Vicente Dagnino, las\nque cuentan con un programa de visitas guiadas a sus dependencias. \n<\/p>\n\n\n\n<p>\nSistema de Bibliotecas, Universidad de Tarapac\u00e1\n<a href=\"http:\/\/www.sb.uta.cl\/\">www.sb.uta.cl<\/a>\n\n<\/p>\n","protected":false},"excerpt":{"rendered":"<p>Organizado por el Servicio Nacional de Patrimonio Cultural<\/p>\n","protected":false},"author":1,"featured_media":22043,"comment_status":"open","ping_status":"open","sticky":false,"template":"","format":"standard","meta":[],"categories":[52,51],"tags":[],"_links":{"self":[{"href":"https:\/\/www.uta.cl\/index.php\/wp-json\/wp\/v2\/posts\/22041"}],"collection":[{"href":"https:\/\/www.uta.cl\/index.php\/wp-json\/wp\/v2\/posts"}],"about":[{"href":"https:\/\/www.uta.cl\/index.php\/wp-json\/wp\/v2\/types\/post"}],"author":[{"embeddable":true,"href":"https:\/\/www.uta.cl\/index.php\/wp-json\/wp\/v2\/users\/1"}],"replies":[{"embeddable":true,"href":"https:\/\/www.uta.cl\/index.php\/wp-json\/wp\/v2\/comments?post=22041"}],"version-history":[{"count":1,"href":"https:\/\/www.uta.cl\/index.php\/wp-json\/wp\/v2\/posts\/22041\/revisions"}],"predecessor-version":[{"id":22044,"href":"https:\/\/www.uta.cl\/index.php\/wp-json\/wp\/v2\/posts\/22041\/revisions\/22044"}],"wp:featuredmedia":[{"embeddable":true,"href":"https:\/\/www.uta.cl\/index.php\/wp-json\/wp\/v2\/media\/22043"}],"wp:attachment":[{"href":"https:\/\/www.uta.cl\/index.php\/wp-json\/wp\/v2\/media?parent=22041"}],"wp:term":[{"taxonomy":"category","embeddable":true,"href":"https:\/\/www.uta.cl\/index.php\/wp-json\/wp\/v2\/categories?post=22041"},{"taxonomy":"post_tag","embeddable":true,"href":"https:\/\/www.uta.cl\/index.php\/wp-json\/wp\/v2\/tags?post=22041"}],"curies":[{"name":"wp","href":"https:\/\/api.w.org\/{rel}","templated":true}]}}