{"id":21963,"date":"2019-11-18T14:56:19","date_gmt":"2019-11-18T14:56:19","guid":{"rendered":"https:\/\/www.uta.cl\/?p=21963"},"modified":"2019-11-18T14:56:22","modified_gmt":"2019-11-18T14:56:22","slug":"academica-de-la-facultad-de-ciencias-de-la-salud-de-la-uta-participa-en-importantes-congresos-auspiciados-por-la-sociedad-panamericana-de-anatomia-sociedad-chilena-de-anatomia-y-por-la-universidad-de","status":"publish","type":"post","link":"https:\/\/www.uta.cl\/index.php\/2019\/11\/18\/academica-de-la-facultad-de-ciencias-de-la-salud-de-la-uta-participa-en-importantes-congresos-auspiciados-por-la-sociedad-panamericana-de-anatomia-sociedad-chilena-de-anatomia-y-por-la-universidad-de\/","title":{"rendered":"Acad\u00e9mica de la Facultad de Ciencias de la Salud de la UTA participa en importantes congresos auspiciados por la Sociedad Panamericana de Anatom\u00eda, Sociedad Chilena de Anatom\u00eda y por la Universidad de La Frontera"},"content":{"rendered":"\n<p>\nDurante los\nd\u00edas 11, 12 y 13 de noviembre, en ciudad de Puc\u00f3n, Chile, se\nllevaron a cabo el \u201cV Congreso Regional de Morfolog\u00eda\u201d, el\n\u201cXVIII Simposio Iberolatinoamericano de <em>Terminologia\nAnatomica, Histologica, Embryologica<\/em>\n&#8211; XVIII SILAT\u201d y el \u201cI Congreso Internacional de T\u00e9cnicas\nAnat\u00f3micas\u201d; actividades auspiciadas por la Sociedad Panamericana\nde Anatom\u00eda, Sociedad Chilena de Anatom\u00eda y por la Universidad de\nLa Frontera.<\/p>\n\n\n\n<div class=\"wp-block-image\"><figure class=\"alignright\"><img loading=\"lazy\" width=\"232\" height=\"303\" src=\"https:\/\/www.uta.cl\/wp-content\/uploads\/2019\/11\/1.jpg\" alt=\"\" class=\"wp-image-21964\" srcset=\"https:\/\/www.uta.cl\/wp-content\/uploads\/2019\/11\/1.jpg 232w, https:\/\/www.uta.cl\/wp-content\/uploads\/2019\/11\/1-230x300.jpg 230w\" sizes=\"(max-width: 232px) 100vw, 232px\" \/><figcaption>Dra. B\u00e9lgica V\u00e1squez, Editora de Journal of Health and Medical Sciences junto con el Dr. Carlos Alberto Mandarim-de-Lacerda, Profesor titular de la Universidad del Estado de R\u00edo de Janeiro, Miembro Titular de la Academia Nacional de Medicina de Brasil y Miembro Asociado Extranjero de la Acad\u00e9mie Nationale de M\u00e9decine, Francia. Se observa la portada de uno de los fasc\u00edculos de la revista, en el cual el Dr. Mandarim-de-Lacerda public\u00f3 \u201cA Brief Introduction to the Evolutionary Anatomy of the Skull and Face in the Genus Homo\u201d.<\/figcaption><\/figure><\/div>\n\n\n\n<p>\nEs esta\noportunidad, los conferencistas resaltaron el rol de los\nconocimientos anat\u00f3micos en la calidad y seguridad asistencial, la\nimportancia del cad\u00e1ver en la formaci\u00f3n M\u00e9dica, las ventajas de la\nutilizaci\u00f3n de t\u00e9cnicas anat\u00f3micas como la plastinaci\u00f3n en\neducaci\u00f3n e investigaci\u00f3n, entre otros aspectos. Paralelamente, los\nmiembros del SILAT, destacaron que la misi\u00f3n de los simposios\nobedece a la necesidad de divulgar la Terminolog\u00eda Morfol\u00f3gica\nInternacional, para que las instituciones educativas de medicina y de\notras \u00e1reas de la salud, de habla hispana y portuguesa, la empleen\ncotidianamente.<\/p>\n\n\n\n<p>Bajo\neste marco, se discuti\u00f3 el rol de los distintos programas de\npostgrado en la formaci\u00f3n de cient\u00edficos en \u00e1reas de las Ciencias\nM\u00e9dicas, Biom\u00e9dicas y Morfol\u00f3gicas, as\u00ed como la importancia de la\ndivulgaci\u00f3n cient\u00edfica de estos temas en revistas indexadas.<\/p>\n\n\n\n<p>En\nesta oportunidad la Dra. B\u00e9lgica V\u00e1squez, Presidenta del XVIII\nSILAT y Editora de <em>Journal\nof Health and Medical Sciences<\/em>\nde la Facultad de Ciencias de la Salud de la Universidad de Tarapac\u00e1,\ntuvo la oportunidad de promover y divulgar la revista a trav\u00e9s de su\nnueva p\u00e1gina web e invitar a los investigadores a publicar sus\nmanuscritos cient\u00edficos.<\/p>\n\n\n\n<p>La\nDra. V\u00e1squez se\u00f1al\u00f3 que la revista publica cuatro fasc\u00edculos por\na\u00f1o, sin costo para los autores. Abarca todos los aspectos de la\ninvestigaci\u00f3n en Ciencias de la Salud y Medicina u otras \u00e1reas\nafines asociadas a la salud humana. Adem\u00e1s, destac\u00f3 que la revista\nes de acceso abierto al que se puede acceder y descargar todos los\nart\u00edculos cient\u00edficos a texto completo de forma gratuita. \n<\/p>\n","protected":false},"excerpt":{"rendered":"<p>Dra. B\u00e9lgica V\u00e1squez, Presidenta del XVIII SILAT y Editora de Journal of Health and Medical Sciences de la FACSAL, divulg\u00f3 revista a trav\u00e9s de su nueva p\u00e1gina web e invit\u00f3 a los investigadores a publicar sus manuscritos cient\u00edficos.<\/p>\n","protected":false},"author":1,"featured_media":21964,"comment_status":"open","ping_status":"open","sticky":false,"template":"","format":"standard","meta":[],"categories":[51],"tags":[],"_links":{"self":[{"href":"https:\/\/www.uta.cl\/index.php\/wp-json\/wp\/v2\/posts\/21963"}],"collection":[{"href":"https:\/\/www.uta.cl\/index.php\/wp-json\/wp\/v2\/posts"}],"about":[{"href":"https:\/\/www.uta.cl\/index.php\/wp-json\/wp\/v2\/types\/post"}],"author":[{"embeddable":true,"href":"https:\/\/www.uta.cl\/index.php\/wp-json\/wp\/v2\/users\/1"}],"replies":[{"embeddable":true,"href":"https:\/\/www.uta.cl\/index.php\/wp-json\/wp\/v2\/comments?post=21963"}],"version-history":[{"count":1,"href":"https:\/\/www.uta.cl\/index.php\/wp-json\/wp\/v2\/posts\/21963\/revisions"}],"predecessor-version":[{"id":21965,"href":"https:\/\/www.uta.cl\/index.php\/wp-json\/wp\/v2\/posts\/21963\/revisions\/21965"}],"wp:featuredmedia":[{"embeddable":true,"href":"https:\/\/www.uta.cl\/index.php\/wp-json\/wp\/v2\/media\/21964"}],"wp:attachment":[{"href":"https:\/\/www.uta.cl\/index.php\/wp-json\/wp\/v2\/media?parent=21963"}],"wp:term":[{"taxonomy":"category","embeddable":true,"href":"https:\/\/www.uta.cl\/index.php\/wp-json\/wp\/v2\/categories?post=21963"},{"taxonomy":"post_tag","embeddable":true,"href":"https:\/\/www.uta.cl\/index.php\/wp-json\/wp\/v2\/tags?post=21963"}],"curies":[{"name":"wp","href":"https:\/\/api.w.org\/{rel}","templated":true}]}}