{"id":21958,"date":"2019-11-15T16:55:13","date_gmt":"2019-11-15T16:55:13","guid":{"rendered":"https:\/\/www.uta.cl\/?p=21958"},"modified":"2019-11-15T16:55:24","modified_gmt":"2019-11-15T16:55:24","slug":"declaracion-publica-red-de-carreras-de-psicologia-de-las-universidades-del-estado","status":"publish","type":"post","link":"https:\/\/www.uta.cl\/index.php\/2019\/11\/15\/declaracion-publica-red-de-carreras-de-psicologia-de-las-universidades-del-estado\/","title":{"rendered":"Declaraci\u00f3n p\u00fablica Red de Carreras de Psicolog\u00eda de las universidades del estado"},"content":{"rendered":"\n<p>En el marco del XIV Congreso Chileno de Psicolog\u00eda, en la Ciudad de Arica, la Red Nacional de Carreras de Psicolog\u00eda de las Universidades del Estado Declara:<\/p>\n\n\n\n<figure class=\"wp-block-image\"><a href=\"https:\/\/www.uta.cl\/wp-content\/uploads\/2019\/11\/DSC_8164.jpg\"><img loading=\"lazy\" width=\"1000\" height=\"667\" src=\"https:\/\/www.uta.cl\/wp-content\/uploads\/2019\/11\/DSC_8164.jpg\" alt=\"\" class=\"wp-image-21960\" srcset=\"https:\/\/www.uta.cl\/wp-content\/uploads\/2019\/11\/DSC_8164.jpg 1000w, https:\/\/www.uta.cl\/wp-content\/uploads\/2019\/11\/DSC_8164-300x200.jpg 300w, https:\/\/www.uta.cl\/wp-content\/uploads\/2019\/11\/DSC_8164-768x512.jpg 768w\" sizes=\"(max-width: 1000px) 100vw, 1000px\" \/><\/a><\/figure>\n\n\n\n<ol><li> Rechazamos en\u00e9rgicamente el uso de todo tipo de violencia, condenando enf\u00e1ticamente la criminalizaci\u00f3n y deshumanizaci\u00f3n del actual movimiento social por parte del gobierno y la violaci\u00f3n sistem\u00e1tica de los derechos humanos a trav\u00e9s de las fuerzas policiales, vulnerando incluso los derechos fundamentales de ni\u00f1as y ni\u00f1os. Esta violencia reactualiza el trauma hist\u00f3rico sufrido durante la dictadura, as\u00ed como tambi\u00e9n genera un conjunto de impactos negativos en la ciudadan\u00eda y en el tejido social, deteriorando el bienestar y la convivencia social. <\/li><li>Este movimiento ha venido siendo un espacio colectivo, que de modo transversal ha permitido expresar a chilenas y chilenos, de distintas generaciones, su indignaci\u00f3n por los variados y sistem\u00e1ticos atropellos a la dignidad humana, producto de las desigualdades y violencia estructural que ha afectado a parte importante de la poblaci\u00f3n. Estas condiciones han generado un malestar profundo y extendido, que ha limitado el bienestar y han propiciado el incremento de problemas de salud mental y f\u00edsica. Estos s\u00edntomas, lejos de representar una patolog\u00eda individual, son manifestaciones de un orden social que ha limitado las oportunidades para el desarrollo de capacidades y potencial humano. <\/li><li>Reconocemos el derecho del movimiento social a manifestar sus sentidas y leg\u00edtimas demandas, que tienen como centro recuperar y fortalecer la dignidad humana mediante un modelo social y econ\u00f3mico que permita construir un nuevo pacto social en el pa\u00eds. Este movimiento ha sido construido desde la base, y es un llamado a considerar de modo protag\u00f3nico la participaci\u00f3n ciudadana en la toma de decisiones en la construcci\u00f3n de una nueva Constituci\u00f3n. <\/li><\/ol>\n\n\n\n<p>Llamamos a psic\u00f3logas y psic\u00f3logos de nuestro pa\u00eds a seguir contribuyendo de modo activo al cambio social que impulsa este movimiento, ubicando el bienestar y la salud mental como bienes p\u00fablicos intransables y el respeto a todas las personas como un valor irrenunciable. As\u00ed tambi\u00e9n, a sostener y favorecer los procesos virtuosos de solidaridad, sentido de comunidad, participaci\u00f3n y empoderamiento de la ciudadan\u00eda que est\u00e1n constituyendo hoy los cimientos del nuevo Chile que todos queremos construir.<\/p>\n\n\n\n<figure class=\"wp-block-image\"><a href=\"https:\/\/www.uta.cl\/wp-content\/uploads\/2019\/11\/DSC_8163.jpg\"><img loading=\"lazy\" width=\"300\" height=\"200\" src=\"https:\/\/www.uta.cl\/wp-content\/uploads\/2019\/11\/DSC_8163-300x200.jpg\" alt=\"\" class=\"wp-image-21959\" srcset=\"https:\/\/www.uta.cl\/wp-content\/uploads\/2019\/11\/DSC_8163-300x200.jpg 300w, https:\/\/www.uta.cl\/wp-content\/uploads\/2019\/11\/DSC_8163-768x512.jpg 768w, https:\/\/www.uta.cl\/wp-content\/uploads\/2019\/11\/DSC_8163.jpg 1000w\" sizes=\"(max-width: 300px) 100vw, 300px\" \/><\/a><\/figure>\n","protected":false},"excerpt":{"rendered":"<p>En el marco del XIV Congreso Chileno de Psicolog\u00eda, en la Ciudad de Arica, la Red Nacional de Carreras de Psicolog\u00eda de las Universidades del Estado Declara: Rechazamos en\u00e9rgicamente el uso de todo tipo de violencia, condenando enf\u00e1ticamente la criminalizaci\u00f3n y deshumanizaci\u00f3n del actual movimiento social por parte del gobierno y la violaci\u00f3n sistem\u00e1tica de [&hellip;]<\/p>\n","protected":false},"author":1,"featured_media":21960,"comment_status":"open","ping_status":"open","sticky":false,"template":"","format":"standard","meta":[],"categories":[],"tags":[],"_links":{"self":[{"href":"https:\/\/www.uta.cl\/index.php\/wp-json\/wp\/v2\/posts\/21958"}],"collection":[{"href":"https:\/\/www.uta.cl\/index.php\/wp-json\/wp\/v2\/posts"}],"about":[{"href":"https:\/\/www.uta.cl\/index.php\/wp-json\/wp\/v2\/types\/post"}],"author":[{"embeddable":true,"href":"https:\/\/www.uta.cl\/index.php\/wp-json\/wp\/v2\/users\/1"}],"replies":[{"embeddable":true,"href":"https:\/\/www.uta.cl\/index.php\/wp-json\/wp\/v2\/comments?post=21958"}],"version-history":[{"count":1,"href":"https:\/\/www.uta.cl\/index.php\/wp-json\/wp\/v2\/posts\/21958\/revisions"}],"predecessor-version":[{"id":21961,"href":"https:\/\/www.uta.cl\/index.php\/wp-json\/wp\/v2\/posts\/21958\/revisions\/21961"}],"wp:featuredmedia":[{"embeddable":true,"href":"https:\/\/www.uta.cl\/index.php\/wp-json\/wp\/v2\/media\/21960"}],"wp:attachment":[{"href":"https:\/\/www.uta.cl\/index.php\/wp-json\/wp\/v2\/media?parent=21958"}],"wp:term":[{"taxonomy":"category","embeddable":true,"href":"https:\/\/www.uta.cl\/index.php\/wp-json\/wp\/v2\/categories?post=21958"},{"taxonomy":"post_tag","embeddable":true,"href":"https:\/\/www.uta.cl\/index.php\/wp-json\/wp\/v2\/tags?post=21958"}],"curies":[{"name":"wp","href":"https:\/\/api.w.org\/{rel}","templated":true}]}}