{"id":21893,"date":"2019-11-05T14:37:29","date_gmt":"2019-11-05T14:37:29","guid":{"rendered":"https:\/\/www.uta.cl\/?p=21893"},"modified":"2019-11-05T14:37:32","modified_gmt":"2019-11-05T14:37:32","slug":"universidad-de-tarapaca-entrega-a-la-region-un-selecto-grupo-de-egresados-de-la-facultad-de-administracion-y-economia","status":"publish","type":"post","link":"https:\/\/www.uta.cl\/index.php\/2019\/11\/05\/universidad-de-tarapaca-entrega-a-la-region-un-selecto-grupo-de-egresados-de-la-facultad-de-administracion-y-economia\/","title":{"rendered":"Universidad de Tarapac\u00e1 entrega a la regi\u00f3n un selecto grupo de egresados de la Facultad de Administraci\u00f3n y Econom\u00eda"},"content":{"rendered":"\n<p>El pasado viernes 11 de octubre en una solemne ceremonia realizada en el Aula Magna del Campus Vel\u00e1squez de la Universidad de Tarapac\u00e1, se hizo entrega de t\u00edtulos y grados acad\u00e9micos a un selecto grupo de profesionales de la Facultad de Administraci\u00f3n y Econom\u00eda.  <\/p>\n\n\n\n<figure class=\"wp-block-image\"><img loading=\"lazy\" width=\"1000\" height=\"666\" src=\"https:\/\/www.uta.cl\/wp-content\/uploads\/2019\/11\/000_foto-principal-nota.jpg\" alt=\"\" class=\"wp-image-21910\" srcset=\"https:\/\/www.uta.cl\/wp-content\/uploads\/2019\/11\/000_foto-principal-nota.jpg 1000w, https:\/\/www.uta.cl\/wp-content\/uploads\/2019\/11\/000_foto-principal-nota-300x200.jpg 300w, https:\/\/www.uta.cl\/wp-content\/uploads\/2019\/11\/000_foto-principal-nota-768x511.jpg 768w\" sizes=\"(max-width: 1000px) 100vw, 1000px\" \/><\/figure>\n\n\n\n<p>Un total de 46 alumnos que desarrollaron sus estudios de pregrado en las distintas carreras impartidas en esta unidad acad\u00e9mica contempl\u00f3 a egresados de las carreras de: Ingenier\u00eda Comercial, Ingenier\u00eda en Informaci\u00f3n y Control de Gesti\u00f3n, Contador Auditor &#8211; Contador P\u00fablico, Dise\u00f1o Multimedia y del Programa Acad\u00e9mico Especial de Ingenier\u00eda en Administraci\u00f3n de Empresas.  <\/p>\n\n\n\n<p>En la ceremonia estuvo presente el Decano de la Facultad de Administraci\u00f3n y Econom\u00eda, Luis Mella Salinas, quien dedic\u00f3 especiales palabras a los estudiantes egresados, haciendo \u00e9nfasis en los esfuerzos que les demandar\u00e1 su futuro laboral, y en poner en pr\u00e1ctica todos los conocimientos adquiridos durante sus a\u00f1os de estudio.<\/p>\n\n\n\n<p>\u201cLa Universidad hace un reconocimiento formal a trav\u00e9s de este acto donde distingue, valora y certifica de manera formal el trabajo y esfuerzo, la obtenci\u00f3n de un logro, que es un logro importante para la Universidad y para todos quienes estamos ac\u00e1. Esto es lo formal lo cual tiene un trasfondo mucho m\u00e1s importante: es una formalidad transcendente, porque lo que estamos haciendo hoy es reconocer todo el trabajo, esfuerzo y dedicaci\u00f3n que durante a\u00f1os un grupo de j\u00f3venes han realizado confiando en nuestra Instituci\u00f3n y en nuestra Facultad\u201d, expres\u00f3 el Decano Luis Mella.<\/p>\n\n\n\n<p>Agreg\u00f3 que, \u201cestamos felices contentos al igual que nosotros y eso tambi\u00e9n es uno de los elementos que nos hace una peque\u00f1a comunidad hoy porque estamos alegres por el logro cumplido. Compartimos con ello la emoci\u00f3n de todos los a\u00f1os, de verlos partir al igual cuando los vimos llegar hace ya un tiempo, donde los vimos ni\u00f1os, esperanzados y con expectativas a un nuevo mundo que era la universidad. Hoy se les abre un nuevo mundo, el mundo profesional, del trabajo y del mundo para conseguir grandes cosas, confiamos en ello, que ser\u00e1n una contribuci\u00f3n importante al nuevo mundo que estamos viviendo. Un mundo que demanda, que exige y requiere un nuevo trato con el medio ambiente y de una relaci\u00f3n de los seres humanos con su entorno, que es lo que estamos haciendo hoy que es reconocer al otro para construir\u201d.<\/p>\n\n\n\n<p>El acto continu\u00f3 con uno de los instantes de mayor connotaci\u00f3n en la vida de todo profesional universitario que fue la toma del juramento de honor, encabezado por la Secretaria de la Universidad, Paula Lepe Caiconte, para luego proceder con la entrega de t\u00edtulos y grados acad\u00e9micos a quienes finalizaron  una etapa plena de exigencias personales y profesionales.<\/p>\n\n\n\n<p>En esta oportunidad, se distingui\u00f3 adem\u00e1s a los y las estudiantes quienes obtuvieron  los mejores promedios de su generaci\u00f3n: Luc\u00eda Hidalgo Viacava de Ingenier\u00eda Comercial, Andr\u00e9s Flores Terrazas de Ingenier\u00eda en Informaci\u00f3n y Control de Gesti\u00f3n, Ver\u00f3nica Agurto L\u00f3pez de la carrera de Contador Auditor \u2013 Contador P\u00fablico y Carolina Sep\u00falveda P\u00e9rez e Ivania Torres Araya de Dise\u00f1o Multimedia.  <\/p>\n\n\n\n<p>En representaci\u00f3n de los egresados, las palabras de gratitud estuvieron a cargo de la ingeniera comercial, Luc\u00eda Hidalgo Viacava, quien expres\u00f3 que, \u201cHace 5 o 7 a\u00f1os atr\u00e1s, algunos con m\u00e1s convicci\u00f3n que otros, decidimos embarcarnos en la aventura universitaria con la visi\u00f3n de asegurarnos un futuro m\u00e1s pr\u00f3spero para casa uno de nosotros. Lo que no previmos era lo intenso que ser\u00eda recorrer este camino. Muchos de los que hoy estamos presentes, decidimos no solo dedicarnos a estudiar, sino que tambi\u00e9n a conocer a nuestros compa\u00f1eros, participar de las actividades extracurriculares a las que se nos invitaban, deslumbrarnos de la experiencia y conocimientos de nuestros profesores y atrevernos a aprender incluso fuera de la sala de clases\u201d.  <\/p>\n\n\n\n<p>Concluy\u00f3 indicando que, \u201ces nuestro deber resignificar nuestras profesiones con actos concretos si es que realmente nos interesa agradecer a quienes nos formaron y educaron. S\u00ed, maximicemos la utilidad, pero de nuestra profesi\u00f3n. Creemos valor, pero en cada relaci\u00f3n que formemos en el trabajo. Que los c\u00e1lculos de las curvas de indiferencia, no nos hagan indiferentes con nuestro entorno. Que los c\u00e1lculos de las regresiones no nos hagan retroceder en nuestros valores. Sin importar los a\u00f1os que llevemos trabajando, nunca numericemos a las personas y encargu\u00e9monos de siempre, siempre de humanizar los proyectos que desarrollemos\u201d.  <\/p>\n\n\n\n<ul class=\"wp-block-gallery columns-3 is-cropped\"><li class=\"blocks-gallery-item\"><figure><a href=\"https:\/\/www.uta.cl\/wp-content\/uploads\/2019\/11\/000_DSC_7556.jpg\"><img loading=\"lazy\" width=\"1000\" height=\"666\" src=\"https:\/\/www.uta.cl\/wp-content\/uploads\/2019\/11\/000_DSC_7556.jpg\" alt=\"\" data-id=\"21909\" data-link=\"https:\/\/www.uta.cl\/?attachment_id=21909\" class=\"wp-image-21909\" srcset=\"https:\/\/www.uta.cl\/wp-content\/uploads\/2019\/11\/000_DSC_7556.jpg 1000w, https:\/\/www.uta.cl\/wp-content\/uploads\/2019\/11\/000_DSC_7556-300x200.jpg 300w, https:\/\/www.uta.cl\/wp-content\/uploads\/2019\/11\/000_DSC_7556-768x511.jpg 768w\" sizes=\"(max-width: 1000px) 100vw, 1000px\" \/><\/a><\/figure><\/li><li class=\"blocks-gallery-item\"><figure><a href=\"https:\/\/www.uta.cl\/wp-content\/uploads\/2019\/11\/000_DSC_7549.jpg\"><img loading=\"lazy\" width=\"1000\" height=\"666\" src=\"https:\/\/www.uta.cl\/wp-content\/uploads\/2019\/11\/000_DSC_7549.jpg\" alt=\"\" data-id=\"21908\" data-link=\"https:\/\/www.uta.cl\/?attachment_id=21908\" class=\"wp-image-21908\" srcset=\"https:\/\/www.uta.cl\/wp-content\/uploads\/2019\/11\/000_DSC_7549.jpg 1000w, https:\/\/www.uta.cl\/wp-content\/uploads\/2019\/11\/000_DSC_7549-300x200.jpg 300w, https:\/\/www.uta.cl\/wp-content\/uploads\/2019\/11\/000_DSC_7549-768x511.jpg 768w\" sizes=\"(max-width: 1000px) 100vw, 1000px\" \/><\/a><\/figure><\/li><li class=\"blocks-gallery-item\"><figure><a href=\"https:\/\/www.uta.cl\/wp-content\/uploads\/2019\/11\/000_DSC_7544.jpg\"><img loading=\"lazy\" width=\"1000\" height=\"666\" src=\"https:\/\/www.uta.cl\/wp-content\/uploads\/2019\/11\/000_DSC_7544.jpg\" alt=\"\" data-id=\"21907\" data-link=\"https:\/\/www.uta.cl\/?attachment_id=21907\" class=\"wp-image-21907\" srcset=\"https:\/\/www.uta.cl\/wp-content\/uploads\/2019\/11\/000_DSC_7544.jpg 1000w, https:\/\/www.uta.cl\/wp-content\/uploads\/2019\/11\/000_DSC_7544-300x200.jpg 300w, https:\/\/www.uta.cl\/wp-content\/uploads\/2019\/11\/000_DSC_7544-768x511.jpg 768w\" sizes=\"(max-width: 1000px) 100vw, 1000px\" \/><\/a><\/figure><\/li><li class=\"blocks-gallery-item\"><figure><a href=\"https:\/\/www.uta.cl\/wp-content\/uploads\/2019\/11\/000_DSC_7538-683x1024.jpg\"><img loading=\"lazy\" width=\"683\" height=\"1024\" src=\"https:\/\/www.uta.cl\/wp-content\/uploads\/2019\/11\/000_DSC_7538-683x1024.jpg\" alt=\"\" data-id=\"21906\" data-link=\"https:\/\/www.uta.cl\/?attachment_id=21906\" class=\"wp-image-21906\" srcset=\"https:\/\/www.uta.cl\/wp-content\/uploads\/2019\/11\/000_DSC_7538-683x1024.jpg 683w, https:\/\/www.uta.cl\/wp-content\/uploads\/2019\/11\/000_DSC_7538-200x300.jpg 200w, https:\/\/www.uta.cl\/wp-content\/uploads\/2019\/11\/000_DSC_7538-768x1152.jpg 768w, https:\/\/www.uta.cl\/wp-content\/uploads\/2019\/11\/000_DSC_7538.jpg 1000w\" sizes=\"(max-width: 683px) 100vw, 683px\" \/><\/a><\/figure><\/li><li class=\"blocks-gallery-item\"><figure><a href=\"https:\/\/www.uta.cl\/wp-content\/uploads\/2019\/11\/000_DSC_7536.jpg\"><img loading=\"lazy\" width=\"1000\" height=\"666\" src=\"https:\/\/www.uta.cl\/wp-content\/uploads\/2019\/11\/000_DSC_7536.jpg\" alt=\"\" data-id=\"21905\" data-link=\"https:\/\/www.uta.cl\/?attachment_id=21905\" class=\"wp-image-21905\" srcset=\"https:\/\/www.uta.cl\/wp-content\/uploads\/2019\/11\/000_DSC_7536.jpg 1000w, https:\/\/www.uta.cl\/wp-content\/uploads\/2019\/11\/000_DSC_7536-300x200.jpg 300w, https:\/\/www.uta.cl\/wp-content\/uploads\/2019\/11\/000_DSC_7536-768x511.jpg 768w\" sizes=\"(max-width: 1000px) 100vw, 1000px\" \/><\/a><\/figure><\/li><li class=\"blocks-gallery-item\"><figure><a href=\"https:\/\/www.uta.cl\/wp-content\/uploads\/2019\/11\/000_DSC_7526.jpg\"><img loading=\"lazy\" width=\"1000\" height=\"666\" src=\"https:\/\/www.uta.cl\/wp-content\/uploads\/2019\/11\/000_DSC_7526.jpg\" alt=\"\" data-id=\"21904\" data-link=\"https:\/\/www.uta.cl\/?attachment_id=21904\" class=\"wp-image-21904\" srcset=\"https:\/\/www.uta.cl\/wp-content\/uploads\/2019\/11\/000_DSC_7526.jpg 1000w, https:\/\/www.uta.cl\/wp-content\/uploads\/2019\/11\/000_DSC_7526-300x200.jpg 300w, https:\/\/www.uta.cl\/wp-content\/uploads\/2019\/11\/000_DSC_7526-768x511.jpg 768w\" sizes=\"(max-width: 1000px) 100vw, 1000px\" \/><\/a><\/figure><\/li><li class=\"blocks-gallery-item\"><figure><a href=\"https:\/\/www.uta.cl\/wp-content\/uploads\/2019\/11\/000_DSC_7523.jpg\"><img loading=\"lazy\" width=\"1000\" height=\"666\" src=\"https:\/\/www.uta.cl\/wp-content\/uploads\/2019\/11\/000_DSC_7523.jpg\" alt=\"\" data-id=\"21903\" data-link=\"https:\/\/www.uta.cl\/?attachment_id=21903\" class=\"wp-image-21903\" srcset=\"https:\/\/www.uta.cl\/wp-content\/uploads\/2019\/11\/000_DSC_7523.jpg 1000w, https:\/\/www.uta.cl\/wp-content\/uploads\/2019\/11\/000_DSC_7523-300x200.jpg 300w, https:\/\/www.uta.cl\/wp-content\/uploads\/2019\/11\/000_DSC_7523-768x511.jpg 768w\" sizes=\"(max-width: 1000px) 100vw, 1000px\" \/><\/a><\/figure><\/li><li class=\"blocks-gallery-item\"><figure><a href=\"https:\/\/www.uta.cl\/wp-content\/uploads\/2019\/11\/000_DSC_7520.jpg\"><img loading=\"lazy\" width=\"1000\" height=\"666\" src=\"https:\/\/www.uta.cl\/wp-content\/uploads\/2019\/11\/000_DSC_7520.jpg\" alt=\"\" data-id=\"21902\" data-link=\"https:\/\/www.uta.cl\/?attachment_id=21902\" class=\"wp-image-21902\" srcset=\"https:\/\/www.uta.cl\/wp-content\/uploads\/2019\/11\/000_DSC_7520.jpg 1000w, https:\/\/www.uta.cl\/wp-content\/uploads\/2019\/11\/000_DSC_7520-300x200.jpg 300w, https:\/\/www.uta.cl\/wp-content\/uploads\/2019\/11\/000_DSC_7520-768x511.jpg 768w\" sizes=\"(max-width: 1000px) 100vw, 1000px\" \/><\/a><\/figure><\/li><li class=\"blocks-gallery-item\"><figure><a href=\"https:\/\/www.uta.cl\/wp-content\/uploads\/2019\/11\/000_DSC_7519.jpg\"><img loading=\"lazy\" width=\"1000\" height=\"666\" src=\"https:\/\/www.uta.cl\/wp-content\/uploads\/2019\/11\/000_DSC_7519.jpg\" alt=\"\" data-id=\"21901\" data-link=\"https:\/\/www.uta.cl\/?attachment_id=21901\" class=\"wp-image-21901\" srcset=\"https:\/\/www.uta.cl\/wp-content\/uploads\/2019\/11\/000_DSC_7519.jpg 1000w, https:\/\/www.uta.cl\/wp-content\/uploads\/2019\/11\/000_DSC_7519-300x200.jpg 300w, https:\/\/www.uta.cl\/wp-content\/uploads\/2019\/11\/000_DSC_7519-768x511.jpg 768w\" sizes=\"(max-width: 1000px) 100vw, 1000px\" \/><\/a><\/figure><\/li><li class=\"blocks-gallery-item\"><figure><a href=\"https:\/\/www.uta.cl\/wp-content\/uploads\/2019\/11\/000_DSC_7518.jpg\"><img loading=\"lazy\" width=\"1000\" height=\"666\" src=\"https:\/\/www.uta.cl\/wp-content\/uploads\/2019\/11\/000_DSC_7518.jpg\" alt=\"\" data-id=\"21900\" data-link=\"https:\/\/www.uta.cl\/?attachment_id=21900\" class=\"wp-image-21900\" srcset=\"https:\/\/www.uta.cl\/wp-content\/uploads\/2019\/11\/000_DSC_7518.jpg 1000w, https:\/\/www.uta.cl\/wp-content\/uploads\/2019\/11\/000_DSC_7518-300x200.jpg 300w, https:\/\/www.uta.cl\/wp-content\/uploads\/2019\/11\/000_DSC_7518-768x511.jpg 768w\" sizes=\"(max-width: 1000px) 100vw, 1000px\" \/><\/a><\/figure><\/li><li class=\"blocks-gallery-item\"><figure><a href=\"https:\/\/www.uta.cl\/wp-content\/uploads\/2019\/11\/000_DSC_7515.jpg\"><img loading=\"lazy\" width=\"1000\" height=\"666\" src=\"https:\/\/www.uta.cl\/wp-content\/uploads\/2019\/11\/000_DSC_7515.jpg\" alt=\"\" data-id=\"21899\" data-link=\"https:\/\/www.uta.cl\/?attachment_id=21899\" class=\"wp-image-21899\" srcset=\"https:\/\/www.uta.cl\/wp-content\/uploads\/2019\/11\/000_DSC_7515.jpg 1000w, https:\/\/www.uta.cl\/wp-content\/uploads\/2019\/11\/000_DSC_7515-300x200.jpg 300w, https:\/\/www.uta.cl\/wp-content\/uploads\/2019\/11\/000_DSC_7515-768x511.jpg 768w\" sizes=\"(max-width: 1000px) 100vw, 1000px\" \/><\/a><\/figure><\/li><li class=\"blocks-gallery-item\"><figure><a href=\"https:\/\/www.uta.cl\/wp-content\/uploads\/2019\/11\/000_DSC_7514-683x1024.jpg\"><img loading=\"lazy\" width=\"683\" height=\"1024\" src=\"https:\/\/www.uta.cl\/wp-content\/uploads\/2019\/11\/000_DSC_7514-683x1024.jpg\" alt=\"\" data-id=\"21898\" data-link=\"https:\/\/www.uta.cl\/?attachment_id=21898\" class=\"wp-image-21898\" srcset=\"https:\/\/www.uta.cl\/wp-content\/uploads\/2019\/11\/000_DSC_7514-683x1024.jpg 683w, https:\/\/www.uta.cl\/wp-content\/uploads\/2019\/11\/000_DSC_7514-200x300.jpg 200w, https:\/\/www.uta.cl\/wp-content\/uploads\/2019\/11\/000_DSC_7514-768x1152.jpg 768w, https:\/\/www.uta.cl\/wp-content\/uploads\/2019\/11\/000_DSC_7514.jpg 1000w\" sizes=\"(max-width: 683px) 100vw, 683px\" \/><\/a><\/figure><\/li><li class=\"blocks-gallery-item\"><figure><a href=\"https:\/\/www.uta.cl\/wp-content\/uploads\/2019\/11\/000_DSC_7512.jpg\"><img loading=\"lazy\" width=\"1000\" height=\"666\" src=\"https:\/\/www.uta.cl\/wp-content\/uploads\/2019\/11\/000_DSC_7512.jpg\" alt=\"\" data-id=\"21897\" data-link=\"https:\/\/www.uta.cl\/?attachment_id=21897\" class=\"wp-image-21897\" srcset=\"https:\/\/www.uta.cl\/wp-content\/uploads\/2019\/11\/000_DSC_7512.jpg 1000w, https:\/\/www.uta.cl\/wp-content\/uploads\/2019\/11\/000_DSC_7512-300x200.jpg 300w, https:\/\/www.uta.cl\/wp-content\/uploads\/2019\/11\/000_DSC_7512-768x511.jpg 768w\" sizes=\"(max-width: 1000px) 100vw, 1000px\" \/><\/a><\/figure><\/li><li class=\"blocks-gallery-item\"><figure><a href=\"https:\/\/www.uta.cl\/wp-content\/uploads\/2019\/11\/000_DSC_7503-683x1024.jpg\"><img loading=\"lazy\" width=\"683\" height=\"1024\" src=\"https:\/\/www.uta.cl\/wp-content\/uploads\/2019\/11\/000_DSC_7503-683x1024.jpg\" alt=\"\" data-id=\"21896\" data-link=\"https:\/\/www.uta.cl\/?attachment_id=21896\" class=\"wp-image-21896\" srcset=\"https:\/\/www.uta.cl\/wp-content\/uploads\/2019\/11\/000_DSC_7503-683x1024.jpg 683w, https:\/\/www.uta.cl\/wp-content\/uploads\/2019\/11\/000_DSC_7503-200x300.jpg 200w, https:\/\/www.uta.cl\/wp-content\/uploads\/2019\/11\/000_DSC_7503-768x1152.jpg 768w, https:\/\/www.uta.cl\/wp-content\/uploads\/2019\/11\/000_DSC_7503.jpg 1000w\" sizes=\"(max-width: 683px) 100vw, 683px\" \/><\/a><\/figure><\/li><li class=\"blocks-gallery-item\"><figure><a href=\"https:\/\/www.uta.cl\/wp-content\/uploads\/2019\/11\/000_DSC_7497-683x1024.jpg\"><img loading=\"lazy\" width=\"683\" height=\"1024\" src=\"https:\/\/www.uta.cl\/wp-content\/uploads\/2019\/11\/000_DSC_7497-683x1024.jpg\" alt=\"\" data-id=\"21895\" data-link=\"https:\/\/www.uta.cl\/?attachment_id=21895\" class=\"wp-image-21895\" srcset=\"https:\/\/www.uta.cl\/wp-content\/uploads\/2019\/11\/000_DSC_7497-683x1024.jpg 683w, https:\/\/www.uta.cl\/wp-content\/uploads\/2019\/11\/000_DSC_7497-200x300.jpg 200w, https:\/\/www.uta.cl\/wp-content\/uploads\/2019\/11\/000_DSC_7497-768x1152.jpg 768w, https:\/\/www.uta.cl\/wp-content\/uploads\/2019\/11\/000_DSC_7497.jpg 1000w\" sizes=\"(max-width: 683px) 100vw, 683px\" \/><\/a><\/figure><\/li><li class=\"blocks-gallery-item\"><figure><a href=\"https:\/\/www.uta.cl\/wp-content\/uploads\/2019\/11\/000_DSC_7494.jpg\"><img loading=\"lazy\" width=\"1000\" height=\"666\" src=\"https:\/\/www.uta.cl\/wp-content\/uploads\/2019\/11\/000_DSC_7494.jpg\" alt=\"\" data-id=\"21894\" data-link=\"https:\/\/www.uta.cl\/?attachment_id=21894\" class=\"wp-image-21894\" srcset=\"https:\/\/www.uta.cl\/wp-content\/uploads\/2019\/11\/000_DSC_7494.jpg 1000w, https:\/\/www.uta.cl\/wp-content\/uploads\/2019\/11\/000_DSC_7494-300x200.jpg 300w, https:\/\/www.uta.cl\/wp-content\/uploads\/2019\/11\/000_DSC_7494-768x511.jpg 768w\" sizes=\"(max-width: 1000px) 100vw, 1000px\" \/><\/a><\/figure><\/li><\/ul>\n","protected":false},"excerpt":{"rendered":"<p>En la ceremonia el momento m\u00e1s significativo fue el instante en que la Secretaria de la Universidad, tom\u00f3 el juramento de honor de los nuevos profesionales.<\/p>\n","protected":false},"author":1,"featured_media":21910,"comment_status":"open","ping_status":"open","sticky":false,"template":"","format":"standard","meta":[],"categories":[],"tags":[],"_links":{"self":[{"href":"https:\/\/www.uta.cl\/index.php\/wp-json\/wp\/v2\/posts\/21893"}],"collection":[{"href":"https:\/\/www.uta.cl\/index.php\/wp-json\/wp\/v2\/posts"}],"about":[{"href":"https:\/\/www.uta.cl\/index.php\/wp-json\/wp\/v2\/types\/post"}],"author":[{"embeddable":true,"href":"https:\/\/www.uta.cl\/index.php\/wp-json\/wp\/v2\/users\/1"}],"replies":[{"embeddable":true,"href":"https:\/\/www.uta.cl\/index.php\/wp-json\/wp\/v2\/comments?post=21893"}],"version-history":[{"count":1,"href":"https:\/\/www.uta.cl\/index.php\/wp-json\/wp\/v2\/posts\/21893\/revisions"}],"predecessor-version":[{"id":21911,"href":"https:\/\/www.uta.cl\/index.php\/wp-json\/wp\/v2\/posts\/21893\/revisions\/21911"}],"wp:featuredmedia":[{"embeddable":true,"href":"https:\/\/www.uta.cl\/index.php\/wp-json\/wp\/v2\/media\/21910"}],"wp:attachment":[{"href":"https:\/\/www.uta.cl\/index.php\/wp-json\/wp\/v2\/media?parent=21893"}],"wp:term":[{"taxonomy":"category","embeddable":true,"href":"https:\/\/www.uta.cl\/index.php\/wp-json\/wp\/v2\/categories?post=21893"},{"taxonomy":"post_tag","embeddable":true,"href":"https:\/\/www.uta.cl\/index.php\/wp-json\/wp\/v2\/tags?post=21893"}],"curies":[{"name":"wp","href":"https:\/\/api.w.org\/{rel}","templated":true}]}}