{"id":21735,"date":"2019-10-18T19:59:27","date_gmt":"2019-10-18T19:59:27","guid":{"rendered":"https:\/\/www.uta.cl\/?p=21735"},"modified":"2019-10-18T19:59:28","modified_gmt":"2019-10-18T19:59:28","slug":"con-musica-alegria-y-colores-uta-realizo-pasacalle-en-el-marco-de-su-38-aniversario","status":"publish","type":"post","link":"https:\/\/www.uta.cl\/index.php\/2019\/10\/18\/con-musica-alegria-y-colores-uta-realizo-pasacalle-en-el-marco-de-su-38-aniversario\/","title":{"rendered":"Con m\u00fasica, alegr\u00eda y colores UTA realiz\u00f3 pasacalle en el marco de su 38\u00b0 Aniversario"},"content":{"rendered":"\n<p>En el marco del 38\u00b0 aniversario de la Universidad de Tarapac\u00e1, este jueves 17 de octubre, directivos, acad\u00e9micos, funcionarios y estudiantes, participaron en el tradicional pasacalle, llenando de m\u00fasica, alegr\u00eda y colores las calles del centro de Arica.  <\/p>\n\n\n\n<ul class=\"wp-block-gallery columns-2 is-cropped\"><li class=\"blocks-gallery-item\"><figure><a href=\"https:\/\/www.uta.cl\/wp-content\/uploads\/2019\/10\/base-1.jpg\"><img loading=\"lazy\" width=\"1000\" height=\"667\" src=\"https:\/\/www.uta.cl\/wp-content\/uploads\/2019\/10\/base-1.jpg\" alt=\"\" data-id=\"21739\" data-link=\"https:\/\/www.uta.cl\/?attachment_id=21739\" class=\"wp-image-21739\" srcset=\"https:\/\/www.uta.cl\/wp-content\/uploads\/2019\/10\/base-1.jpg 1000w, https:\/\/www.uta.cl\/wp-content\/uploads\/2019\/10\/base-1-300x200.jpg 300w, https:\/\/www.uta.cl\/wp-content\/uploads\/2019\/10\/base-1-768x512.jpg 768w\" sizes=\"(max-width: 1000px) 100vw, 1000px\" \/><\/a><\/figure><\/li><li class=\"blocks-gallery-item\"><figure><a href=\"https:\/\/www.uta.cl\/wp-content\/uploads\/2019\/10\/1-2.jpg\"><img loading=\"lazy\" width=\"1000\" height=\"667\" src=\"https:\/\/www.uta.cl\/wp-content\/uploads\/2019\/10\/1-2.jpg\" alt=\"\" data-id=\"21736\" data-link=\"https:\/\/www.uta.cl\/?attachment_id=21736\" class=\"wp-image-21736\" srcset=\"https:\/\/www.uta.cl\/wp-content\/uploads\/2019\/10\/1-2.jpg 1000w, https:\/\/www.uta.cl\/wp-content\/uploads\/2019\/10\/1-2-300x200.jpg 300w, https:\/\/www.uta.cl\/wp-content\/uploads\/2019\/10\/1-2-768x512.jpg 768w\" sizes=\"(max-width: 1000px) 100vw, 1000px\" \/><\/a><\/figure><\/li><\/ul>\n\n\n\n<p>Disfrazados\ncon diferentes caracterizaciones, fueron seis las comparsas que\nrecorrieron el paseo peatonal 21 de Mayo, para interactuar con los\ntranse\u00fantes que presenciaron esta l\u00fadica actividad para finalizar\nel recorrido con las presentaciones art\u00edsticas en el Parque Vicu\u00f1a\nMackenna, hasta donde lleg\u00f3 el Rector de la Universidad de Tarapac\u00e1,\nDr. Emilio Rodr\u00edguez Ponce quien estuvo acompa\u00f1ado del Vicerrector\nAcad\u00e9mico, Alfonso D\u00edaz Aguad. \n<\/p>\n\n\n\n<p>\u201cLa\nfiesta de hoy ha sido maravillosa. Hemos salido a las calles como\ncomunidad universitaria a mostrar unidad, comuni\u00f3n y la alegr\u00eda de\nser parte de un ente muy activo en el desarrollo de nuestra regi\u00f3n.\nLa Universidad de Tarapac\u00e1 cumple 38 a\u00f1os y los que somos miembros\nde esta comunidad nos sentimos orgullosos de ser miembros de la\nUniversidad, la cual cada a\u00f1o ha ido mejorando y posicion\u00e1ndose,\ndemostrando que en evaluaciones tan importantes como la del diario El\nMercurio est\u00e1 entre las diez universidades m\u00e1s relevantes del\npa\u00eds\u201d, expres\u00f3 el Rector de la Universidad de Tarapac\u00e1. \n<\/p>\n\n\n\n<p>Agreg\u00f3\nque, \u201cla UTA ha ingresado adem\u00e1s a una serie de rankings de nivel\nlatinoamericano y de nivel mundial, aspecto que es muy dif\u00edcil desde\nuna zona extrema pero la Universidad de Tarapac\u00e1 lo ha hecho con\ncarreras nuevas como m medicina que se est\u00e1 consolidando, las\ningenier\u00edas que est\u00e1n consolidadas hace a\u00f1os o de las de ciencias\nde la salud que tienen un muy buen posicionamiento, con investigaci\u00f3n\ncreciente y con vinculaci\u00f3n con el medio que debemos seguir\nreforzando donde la Universidad de Tarapac\u00e1 es una comunidad al\nservicio de la regi\u00f3n\u201d. \n<\/p>\n\n\n\n<ul class=\"wp-block-gallery columns-2 is-cropped\"><li class=\"blocks-gallery-item\"><figure><a href=\"https:\/\/www.uta.cl\/wp-content\/uploads\/2019\/10\/2-1.jpg\"><img loading=\"lazy\" width=\"1000\" height=\"667\" src=\"https:\/\/www.uta.cl\/wp-content\/uploads\/2019\/10\/2-1.jpg\" alt=\"\" data-id=\"21737\" data-link=\"https:\/\/www.uta.cl\/?attachment_id=21737\" class=\"wp-image-21737\" srcset=\"https:\/\/www.uta.cl\/wp-content\/uploads\/2019\/10\/2-1.jpg 1000w, https:\/\/www.uta.cl\/wp-content\/uploads\/2019\/10\/2-1-300x200.jpg 300w, https:\/\/www.uta.cl\/wp-content\/uploads\/2019\/10\/2-1-768x512.jpg 768w\" sizes=\"(max-width: 1000px) 100vw, 1000px\" \/><\/a><\/figure><\/li><li class=\"blocks-gallery-item\"><figure><a href=\"https:\/\/www.uta.cl\/wp-content\/uploads\/2019\/10\/3.jpg\"><img loading=\"lazy\" width=\"1000\" height=\"667\" src=\"https:\/\/www.uta.cl\/wp-content\/uploads\/2019\/10\/3.jpg\" alt=\"\" data-id=\"21738\" data-link=\"https:\/\/www.uta.cl\/?attachment_id=21738\" class=\"wp-image-21738\" srcset=\"https:\/\/www.uta.cl\/wp-content\/uploads\/2019\/10\/3.jpg 1000w, https:\/\/www.uta.cl\/wp-content\/uploads\/2019\/10\/3-300x200.jpg 300w, https:\/\/www.uta.cl\/wp-content\/uploads\/2019\/10\/3-768x512.jpg 768w\" sizes=\"(max-width: 1000px) 100vw, 1000px\" \/><\/a><\/figure><\/li><\/ul>\n\n\n\n<p><br>\n<strong>COMPARSAS\nPARTICIPANTES<\/strong><\/p>\n\n\n\n<p>En\neste 38\u00b0 Aniversario de esta Casa de Estudios Superiores, el\nrecorrido de las seis comparsas participantes fueron: \u201cFiesta de\nSan Ut\u00edn\u201d conformada por Rector\u00eda, Gabinete, Vicerrector\u00eda de\nDesarrollo Estrat\u00e9gico, Direcci\u00f3n de Calidad Institucional,\nContralor\u00eda, Secretar\u00eda, Direcci\u00f3n de Equidad de G\u00e9nero,\nDirecci\u00f3n de Planificaci\u00f3n y Proyectos, Direcci\u00f3n de Asuntos\nLegales, Direcci\u00f3n de Investigaci\u00f3n, Postgrado y Transferencia\nTecnol\u00f3gica, y la Oficina de Transferencia y Licenciamiento (OTL).<\/p>\n\n\n\n<p>Desde\nel Campus Azapa, la Facultad de Ciencias Agron\u00f3micas, se present\u00f3\ncon la comparsa \u201cCambio Clim\u00e1tico\u201d. En tanto, la Facultad de\nCiencias de la Salud, se present\u00f3 con la performance \u201cEl regreso\nde Tutanfacsal\u201d, tem\u00e1tica basada en el antiguo Egipto. La comparsa\n\u201cPiratas de Aricaribe\u201d, estuvo integrada por funcionarios del\nPrograma de Acompa\u00f1amiento y Acceso Efectivo a la Educaci\u00f3n\nSuperior (PACE). La comparsa \u201cCarnaval de pa\u00edses hermanos\u201d,\nestuvo integrada por Vicerrector\u00eda de Administraci\u00f3n y Finanzas, la\nDirecci\u00f3n de Administraci\u00f3n y Finanzas, Direcci\u00f3n de Gesti\u00f3n de\nPersonas y Bienestar y la Direcci\u00f3n de Log\u00edstica, Obras y\nOperaciones. Finalmente los funcionarios de Biblioteca, Direcci\u00f3n de\nAsuntos Estudiantiles y la Vicerrector\u00eda Acad\u00e9mica, dieron vida a\nla comparsa \u201cPel\u00edculas de todos los tiempos\u201d.<\/p>\n\n\n\n<figure class=\"wp-block-image\"><a href=\"https:\/\/photos.app.goo.gl\/yGH2Z9pvHS1Bz1dUA\" target=\"_blank\" rel=\"noopener noreferrer\"><img loading=\"lazy\" width=\"300\" height=\"60\" src=\"https:\/\/www.uta.cl\/wp-content\/uploads\/2019\/05\/ver_galeria.jpg\" alt=\"\" class=\"wp-image-8828\"\/><\/a><\/figure>\n","protected":false},"excerpt":{"rendered":"<p>Comparsas que reunieron a m\u00e1s de quinientos participantes, recorrieron el paseo 21 de Mayo para finalizar su recorrido en el Parque Vicu\u00f1a Mackenna.<\/p>\n","protected":false},"author":1,"featured_media":21739,"comment_status":"open","ping_status":"open","sticky":false,"template":"","format":"standard","meta":[],"categories":[],"tags":[],"_links":{"self":[{"href":"https:\/\/www.uta.cl\/index.php\/wp-json\/wp\/v2\/posts\/21735"}],"collection":[{"href":"https:\/\/www.uta.cl\/index.php\/wp-json\/wp\/v2\/posts"}],"about":[{"href":"https:\/\/www.uta.cl\/index.php\/wp-json\/wp\/v2\/types\/post"}],"author":[{"embeddable":true,"href":"https:\/\/www.uta.cl\/index.php\/wp-json\/wp\/v2\/users\/1"}],"replies":[{"embeddable":true,"href":"https:\/\/www.uta.cl\/index.php\/wp-json\/wp\/v2\/comments?post=21735"}],"version-history":[{"count":1,"href":"https:\/\/www.uta.cl\/index.php\/wp-json\/wp\/v2\/posts\/21735\/revisions"}],"predecessor-version":[{"id":21740,"href":"https:\/\/www.uta.cl\/index.php\/wp-json\/wp\/v2\/posts\/21735\/revisions\/21740"}],"wp:featuredmedia":[{"embeddable":true,"href":"https:\/\/www.uta.cl\/index.php\/wp-json\/wp\/v2\/media\/21739"}],"wp:attachment":[{"href":"https:\/\/www.uta.cl\/index.php\/wp-json\/wp\/v2\/media?parent=21735"}],"wp:term":[{"taxonomy":"category","embeddable":true,"href":"https:\/\/www.uta.cl\/index.php\/wp-json\/wp\/v2\/categories?post=21735"},{"taxonomy":"post_tag","embeddable":true,"href":"https:\/\/www.uta.cl\/index.php\/wp-json\/wp\/v2\/tags?post=21735"}],"curies":[{"name":"wp","href":"https:\/\/api.w.org\/{rel}","templated":true}]}}