{"id":21473,"date":"2019-10-15T15:19:35","date_gmt":"2019-10-15T15:19:35","guid":{"rendered":"https:\/\/www.uta.cl\/?p=21473"},"modified":"2019-10-15T15:19:38","modified_gmt":"2019-10-15T15:19:38","slug":"cinut-conjunto-folklorico-integracion-de-la-uta-regresa-luego-de-una-exitosa-gira-por-hungria","status":"publish","type":"post","link":"https:\/\/www.uta.cl\/index.php\/2019\/10\/15\/cinut-conjunto-folklorico-integracion-de-la-uta-regresa-luego-de-una-exitosa-gira-por-hungria\/","title":{"rendered":"CINUT, Conjunto Folkl\u00f3rico Integraci\u00f3n de la UTA regresa luego de una exitosa gira por Hungr\u00eda"},"content":{"rendered":"\n<p>\nLos\n25 integrantes del Conjunto Folkl\u00f3rico Integraci\u00f3n de la\nUniversidad de Tarapac\u00e1, CINUT, ya est\u00e1n de regreso en Arica, tras\ncumplir una exitosa gira en Hungr\u00eda, donde participaron en el\ndestacado \u201cSummerfest 2019, Festival Internacional de Folklore y\nFeria de las Artes Populares\u201d, realizado  entre el 12 y el 22 de\nagosto pasado, en Sz\u00e1zhalombatta,\nHungr\u00eda, acaparando la atenci\u00f3n del p\u00fablico asistente a tan\nimportante encuentro.<\/p>\n\n\n\n<figure class=\"wp-block-image\"><a href=\"https:\/\/www.uta.cl\/wp-content\/uploads\/2019\/10\/base.jpg\"><img loading=\"lazy\" width=\"837\" height=\"441\" src=\"https:\/\/www.uta.cl\/wp-content\/uploads\/2019\/10\/base.jpg\" alt=\"\" class=\"wp-image-21475\" srcset=\"https:\/\/www.uta.cl\/wp-content\/uploads\/2019\/10\/base.jpg 837w, https:\/\/www.uta.cl\/wp-content\/uploads\/2019\/10\/base-300x158.jpg 300w, https:\/\/www.uta.cl\/wp-content\/uploads\/2019\/10\/base-768x405.jpg 768w\" sizes=\"(max-width: 837px) 100vw, 837px\" \/><\/a><\/figure>\n\n\n\n<p>La\ngira respondi\u00f3 a una invitaci\u00f3n del Consejo Internacional de\nOrganizaciones de Festivales de Folklore y de las Artes\nTradicionales, CIOFF, organizaci\u00f3n colaboradora de la Unesco para la\nprotecci\u00f3n, promoci\u00f3n y difusi\u00f3n de la cultura tradicional y del\nfolklore a nivel mundial, para participar en el \u201cSummerfest 2019,\nFestival Internacional de Folklore y Feria de las Artes Populares\u201d,\nuno de los festivales folkl\u00f3ricos m\u00e1s grandes de Europa. \n<\/p>\n\n\n\n<p>El\nDirector del CINUT, Jorge Manr\u00edquez Picero, expres\u00f3 su alegr\u00eda por\nla participaci\u00f3n del CINUT en Hungr\u00eda, \u201csin lugar a dudas fue un\npremio al esfuerzo y perseverancia de cada uno de los integrantes del\ngrupo, que ha desarrollado un importante trabajo de recopilaci\u00f3n e\ninvestigaci\u00f3n de las manifestaciones danc\u00edsticas y musicales de\nnuestro pa\u00eds. El asistir a tan importante festival, marca un hito\npara el elenco, el estar ya en ligas mayores en un festival mundial,\nadem\u00e1s de tener la posibilidad de conocer las expresiones culturales\nde 25 pa\u00edses\u201d. \n<\/p>\n\n\n\n<p>Asimismo,\ntuvo especiales palabras de agradecimiento por el apoyo entregado,\n\u201cagradecer el tremendo apoyo de nuestra Universidad de Tarapac\u00e1,\nBanco Santander y a cada uno de los Consejeros Regionales que\napoyaron en la postulaci\u00f3n del CINUT al Fondo Nacional de Desarrollo\nRegional que destina fondos para proyectos de 6% en cultura, medio\nambiente, deportes, seguridad y social\u201d.<\/p>\n\n\n\n<p>\nPor\nsu parte, la Directora Art\u00edstica, Mar\u00eda Luisa Ceriche Carrasco,\nquien encabez\u00f3 el viaje de la delegaci\u00f3n chilena, coment\u00f3 que en\nestos 20 d\u00edas de gira, \u201cla experiencia vivida en el Festival\nSummerfest durante el mes de agosto del 2019, para los integrantes\ndel Conjunto Integraci\u00f3n de la UTA, CINUT, fue una de las mejores\nque hayamos tenido el privilegio de vivir y conocer a trav\u00e9s del\nFolclor, puesto que m\u00e1s que una Festival de Folclor, es una escuela\nde c\u00f3mo posicionar la cultura tradicional de cada pueblo, realizando\nun despliegue de recursos y log\u00edstica en cada escenario y\nactividades coordinada a la perfecci\u00f3n, adem\u00e1s del cari\u00f1o\ndemostrado hacia nosotros, en cada uno de los eventos, y que resulta\nen un ambiente acogedor y de mucho respeto por lo que los pa\u00edses\nasistentes llevaron a Hungr\u00eda\u201d. \n<\/p>\n\n\n\n<p>Respecto\na la importancia de participar en este importante festival mundial,\nla Directora Art\u00edstica, destac\u00f3 que, \u201cmostramos nuestra cultura y\na nuestro pa\u00eds, expresado en cada una de las puestas en escena del\nelenco.  Es grato ser protagonista de un acontecimiento tan\nimportante y tan bello, y poder compartirlo con j\u00f3venes de nuestra\nArica, y es una satisfacci\u00f3n enorme ser gestora del tremendo trabajo\nrealizado por ellos y de su desempe\u00f1o, adem\u00e1s del apoyo recibido\npor sus familias, por la comunidad regional y sus autoridades y por\nel apoyo de privados que promueven el desarrollo de los j\u00f3venes de\nla regi\u00f3n. Fue un viaje que nos devolvi\u00f3 llenos de aprendizajes y\ncultura\u201d. \n<\/p>\n\n\n\n<p>Desde\nel 12 al 21 de agosto el CINUT tuvo una nutrida agenda de actividades\nentre los que se cont\u00f3 con su participaci\u00f3n en la Ceremonia de\nApertura, la Ceremonia de Clausura (Sz\u00e1zhalombatta), la Gala H\u00fangaro\n(Sz\u00e1zhalombatta, R\u00e1ckeve, T\u00f6k\u00f6l), las actuaciones de los\nparticipantes (en las tres ciudades), las galas de folklore de 20 de\nagosto (R\u00e1ckeve, T\u00f6k\u00f6l), la gala de las nacionalidades (T\u00f6k\u00f6l) y\nel carnaval acu\u00e1tico (R\u00e1ckeve). Junto con ello, tambi\u00e9n se\ncontempl\u00f3 la participaci\u00f3n en conciertos, exhibiciones de\nartesan\u00eda, programas para ni\u00f1os, conciertos de la M\u00fasica del Mundo\ny teatros al aire libre.<\/p>\n\n\n\n<p><strong>SUMMERFEST:\n<\/strong><strong>Sz\u00e1zhalombatta\n&#8211; Hungr\u00eda<\/strong><\/p>\n\n\n\n<p>Nadie\npensar\u00eda que una ciudad industrial y centro energ\u00e9tico de Hungr\u00eda,\nque se encuentra a 25 kil\u00f3metros de Budapest, ser\u00eda el lugar para\nrealizar uno de los festivales folkl\u00f3ricos m\u00e1s grandes de Europa.\nEl ambiente industrialo, el arte popular y el baile folkl\u00f3rico no\ntienen mucho en com\u00fan y por esa raz\u00f3n, los habitantes de\nSz\u00e1zhalombatta se sienten orgullosos de este festival que tiene una\nduraci\u00f3n de 12 d\u00edas y que cuenta con la participaci\u00f3n de 20\npa\u00edses, hacen de este festival de arte popular el m\u00e1s grande de\nEuropa.<\/p>\n\n\n\n<p>El\nSummerfest\nse organiz\u00f3 por primera vez en el a\u00f1o 1994 siendo uno de sus\nsecretos del \u00e9xito contar con la participaci\u00f3n de ciudadanos.\nFamilias de la ciudad de Sz\u00e1zhalombatta\nalbergan a los participantes, para organizar el Festival participan\nm\u00e1s de 150 j\u00f3venes aparte de los bailarines del grupo folkl\u00f3rico\nForr\u00e1s.<\/p>\n\n\n\n<figure class=\"wp-block-image\"><a href=\"https:\/\/photos.app.goo.gl\/TrFXW15bg6QaDoi4A\" target=\"_blank\" rel=\"noopener noreferrer\"><img loading=\"lazy\" width=\"300\" height=\"60\" src=\"https:\/\/www.uta.cl\/wp-content\/uploads\/2019\/05\/ver_galeria.jpg\" alt=\"\" class=\"wp-image-8828\"\/><\/a><\/figure>\n","protected":false},"excerpt":{"rendered":"<p>Experiencias, an\u00e9cdotas, historias, amistades y nuevos amores marcaron esta nueva gira del CINUT, donde sus 19 bailarines y 7 m\u00fasicos brillaron una vez m\u00e1s llenado en nombre de la Universidad de Tarapac\u00e1 y de Chile al continente europeo.<\/p>\n","protected":false},"author":1,"featured_media":21475,"comment_status":"open","ping_status":"open","sticky":false,"template":"","format":"standard","meta":[],"categories":[51],"tags":[],"_links":{"self":[{"href":"https:\/\/www.uta.cl\/index.php\/wp-json\/wp\/v2\/posts\/21473"}],"collection":[{"href":"https:\/\/www.uta.cl\/index.php\/wp-json\/wp\/v2\/posts"}],"about":[{"href":"https:\/\/www.uta.cl\/index.php\/wp-json\/wp\/v2\/types\/post"}],"author":[{"embeddable":true,"href":"https:\/\/www.uta.cl\/index.php\/wp-json\/wp\/v2\/users\/1"}],"replies":[{"embeddable":true,"href":"https:\/\/www.uta.cl\/index.php\/wp-json\/wp\/v2\/comments?post=21473"}],"version-history":[{"count":1,"href":"https:\/\/www.uta.cl\/index.php\/wp-json\/wp\/v2\/posts\/21473\/revisions"}],"predecessor-version":[{"id":21476,"href":"https:\/\/www.uta.cl\/index.php\/wp-json\/wp\/v2\/posts\/21473\/revisions\/21476"}],"wp:featuredmedia":[{"embeddable":true,"href":"https:\/\/www.uta.cl\/index.php\/wp-json\/wp\/v2\/media\/21475"}],"wp:attachment":[{"href":"https:\/\/www.uta.cl\/index.php\/wp-json\/wp\/v2\/media?parent=21473"}],"wp:term":[{"taxonomy":"category","embeddable":true,"href":"https:\/\/www.uta.cl\/index.php\/wp-json\/wp\/v2\/categories?post=21473"},{"taxonomy":"post_tag","embeddable":true,"href":"https:\/\/www.uta.cl\/index.php\/wp-json\/wp\/v2\/tags?post=21473"}],"curies":[{"name":"wp","href":"https:\/\/api.w.org\/{rel}","templated":true}]}}