{"id":21468,"date":"2019-10-15T14:50:16","date_gmt":"2019-10-15T14:50:16","guid":{"rendered":"https:\/\/www.uta.cl\/?p=21468"},"modified":"2019-10-15T14:50:20","modified_gmt":"2019-10-15T14:50:20","slug":"academico-de-la-escuela-de-derecho-participa-en-seminario-sobre-filosofia-del-derecho-en-espana","status":"publish","type":"post","link":"https:\/\/www.uta.cl\/index.php\/2019\/10\/15\/academico-de-la-escuela-de-derecho-participa-en-seminario-sobre-filosofia-del-derecho-en-espana\/","title":{"rendered":"Acad\u00e9mico de la Escuela de Derecho participa en seminario sobre filosof\u00eda del derecho en Espa\u00f1a"},"content":{"rendered":"\n<p>Durante los d\u00edas 26, 27 y 28 de septiembre, el acad\u00e9mico y abogado de la Escuela de Derecho de la Universidad de Tarapac\u00e1, particip\u00f3 en el Seminario Internacional sobre Filosof\u00eda del Derecho y Derecho Procesal, instancia desarrollada por la Facultad de Derecho de la Universidad de Le\u00f3n, Espa\u00f1a.<\/p>\n\n\n\n<p>El\nSeminario cont\u00f3 con la participaci\u00f3n de destacados expositores como\nel Doctor en Derecho de la Universidad de Le\u00f3n, Espa\u00f1a, Juan\nAntonio Garc\u00eda Amado y el profesor de Derecho Procesal de la\nUniversidad Nacional de Rosario, Argentina Mg. Adolfo Alvarado\nVelloso, adem\u00e1s de contar con la presencia de abogados y acad\u00e9micos\nde Per\u00fa, Bolivia, Paraguay, Panam\u00e1 y Chile.<\/p>\n\n\n\n<p>En\neste contexto, la importancia de este Seminario y asistencia del\nprofesor Barraza Barrella, por la Escuela de Derecho de la\nUniversidad de Tarapac\u00e1, tuvo por objetivo obtener&nbsp;conocimientos\njur\u00eddicos actualizados, que en la especie se manifiestan en la\nexpansi\u00f3n del estudio de la Filosof\u00eda del Derecho en las distintas\nramas del Ordenamiento Jur\u00eddico, no siendo excepci\u00f3n de ello, el\nDerecho Procesal.<\/p>\n\n\n\n<p>Adem\u00e1s,\nel acercamiento entre acad\u00e9micos de la Universidad de Le\u00f3n, Espa\u00f1a\ny la Universidad de Tarapac\u00e1, permitir\u00e1 en el futuro inmediato\nsuscribir un convenio Marco y otro Espec\u00edfico de colaboraci\u00f3n\nacad\u00e9mica entre las citadas Universidades a trav\u00e9s de la Facultad\nde Derecho y Facultad de Ciencias Sociales y Jur\u00eddicas.<\/p>\n","protected":false},"excerpt":{"rendered":"<p>El acad\u00e9mico y abogado Juan Barraza Barrella fue invitado por el Doctor en Derecho de la Universidad de Le\u00f3n, Espa\u00f1a, Juan Antonio Garc\u00eda Amado.<\/p>\n","protected":false},"author":1,"featured_media":21469,"comment_status":"open","ping_status":"open","sticky":false,"template":"","format":"standard","meta":[],"categories":[51],"tags":[],"_links":{"self":[{"href":"https:\/\/www.uta.cl\/index.php\/wp-json\/wp\/v2\/posts\/21468"}],"collection":[{"href":"https:\/\/www.uta.cl\/index.php\/wp-json\/wp\/v2\/posts"}],"about":[{"href":"https:\/\/www.uta.cl\/index.php\/wp-json\/wp\/v2\/types\/post"}],"author":[{"embeddable":true,"href":"https:\/\/www.uta.cl\/index.php\/wp-json\/wp\/v2\/users\/1"}],"replies":[{"embeddable":true,"href":"https:\/\/www.uta.cl\/index.php\/wp-json\/wp\/v2\/comments?post=21468"}],"version-history":[{"count":1,"href":"https:\/\/www.uta.cl\/index.php\/wp-json\/wp\/v2\/posts\/21468\/revisions"}],"predecessor-version":[{"id":21470,"href":"https:\/\/www.uta.cl\/index.php\/wp-json\/wp\/v2\/posts\/21468\/revisions\/21470"}],"wp:featuredmedia":[{"embeddable":true,"href":"https:\/\/www.uta.cl\/index.php\/wp-json\/wp\/v2\/media\/21469"}],"wp:attachment":[{"href":"https:\/\/www.uta.cl\/index.php\/wp-json\/wp\/v2\/media?parent=21468"}],"wp:term":[{"taxonomy":"category","embeddable":true,"href":"https:\/\/www.uta.cl\/index.php\/wp-json\/wp\/v2\/categories?post=21468"},{"taxonomy":"post_tag","embeddable":true,"href":"https:\/\/www.uta.cl\/index.php\/wp-json\/wp\/v2\/tags?post=21468"}],"curies":[{"name":"wp","href":"https:\/\/api.w.org\/{rel}","templated":true}]}}