{"id":21461,"date":"2019-10-15T14:45:36","date_gmt":"2019-10-15T14:45:36","guid":{"rendered":"https:\/\/www.uta.cl\/?p=21461"},"modified":"2019-10-15T14:45:39","modified_gmt":"2019-10-15T14:45:39","slug":"rector-destaca-el-compromiso-con-la-calidad-de-academicos-de-la-sede-iquique-pertenecientes-a-la-facultad-de-ingenieria","status":"publish","type":"post","link":"https:\/\/www.uta.cl\/index.php\/2019\/10\/15\/rector-destaca-el-compromiso-con-la-calidad-de-academicos-de-la-sede-iquique-pertenecientes-a-la-facultad-de-ingenieria\/","title":{"rendered":"Rector destaca el compromiso con la calidad de acad\u00e9micos de la Sede Iquique pertenecientes a la Facultad de Ingenier\u00eda"},"content":{"rendered":"\n<p>Concluyendo con el ciclo de charlas dirigida a los diferentes departamentos de la Facultad de Ingenier\u00eda de la UTA, este viernes 11 de octubre, el Rector Dr. Emilio Rodr\u00edguez Ponce, se reuni\u00f3 con los acad\u00e9micos del Departamento de Ingenier\u00eda y Tecnolog\u00edas de la Sede Iquique, con el prop\u00f3sito de analizar y conversar sobre los nuevos lineamientos estrat\u00e9gicos de la Universidad de Tarapac\u00e1 ante lo cual se imponen una serie de exigencias para medir la calidad de las universidades estatales chilenas.<\/p>\n\n\n\n<figure class=\"wp-block-image\"><a href=\"https:\/\/www.uta.cl\/wp-content\/uploads\/2019\/10\/foto-principal-de-nota-1.jpg\"><img loading=\"lazy\" width=\"1000\" height=\"667\" src=\"https:\/\/www.uta.cl\/wp-content\/uploads\/2019\/10\/foto-principal-de-nota-1.jpg\" alt=\"\" class=\"wp-image-21466\" srcset=\"https:\/\/www.uta.cl\/wp-content\/uploads\/2019\/10\/foto-principal-de-nota-1.jpg 1000w, https:\/\/www.uta.cl\/wp-content\/uploads\/2019\/10\/foto-principal-de-nota-1-300x200.jpg 300w, https:\/\/www.uta.cl\/wp-content\/uploads\/2019\/10\/foto-principal-de-nota-1-768x512.jpg 768w\" sizes=\"(max-width: 1000px) 100vw, 1000px\" \/><\/a><\/figure>\n\n\n\n<p>En\nesta oportunidad, la m\u00e1xima autoridad universitaria junto con\nagradecer la presencia de los acad\u00e9micos de la Sede Iquique, centr\u00f3\nla conversaci\u00f3n en el conjunto de indicadores de calidad para las\nuniversidades estatales y que hacen un escenario complejo para la\neducaci\u00f3n superior y que, en consecuencia, la Universidad de\nTarapac\u00e1 debe enfrentar con un trabajo de manera colectiva y de\nforma articulada. \n<\/p>\n\n\n\n<p>Asimismo,\nse refiri\u00f3 a los mecanismos de aseguramiento\nde la calidad de los acad\u00e9micos de dicha sede, indicando que se debe\nfortalecer el cuerpo acad\u00e9mico con contrataciones de nuevos\nacad\u00e9micos que cumplan con los altos est\u00e1ndares exigidos en la\nactualidad. Tambi\u00e9n convers\u00f3 sobre la infraestructura de la Sede\nIquique, cuyos espacios universitarios, laboratorios, salas de clases\ny oficinas de los acad\u00e9micos, son temas que deben abordarse con\nurgencia para enfrentar el pr\u00f3ximo proceso de acreditaci\u00f3n de la\nmejor forma posible. \n<\/p>\n\n\n\n<ul class=\"wp-block-gallery columns-2 is-cropped\"><li class=\"blocks-gallery-item\"><figure><a href=\"https:\/\/www.uta.cl\/wp-content\/uploads\/2019\/10\/DSC_7463.jpg\"><img loading=\"lazy\" width=\"1000\" height=\"667\" src=\"https:\/\/www.uta.cl\/wp-content\/uploads\/2019\/10\/DSC_7463.jpg\" alt=\"\" data-id=\"21464\" data-link=\"https:\/\/www.uta.cl\/?attachment_id=21464\" class=\"wp-image-21464\" srcset=\"https:\/\/www.uta.cl\/wp-content\/uploads\/2019\/10\/DSC_7463.jpg 1000w, https:\/\/www.uta.cl\/wp-content\/uploads\/2019\/10\/DSC_7463-300x200.jpg 300w, https:\/\/www.uta.cl\/wp-content\/uploads\/2019\/10\/DSC_7463-768x512.jpg 768w\" sizes=\"(max-width: 1000px) 100vw, 1000px\" \/><\/a><\/figure><\/li><li class=\"blocks-gallery-item\"><figure><a href=\"https:\/\/www.uta.cl\/wp-content\/uploads\/2019\/10\/DSC_7452.jpg\"><img loading=\"lazy\" width=\"1000\" height=\"667\" src=\"https:\/\/www.uta.cl\/wp-content\/uploads\/2019\/10\/DSC_7452.jpg\" alt=\"\" data-id=\"21463\" data-link=\"https:\/\/www.uta.cl\/?attachment_id=21463\" class=\"wp-image-21463\" srcset=\"https:\/\/www.uta.cl\/wp-content\/uploads\/2019\/10\/DSC_7452.jpg 1000w, https:\/\/www.uta.cl\/wp-content\/uploads\/2019\/10\/DSC_7452-300x200.jpg 300w, https:\/\/www.uta.cl\/wp-content\/uploads\/2019\/10\/DSC_7452-768x512.jpg 768w\" sizes=\"(max-width: 1000px) 100vw, 1000px\" \/><\/a><\/figure><\/li><\/ul>\n\n\n\n<p>En\ntanto, la Directora del Departamento de Ingenier\u00eda y Tecnolog\u00edas de\nla Sede Iquique, Ximena Badilla Torrico, expuso sobre la unidad\nacad\u00e9mica la cual est\u00e1 compuesta por siete acad\u00e9micos de las \u00e1reas\nde Ingenier\u00eda Industrial, Inform\u00e1tica y El\u00e9ctrica, \u201ces un cuerpo\nvirtuoso en conocimientos, postgraduados y con experiencia acad\u00e9mica,\nlo que nos permitir\u00e1 avanzar en los desaf\u00edos que hoy se nos\npresentan. \n<\/p>\n\n\n\n<p>La\ndirectora de refiri\u00f3 adem\u00e1s, a las oportunidades de mejora en el\n\u00e1mbito acad\u00e9mico, de infraestructura y gesti\u00f3n, adem\u00e1s de\ndestacar las tareas por realizar, centradas en los factores de\nacreditaci\u00f3n de las carreras; operatividad y, generaci\u00f3n de propios\nrecursos.<\/p>\n\n\n\n<p>Al respecto la Directora del Departamento, Ximena Badilla Torrico, expres\u00f3 su satisfacci\u00f3n del encuentro sostenido con el Rector de la UTA, indicando: \u201cme siento  satisfecha ya que, junto con mostrarnos los factores de acreditaci\u00f3n que definir\u00e1n el quehacer institucional de cara al 2025, como departamento nuevo de la Facultad de Ingenier\u00eda, se nos dieron a conocer pasos a seguir que nos permitir\u00e1n avanzar en este sentido, principalmente en la consolidaci\u00f3n del cuerpo acad\u00e9mico, \u00a0infraestructura y optimizaci\u00f3n de la organizaci\u00f3n de esta unidad\u201d. \u00a0<\/p>\n\n\n\n<p>Al\nconcluir el encuentro, el Rector de la Universidad de Tarapac\u00e1, Dr.\nEmilio Rodr\u00edguez Ponce, destac\u00f3 el gran compromiso que tienen los\nacad\u00e9micos con la calidad, con la Sede y con la Universidad de\nTarapac\u00e1. \u201cHa sido un encuentro de mucha franqueza y transparencia\nsobre los grandes desaf\u00edos que tenemos porque nuestra obligaci\u00f3n es\nlograr que la sede tenga condiciones equivalentes a la de la Casa\nCentral y en Iquique debemos hacer un conjunto de inversiones como la\nconstrucci\u00f3n y habilitaci\u00f3n de un edificio importante que hoy en\nd\u00eda est\u00e1 en proceso de licitaci\u00f3n, pero antes de eso, tambi\u00e9n\nestablecer condiciones suficientes y satisfactorias de operaci\u00f3n y\nen ese sentido, hemos estado conversando con los acad\u00e9micos de\ningenier\u00eda quienes nos han hecho ver una serie de desaf\u00edos que\nellos tienen respecto a equipamiento, infraestructura, reforzamiento\ndel cuerpo acad\u00e9mico, adem\u00e1s de autorizarle un conjunto de\nrecursos, para que podamos llevar a cabo los procesos de simetr\u00eda\ncon resultados lo antes posible\u201d. \n<\/p>\n","protected":false},"excerpt":{"rendered":"<p>Instancia permiti\u00f3 conversar con franqueza y transparencia aspectos relevantes para que la sede tenga las condiciones equivalentes a la Casa Central.<\/p>\n","protected":false},"author":1,"featured_media":21466,"comment_status":"open","ping_status":"open","sticky":false,"template":"","format":"standard","meta":[],"categories":[],"tags":[],"_links":{"self":[{"href":"https:\/\/www.uta.cl\/index.php\/wp-json\/wp\/v2\/posts\/21461"}],"collection":[{"href":"https:\/\/www.uta.cl\/index.php\/wp-json\/wp\/v2\/posts"}],"about":[{"href":"https:\/\/www.uta.cl\/index.php\/wp-json\/wp\/v2\/types\/post"}],"author":[{"embeddable":true,"href":"https:\/\/www.uta.cl\/index.php\/wp-json\/wp\/v2\/users\/1"}],"replies":[{"embeddable":true,"href":"https:\/\/www.uta.cl\/index.php\/wp-json\/wp\/v2\/comments?post=21461"}],"version-history":[{"count":1,"href":"https:\/\/www.uta.cl\/index.php\/wp-json\/wp\/v2\/posts\/21461\/revisions"}],"predecessor-version":[{"id":21467,"href":"https:\/\/www.uta.cl\/index.php\/wp-json\/wp\/v2\/posts\/21461\/revisions\/21467"}],"wp:featuredmedia":[{"embeddable":true,"href":"https:\/\/www.uta.cl\/index.php\/wp-json\/wp\/v2\/media\/21466"}],"wp:attachment":[{"href":"https:\/\/www.uta.cl\/index.php\/wp-json\/wp\/v2\/media?parent=21461"}],"wp:term":[{"taxonomy":"category","embeddable":true,"href":"https:\/\/www.uta.cl\/index.php\/wp-json\/wp\/v2\/categories?post=21461"},{"taxonomy":"post_tag","embeddable":true,"href":"https:\/\/www.uta.cl\/index.php\/wp-json\/wp\/v2\/tags?post=21461"}],"curies":[{"name":"wp","href":"https:\/\/api.w.org\/{rel}","templated":true}]}}