{"id":21417,"date":"2019-10-14T11:40:01","date_gmt":"2019-10-14T11:40:01","guid":{"rendered":"https:\/\/www.uta.cl\/?p=21417"},"modified":"2019-10-14T11:40:04","modified_gmt":"2019-10-14T11:40:04","slug":"directora-de-equidad-de-genero-participa-en-seminario-internacional-sobre-la-transversalizacion-de-la-perspectiva-de-genero","status":"publish","type":"post","link":"https:\/\/www.uta.cl\/index.php\/2019\/10\/14\/directora-de-equidad-de-genero-participa-en-seminario-internacional-sobre-la-transversalizacion-de-la-perspectiva-de-genero\/","title":{"rendered":"Directora de Equidad de G\u00e9nero participa en seminario internacional sobre la transversalizaci\u00f3n de la perspectiva de g\u00e9nero"},"content":{"rendered":"\n<p>\nEn\nsu primer d\u00eda, el Seminario cont\u00f3 con la participaci\u00f3n de la\nprofesora titular de la Universidad de Concepci\u00f3n, Alejandra Brito\nPe\u00f1a, quien expuso sobre \u201cReflexiones desde los feminismos en la\neducaci\u00f3n superior\u201d. Seguida por la videoconferencia de la\nprofesora de filosof\u00eda y ex docente de la Universidad de Concepci\u00f3n,\nFel\u00edcitas Valenzuela Bousquet.<\/p>\n\n\n\n<figure class=\"wp-block-image\"><a href=\"https:\/\/www.uta.cl\/wp-content\/uploads\/2019\/10\/foto-seminario.jpeg\"><img loading=\"lazy\" width=\"1024\" height=\"768\" src=\"https:\/\/www.uta.cl\/wp-content\/uploads\/2019\/10\/foto-seminario-1024x768.jpeg\" alt=\"\" class=\"wp-image-21418\" srcset=\"https:\/\/www.uta.cl\/wp-content\/uploads\/2019\/10\/foto-seminario-1024x768.jpeg 1024w, https:\/\/www.uta.cl\/wp-content\/uploads\/2019\/10\/foto-seminario-300x225.jpeg 300w, https:\/\/www.uta.cl\/wp-content\/uploads\/2019\/10\/foto-seminario-768x576.jpeg 768w\" sizes=\"(max-width: 1024px) 100vw, 1024px\" \/><\/a><\/figure>\n\n\n\n<p>\n<strong>La\nimportancia del Seminario Internacional<\/strong><\/p>\n\n\n\n<p>\nLa\nDoctora en Estudios Americanos,&nbsp;<strong>Alejandra\nBrito Pe\u00f1a<\/strong>,\nexplic\u00f3 que \u201ctener la oportunidad de un Seminario Internacional\nrespaldado por el Consejo de Rectores con presencia de todas las\nuniversidades del Consejo es un gran avance y genera esperanza en\ntorno a la perspectiva en que los feminismos y las relaciones de\ng\u00e9nero se posicionan, no es s\u00f3lo pensar en los problemas de\nviolencia y de acoso, sino que tambi\u00e9n es pensar de manera distinta\ny replantearnos las jerarqu\u00edas que hay entre las disciplinas\u201d.<\/p>\n\n\n\n<p>\nLa\nDirectora de Equidad de G\u00e9nero y Diversidad (DEGyD) de la\nUniversiidad de Concepci\u00f3n y Coordinadora del Comit\u00e9 Organizador\ndel Seminario, Dra. Luc\u00eda Salda\u00f1a Mu\u00f1oz, explic\u00f3 que \u201cen el\n\u00faltimo tiempo las universidades han evidenciado avances en distintos\nniveles y de acuerdo a sus propias realidades en t\u00e9rminos de\nprotocolos y estructuras. Hay una concretizaci\u00f3n, el tema se ha\ninstalado, pero falta profundizar y avanzar en la transversalizaci\u00f3n\nde la perspectiva de g\u00e9nero. Agreg\u00f3 que \u201cestamos en momento de\ncambio cultural, en el cual la igualdad de g\u00e9nero est\u00e1 instalada\ncomo un tema central en la agenda universitaria y no va a volver\natr\u00e1s\u201d.<\/p>\n\n\n\n<p>\nEn\ntanto, la coordinadora de la Comisi\u00f3n de Igualdad de G\u00e9nero del\nCRUCh y directora de G\u00e9nero de la Universidad Arturo Prat, Dra.\nAntonia Santos P\u00e9rez, explic\u00f3 que \u201cla novedad de este seminario\nes que es el primero que se realiza en una universidad regional y,\nadem\u00e1s, contribuyendo a lo que es el centenario de la Universidad de\nConcepci\u00f3n. La segunda innovaci\u00f3n es que participaron invitadas\ninternacionales, de tal forma que podamos aprender de procesos que\nvan un poquito por delante de la situaci\u00f3n de las universidades\nchilenas\u201d.<\/p>\n\n\n\n<p>\nPor\nsu parte, la Directora de Equidad de G\u00e9nero de la UTA, Dra. Claudia\nMoraga Contreras, expres\u00f3 que, \u201cdesde\nla Comisi\u00f3n de G\u00e9nero del CRUCH, instancia en la que por cierto\ncomo Universidad de Tarapac\u00e1 participamos activamente, es importante\ntener permanente retroalimentaci\u00f3n respecto de la realidad de las\ndiversas universidades en materia de relaciones de g\u00e9nero en sus\ncomunidades y esta instancia fue propicia para ello\u201d.&nbsp;<\/p>\n\n\n\n<p>\nAgreg\u00f3\nque, \u201ctenemos un rol significativo y una posici\u00f3n&nbsp;preferente\nal asesorar a rectores y rectoras en materia de institucionalizaci\u00f3n\ny transversalizaci\u00f3n de la perspectiva de g\u00e9nero, lo que nos\nentrega una responsabilidad enorme de cara a los procesos de\ndesigualdad persistentes en la sociedad chilena y c\u00f3mo abordarlos\ndesde una peque\u00f1a pero relevante muestra de la comunidad como son\nlas universidades. Creo que hemos venido dando muestras de nuestra\ncapacidad de organizarnos y autoregularnos y nos queda un camino\nlargo por recorrer, seminarios como estos nos llenan de perspectivas\ny posibilidades\u201d, expres\u00f3 la Dra. Claudia Moraga.<\/p>\n\n\n\n<ul class=\"wp-block-gallery columns-2 is-cropped\"><li class=\"blocks-gallery-item\"><figure><a href=\"https:\/\/www.uta.cl\/wp-content\/uploads\/2019\/10\/foto-seminario-2-1024x683.jpeg\"><img loading=\"lazy\" width=\"1024\" height=\"683\" src=\"https:\/\/www.uta.cl\/wp-content\/uploads\/2019\/10\/foto-seminario-2-1024x683.jpeg\" alt=\"\" data-id=\"21419\" data-link=\"https:\/\/www.uta.cl\/?attachment_id=21419\" class=\"wp-image-21419\" srcset=\"https:\/\/www.uta.cl\/wp-content\/uploads\/2019\/10\/foto-seminario-2-1024x683.jpeg 1024w, https:\/\/www.uta.cl\/wp-content\/uploads\/2019\/10\/foto-seminario-2-300x200.jpeg 300w, https:\/\/www.uta.cl\/wp-content\/uploads\/2019\/10\/foto-seminario-2-768x512.jpeg 768w, https:\/\/www.uta.cl\/wp-content\/uploads\/2019\/10\/foto-seminario-2.jpeg 1280w\" sizes=\"(max-width: 1024px) 100vw, 1024px\" \/><\/a><\/figure><\/li><li class=\"blocks-gallery-item\"><figure><a href=\"https:\/\/www.uta.cl\/wp-content\/uploads\/2019\/10\/foto-seminario-3-1024x683.jpg\"><img loading=\"lazy\" width=\"1024\" height=\"683\" src=\"https:\/\/www.uta.cl\/wp-content\/uploads\/2019\/10\/foto-seminario-3-1024x683.jpg\" alt=\"\" data-id=\"21420\" data-link=\"https:\/\/www.uta.cl\/?attachment_id=21420\" class=\"wp-image-21420\" srcset=\"https:\/\/www.uta.cl\/wp-content\/uploads\/2019\/10\/foto-seminario-3.jpg 1024w, https:\/\/www.uta.cl\/wp-content\/uploads\/2019\/10\/foto-seminario-3-300x200.jpg 300w, https:\/\/www.uta.cl\/wp-content\/uploads\/2019\/10\/foto-seminario-3-768x512.jpg 768w\" sizes=\"(max-width: 1024px) 100vw, 1024px\" \/><\/a><\/figure><\/li><\/ul>\n\n\n\n<p>\n<strong>Desaf\u00edos\nen (des)igualdad de g\u00e9nero en la educaci\u00f3n superior<\/strong><\/p>\n\n\n\n<p>\nEn\ntorno al tema principal del Seminario&nbsp;<em>\u201cLa\n(des)igualdad de g\u00e9nero en la educaci\u00f3n superior\u201d<\/em>,\nla coordinadora de la Comisi\u00f3n de Igualdad de G\u00e9nero del CRUCh,\nAntonia Santos P\u00e9rez, manifest\u00f3 que actualmente \u201chay datos que\nson m\u00e1s alentadores, por ejemplo, el 90% de las universidades del\nConsejo de Rectores tienen Direcci\u00f3n de G\u00e9nero equivalente, decir\nque casi la mitad han hecho diagn\u00f3sticos propios de cu\u00e1les son las\nbrechas internas que tiene, decir que se est\u00e1n revisando las mallas\ncurriculares para introducir el enfoque de g\u00e9nero; quiero decir que\nse est\u00e1 avanzando, posiblemente no a la celeridad que quisi\u00e9ramos,\npero los avances en las universidad del Consejo son notorios\u201d.<\/p>\n\n\n\n<p>\nEn\ntorno a la importancia de abordar la perspectiva de g\u00e9nero en las\nuniversidades, la Dra. en Ciencias Sociales,&nbsp;Teresa\nVald\u00e9s Echenique,\nexplic\u00f3 que \u201cel g\u00e9nero es una construcci\u00f3n cultural, en las\nuniversidades se construyen y reproducen significados culturales con\ncontenidos de g\u00e9nero, es decir se construye y se reproduce\nconstantemente un determinado orden de g\u00e9nero como si fuera natural,\ncomo si as\u00ed debiera ser, y esto se produce tanto en sus estructuras\ncomo en su cultura institucional, pero tambi\u00e9n en el desarrollo de\nsu misi\u00f3n cuando se trata de producci\u00f3n de conocimientos, de la\nformaci\u00f3n acad\u00e9mica, de la formaci\u00f3n intelectual, profesional y de\nlas relaciones con el entorno\u201d.<\/p>\n\n\n\n<p>\nAclar\u00f3\nque \u201caun cuando en las universidades se ejerza el rol de\npensamiento cr\u00edtico eso no es suficiente, porque es el conjunto de\nla Universidad la que tiene que transformarse, en el fondo,\nincorporar a las universidades en la tarea de construir la igualdad\nde g\u00e9nero y una cultura que elimine la discriminaci\u00f3n, la violencia\ny los privilegios basados en el g\u00e9nero en la sociedad supone una\ntremenda transformaci\u00f3n en sus estructuras\u201d.<\/p>\n\n\n\n<p>\nPor\nsu parte,&nbsp;Kathya\nAraujo Kakiuchi,\nen el marco de la Conferencia \u201cAvances en las Universidades\nchilenas: Demandas y l\u00edmites \u00bfHacia la igualdad de g\u00e9nero en la\neducaci\u00f3n superior?\u201d explic\u00f3 que \u201clos desaf\u00edos giran en torno\na la institucionalizaci\u00f3n de la perspectiva de g\u00e9nero, involucrando\nen una de sus fases la formaci\u00f3n curricular en la materia para\nsensibilizar a todos los estamentos de las universidades\u201d.<\/p>\n\n\n\n<p>\nEl\nSeminario Internacional se posicion\u00f3 como un espacio de reflexi\u00f3n y\ndebate para avanzar en objetivos comunes de las universidades\nchilenas, es decir la igualdad de g\u00e9nero en los distintos espacios,\ntanto acad\u00e9micos, como administrativos y estudiantiles. Para lo\ncual, participaron del evento expertas internacionales de la\nUniversidad de Alicante y la Universidad de Salamanca, investigadoras\ny acad\u00e9micas nacionales con una amplia trayectoria en la\ntransversalizaci\u00f3n de la perspectiva de g\u00e9nero, y estudiantes que\nocuparon cargos federativos el a\u00f1o 2019 en Chile, momento en el cual\nse instaur\u00f3 el movimiento feminista en todo el pa\u00eds.<\/p>\n","protected":false},"excerpt":{"rendered":"<p>El 4 y 5 de septiembre de 2019 se desarroll\u00f3 el Seminario Internacional\u00a0\u201cLa (des)igualdad de g\u00e9nero en la educaci\u00f3n superior. Debates actuales y desaf\u00edos desde el Sur\u201d, una actividad organizada por la Comisi\u00f3n de Igualdad de G\u00e9nero del CRUCh, la Universidad de Concepci\u00f3n, la Universidad Cat\u00f3lica de la Sant\u00edsima Concepci\u00f3n y la Universidad del B\u00edo-B\u00edo, y que en esta oportunidad, cont\u00f3 con la participaci\u00f3n de la Directora de Equidad de G\u00e9nero, Dra. Claudia Moraga Contreras<\/p>\n","protected":false},"author":1,"featured_media":21418,"comment_status":"open","ping_status":"open","sticky":false,"template":"","format":"standard","meta":[],"categories":[51],"tags":[],"_links":{"self":[{"href":"https:\/\/www.uta.cl\/index.php\/wp-json\/wp\/v2\/posts\/21417"}],"collection":[{"href":"https:\/\/www.uta.cl\/index.php\/wp-json\/wp\/v2\/posts"}],"about":[{"href":"https:\/\/www.uta.cl\/index.php\/wp-json\/wp\/v2\/types\/post"}],"author":[{"embeddable":true,"href":"https:\/\/www.uta.cl\/index.php\/wp-json\/wp\/v2\/users\/1"}],"replies":[{"embeddable":true,"href":"https:\/\/www.uta.cl\/index.php\/wp-json\/wp\/v2\/comments?post=21417"}],"version-history":[{"count":1,"href":"https:\/\/www.uta.cl\/index.php\/wp-json\/wp\/v2\/posts\/21417\/revisions"}],"predecessor-version":[{"id":21421,"href":"https:\/\/www.uta.cl\/index.php\/wp-json\/wp\/v2\/posts\/21417\/revisions\/21421"}],"wp:featuredmedia":[{"embeddable":true,"href":"https:\/\/www.uta.cl\/index.php\/wp-json\/wp\/v2\/media\/21418"}],"wp:attachment":[{"href":"https:\/\/www.uta.cl\/index.php\/wp-json\/wp\/v2\/media?parent=21417"}],"wp:term":[{"taxonomy":"category","embeddable":true,"href":"https:\/\/www.uta.cl\/index.php\/wp-json\/wp\/v2\/categories?post=21417"},{"taxonomy":"post_tag","embeddable":true,"href":"https:\/\/www.uta.cl\/index.php\/wp-json\/wp\/v2\/tags?post=21417"}],"curies":[{"name":"wp","href":"https:\/\/api.w.org\/{rel}","templated":true}]}}