{"id":21354,"date":"2019-10-08T16:05:23","date_gmt":"2019-10-08T16:05:23","guid":{"rendered":"https:\/\/www.uta.cl\/?p=21354"},"modified":"2019-10-08T16:05:26","modified_gmt":"2019-10-08T16:05:26","slug":"explora-inauguro-semana-explora-con-la-tercera-fiesta-de-la-ciencia-en-buque-varado","status":"publish","type":"post","link":"https:\/\/www.uta.cl\/index.php\/2019\/10\/08\/explora-inauguro-semana-explora-con-la-tercera-fiesta-de-la-ciencia-en-buque-varado\/","title":{"rendered":"Explora inaugur\u00f3 Semana Explora con  la Tercera Fiesta de la Ciencia en Buque Varado"},"content":{"rendered":"\n<p>El s\u00e1bado 5 de octubre el sector de Buque Varado de Playa Brava se transform\u00f3 en un espacio para experimentar la ciencia. La Universidad de Tarapac\u00e1 Sede Iquique, a trav\u00e9s del PAR Explora de CONICYT Tarapac\u00e1, reuni\u00f3 a m\u00e1s de 15 instituciones, servicios o instituciones que desarrollaron sus \u201cespacios interactivos\u201d.<\/p>\n\n\n\n<figure class=\"wp-block-image\"><a href=\"https:\/\/www.uta.cl\/wp-content\/uploads\/2019\/10\/fiestaciencia3.jpg\"><img loading=\"lazy\" width=\"1024\" height=\"683\" src=\"https:\/\/www.uta.cl\/wp-content\/uploads\/2019\/10\/fiestaciencia3-1024x683.jpg\" alt=\"\" class=\"wp-image-21357\" srcset=\"https:\/\/www.uta.cl\/wp-content\/uploads\/2019\/10\/fiestaciencia3-1024x683.jpg 1024w, https:\/\/www.uta.cl\/wp-content\/uploads\/2019\/10\/fiestaciencia3-300x200.jpg 300w, https:\/\/www.uta.cl\/wp-content\/uploads\/2019\/10\/fiestaciencia3-768x512.jpg 768w, https:\/\/www.uta.cl\/wp-content\/uploads\/2019\/10\/fiestaciencia3.jpg 1080w\" sizes=\"(max-width: 1024px) 100vw, 1024px\" \/><\/a><\/figure>\n\n\n\n<p>La partida la dio el Intendente Regional Miguel \u00c1ngel Quezada, junto al Seremi de Salud, Manuel Fern\u00e1ndez; a la Seremi de Medioambiente, Moyra Rojas; la Seremi de Econom\u00eda, Paola Chong; la Directora Acad\u00e9mica de la UTA Sede Iquique, Ang\u00e9lica Cazenave y la Directora del PAR Explora Valeska Zepeda, todos quienes realizaron un recorrido por la mayor\u00eda de los \u201cespacios interactivos\u201d y fortalecieron su compromiso conjunto por la valoraci\u00f3n y la divulgaci\u00f3n de la ciencia y la tecnolog\u00eda escolar.<\/p>\n\n\n\n<p>La observaci\u00f3n solar, la experimentaci\u00f3n, juegos l\u00fadicos, m\u00fasica, magia, charlas did\u00e1cticas y el lanzamiento de cohetes de papel motivaron a quienes llegaron desde la ma\u00f1ana a un espacio que busc\u00f3 hacer la ciencia m\u00e1s entretenida.  <\/p>\n\n\n\n<p>La Directora Acad\u00e9mica de la UTA Iquique, Ang\u00e9lica Cazenave, precis\u00f3 que \u201cEstos espacios buscan acercar la ciencia a la comunidad, pero en particular a los ni\u00f1os y ni\u00f1as, para evidenciar la importancia de \u00e9sta en la actualidad\u201d. Por otra parte, la Directora del PAR Explora de CONICYT Tarapac\u00e1, Valeska Zepeda, precis\u00f3 que \u201cEste evento, que se realiz\u00f3 entre las 11:00 y las 18:30 horas, reuni\u00f3 a 4.000 personas contabilizadas con pulseras durante toda la jornada y marca un \u00e9xito para la Semana Explora, aunque m\u00e1s bien podr\u00edamos hablar de todo un mes en que se desarrollan diversas actividades de ciencia en la regi\u00f3n\u201d.<\/p>\n\n\n\n<p>Sin duda que para el desarrollo de este evento el trabajo en red fue fundamental para su \u00e9xito. Entre las instituciones que se hicieron presentes, estuvieron: Seremi de Medioambiente; Seremi de Salud; el Centro de Creaci\u00f3n Art\u00edstica de la Seremi de las Culturas, las Artes y el Patrimonio; Integra; Conaf; Atacama UC; SAG; Recynor; Gira reciclaje colaborativo; la Universidad Arturo Prat; el observatorio \u201cEl Pululo\u201d; la Corporaci\u00f3n Norte Grande; Triciclos S.A.; el Instituto de Fomento Pesquero; Falco Consultora y las Fotograf\u00eda Astron\u00f3mica de Mauricio Parra.<\/p>\n\n\n\n<ul class=\"wp-block-gallery columns-2 is-cropped\"><li class=\"blocks-gallery-item\"><figure><a href=\"https:\/\/www.uta.cl\/wp-content\/uploads\/2019\/10\/fiestaciencia2-1024x683.jpg\"><img loading=\"lazy\" width=\"1024\" height=\"683\" src=\"https:\/\/www.uta.cl\/wp-content\/uploads\/2019\/10\/fiestaciencia2-1024x683.jpg\" alt=\"\" data-id=\"21356\" data-link=\"https:\/\/www.uta.cl\/?attachment_id=21356\" class=\"wp-image-21356\" srcset=\"https:\/\/www.uta.cl\/wp-content\/uploads\/2019\/10\/fiestaciencia2-1024x683.jpg 1024w, https:\/\/www.uta.cl\/wp-content\/uploads\/2019\/10\/fiestaciencia2-300x200.jpg 300w, https:\/\/www.uta.cl\/wp-content\/uploads\/2019\/10\/fiestaciencia2-768x512.jpg 768w, https:\/\/www.uta.cl\/wp-content\/uploads\/2019\/10\/fiestaciencia2.jpg 1080w\" sizes=\"(max-width: 1024px) 100vw, 1024px\" \/><\/a><\/figure><\/li><li class=\"blocks-gallery-item\"><figure><a href=\"https:\/\/www.uta.cl\/wp-content\/uploads\/2019\/10\/fiestaciencia1-1024x683.jpg\"><img loading=\"lazy\" width=\"1024\" height=\"683\" src=\"https:\/\/www.uta.cl\/wp-content\/uploads\/2019\/10\/fiestaciencia1-1024x683.jpg\" alt=\"\" data-id=\"21355\" data-link=\"https:\/\/www.uta.cl\/?attachment_id=21355\" class=\"wp-image-21355\" srcset=\"https:\/\/www.uta.cl\/wp-content\/uploads\/2019\/10\/fiestaciencia1-1024x683.jpg 1024w, https:\/\/www.uta.cl\/wp-content\/uploads\/2019\/10\/fiestaciencia1-300x200.jpg 300w, https:\/\/www.uta.cl\/wp-content\/uploads\/2019\/10\/fiestaciencia1-768x512.jpg 768w, https:\/\/www.uta.cl\/wp-content\/uploads\/2019\/10\/fiestaciencia1.jpg 1080w\" sizes=\"(max-width: 1024px) 100vw, 1024px\" \/><\/a><\/figure><\/li><\/ul>\n\n\n\n<p>La fiesta de la ciencia s\u00f3lo fue el punto de partida, ya que desde el 5 al 13 de octubre en toda la regi\u00f3n de Tarapac\u00e1 se realizar\u00e1n una serie de actividades de divulgaci\u00f3n cient\u00edfico-escolar, entre las que predominan \u201cEl d\u00eda de la ciencia en m\u00ed colegio\u201d, instancia en que se celebra y reconoce la importancia de la ciencia en los establecimientos educacionales. Adem\u00e1s, se desarrollar\u00e1n \u201cVisitas guiadas\u201d a distintos lugares, instituciones, museos y empresas, que tienen motivos educativos. Y en el mismo mes de octubre se potencian las charlas de \u201c1000 cient\u00edficos 1000 aulas\u201d, en donde cient\u00edficos o profesionales llegan hasta las salas de clases para transferir sus conocimientos sobre alg\u00fan tema particular de investigaci\u00f3n.<\/p>\n\n\n\n<p>El PAR Explora de CONICYT Tarapac\u00e1 invita a la comunidad a conocer sus actividades en las redes sociales, en instagram, faceboook y twitter como \u201cExplora Tarapac\u00e1\u201d.<\/p>\n","protected":false},"excerpt":{"rendered":"<p>4000 personas llegaron durante todo el d\u00eda al evento organizado por la Universidad de Tarapac\u00e1 Sede Iquique, a trav\u00e9s del PAR Explora de CONICYT<\/p>\n","protected":false},"author":1,"featured_media":21355,"comment_status":"open","ping_status":"open","sticky":false,"template":"","format":"standard","meta":[],"categories":[51],"tags":[],"_links":{"self":[{"href":"https:\/\/www.uta.cl\/index.php\/wp-json\/wp\/v2\/posts\/21354"}],"collection":[{"href":"https:\/\/www.uta.cl\/index.php\/wp-json\/wp\/v2\/posts"}],"about":[{"href":"https:\/\/www.uta.cl\/index.php\/wp-json\/wp\/v2\/types\/post"}],"author":[{"embeddable":true,"href":"https:\/\/www.uta.cl\/index.php\/wp-json\/wp\/v2\/users\/1"}],"replies":[{"embeddable":true,"href":"https:\/\/www.uta.cl\/index.php\/wp-json\/wp\/v2\/comments?post=21354"}],"version-history":[{"count":1,"href":"https:\/\/www.uta.cl\/index.php\/wp-json\/wp\/v2\/posts\/21354\/revisions"}],"predecessor-version":[{"id":21358,"href":"https:\/\/www.uta.cl\/index.php\/wp-json\/wp\/v2\/posts\/21354\/revisions\/21358"}],"wp:featuredmedia":[{"embeddable":true,"href":"https:\/\/www.uta.cl\/index.php\/wp-json\/wp\/v2\/media\/21355"}],"wp:attachment":[{"href":"https:\/\/www.uta.cl\/index.php\/wp-json\/wp\/v2\/media?parent=21354"}],"wp:term":[{"taxonomy":"category","embeddable":true,"href":"https:\/\/www.uta.cl\/index.php\/wp-json\/wp\/v2\/categories?post=21354"},{"taxonomy":"post_tag","embeddable":true,"href":"https:\/\/www.uta.cl\/index.php\/wp-json\/wp\/v2\/tags?post=21354"}],"curies":[{"name":"wp","href":"https:\/\/api.w.org\/{rel}","templated":true}]}}