{"id":21336,"date":"2019-10-04T14:08:54","date_gmt":"2019-10-04T14:08:54","guid":{"rendered":"https:\/\/www.uta.cl\/?p=21336"},"modified":"2019-10-04T14:08:56","modified_gmt":"2019-10-04T14:08:56","slug":"compromiso-y-esfuerzo-destaca-rector-de-la-uta-en-reunion-sostenida-con-academicos-del-departamento-de-ingenieria-en-computacion-e-informatica","status":"publish","type":"post","link":"https:\/\/www.uta.cl\/index.php\/2019\/10\/04\/compromiso-y-esfuerzo-destaca-rector-de-la-uta-en-reunion-sostenida-con-academicos-del-departamento-de-ingenieria-en-computacion-e-informatica\/","title":{"rendered":"Compromiso y esfuerzo destaca Rector de la UTA en reuni\u00f3n sostenida con acad\u00e9micos del Departamento de Ingenier\u00eda en Computaci\u00f3n e Inform\u00e1tica"},"content":{"rendered":"\n<p>\u201cValoro muy positivamente esta reuni\u00f3n y veo que hay una mirada del desarrollo que asume los desaf\u00edos, los hace propios y piensa proyectarse en el mediano y largo plazo\u201d. Fueron las palabras del Rector de la Universidad de Tarapac\u00e1, Dr. Emilio Rodr\u00edguez Ponce, quien este martes 01 de octubre, sostuvo una amena reuni\u00f3n con los acad\u00e9micos del Departamento de Ingenier\u00eda en Computaci\u00f3n e Inform\u00e1tica y cuyo objetivo, al igual que los otros encuentros con las unidades acad\u00e9micas de la Facultad de Ingenier\u00eda, fue proyectar el desarrollo de este departamento a mediano y largo plazo.<\/p>\n\n\n\n<figure class=\"wp-block-image\"><a href=\"https:\/\/www.uta.cl\/wp-content\/uploads\/2019\/10\/Foto-principal-nota.jpg\"><img loading=\"lazy\" width=\"1000\" height=\"667\" src=\"https:\/\/www.uta.cl\/wp-content\/uploads\/2019\/10\/Foto-principal-nota.jpg\" alt=\"\" class=\"wp-image-21341\" srcset=\"https:\/\/www.uta.cl\/wp-content\/uploads\/2019\/10\/Foto-principal-nota.jpg 1000w, https:\/\/www.uta.cl\/wp-content\/uploads\/2019\/10\/Foto-principal-nota-300x200.jpg 300w, https:\/\/www.uta.cl\/wp-content\/uploads\/2019\/10\/Foto-principal-nota-768x512.jpg 768w\" sizes=\"(max-width: 1000px) 100vw, 1000px\" \/><\/a><\/figure>\n\n\n\n<p>El\nRector Rodr\u00edguez inici\u00f3 el encuentro analizando y dando a conocer\nlas perspectivas\npara el alineamiento estrat\u00e9gico de la Universidad de Tarapac\u00e1\nrefiri\u00e9ndose a la situaci\u00f3n de las proyecciones de la nueva ley de\ngratuidad, al Plan de Fortalecimiento de las Universidades Estatales\ny al Aporte Fiscal Directo Consursable, para centrarse luego, en las\nnuevas exigencias de las universidades del Estado, \u201cen el a\u00f1o 2016\nChile firm\u00f3 un acuerdo con el Banco Mundial, donde cambian los\ncriterios de medici\u00f3n de la calidad y hoy d\u00eda los criterios son\ndiferentes a aquellos que eran antes. Actualmente dichos criterios se\nasocian con la proporci\u00f3n m\u00ednima de un 45% de docentes de tiempo\ncompleto con grado de doctor, publicaciones Scopus y Wos que tengan\nun \u00edndice de impacto de 0,9; las universidades deben estar\nacreditadas con cuatro a\u00f1os o m\u00e1s y en cuatro \u00e1reas o m\u00e1s; tener\na lo menos un doctorado acreditado y, debemos tener una tasa de\ntitulaci\u00f3n oportuna de un 65%\u201d. \n<\/p>\n\n\n\n<p>Al\nconcluir al encuentro el Rector de la Universidad de Tarapac\u00e1, Dr.\nEmilio Rodr\u00edguez Ponce, entreg\u00f3 sus apreciaciones destacando que:\n\u201ceste es un Departamento de de\nIngenier\u00eda en Computaci\u00f3n e Inform\u00e1tica que en su presentaci\u00f3n de\nantecedentes muestra niveles importantes de eficiencia y eficacia\nreferida a la captaci\u00f3n de n\u00famero de estudiantes importante, tasas\nde titulaci\u00f3n que son coherentes con el promedio nacional y que\nadem\u00e1s, generan, junto con una docencia de calidad, investigaci\u00f3n\nrelevante para la Universidad, adem\u00e1s de un programa de mag\u00edster\nque est\u00e1 articulado como educaci\u00f3n continua\u201d. \n<\/p>\n\n\n\n<p>Agreg\u00f3\nque, \u201cestos elementos hacen que esta unidad acad\u00e9mica tenga un\ncierto desarrollo y un cierto nivel de complejidad que es valioso\npara la Instituci\u00f3n, pero que adem\u00e1s lo est\u00e1 haciendo con niveles\nde eficiencia, de eficacia y con una mirada y proyecci\u00f3n de largo\nplazo, donde est\u00e1n apostando a fortalecer el cuerpo acad\u00e9mico de\nacuerdo a las nuevas exigencias y requerimientos en materias de\neducaci\u00f3n superior del pa\u00eds\u201d, enfatiz\u00f3 el Rector de la UTA. \n<\/p>\n\n\n\n<p>\nEn\ntanto, el Director del Departamento de Ingenier\u00eda en Computaci\u00f3n e\nInform\u00e1tica, H\u00e9ctor Beck Fern\u00e1ndez, destac\u00f3 la reuni\u00f3n como\nprovechosa, se\u00f1alando que, \u201cesta reuni\u00f3n ha sido muy positiva\nporque nos permiti\u00f3 saber de primera fuente, los nuevos lineamientos\nestrat\u00e9gicos que tiene la Universidad alineados con las pol\u00edticas\ninstitucionales de las universidades de Chile. Tambi\u00e9n tuvimos la\noportunidad de exponerle al Rector sobre los programas acad\u00e9micos\ndel departamento y los pr\u00f3ximos desaf\u00edos, como la habilitaci\u00f3n de\nnuevos espacios pedag\u00f3gicos, consolidar la vinculaci\u00f3n con el\nmedio, mejorar las tasas de reprobaci\u00f3n y\/o titulaci\u00f3n oportuna,\nconsolidar el mag\u00edster en Ingenier\u00eda de Software, renovaci\u00f3n de\ncuadros acad\u00e9micos, convenios con otras universidades, entre otros\ntemas tratados\u201d.  \n<\/p>\n\n\n\n<ul class=\"wp-block-gallery columns-2 is-cropped\"><li class=\"blocks-gallery-item\"><figure><a href=\"https:\/\/www.uta.cl\/wp-content\/uploads\/2019\/10\/DSC_7124.jpg\"><img loading=\"lazy\" width=\"1000\" height=\"667\" src=\"https:\/\/www.uta.cl\/wp-content\/uploads\/2019\/10\/DSC_7124.jpg\" alt=\"\" data-id=\"21340\" data-link=\"https:\/\/www.uta.cl\/?attachment_id=21340\" class=\"wp-image-21340\" srcset=\"https:\/\/www.uta.cl\/wp-content\/uploads\/2019\/10\/DSC_7124.jpg 1000w, https:\/\/www.uta.cl\/wp-content\/uploads\/2019\/10\/DSC_7124-300x200.jpg 300w, https:\/\/www.uta.cl\/wp-content\/uploads\/2019\/10\/DSC_7124-768x512.jpg 768w\" sizes=\"(max-width: 1000px) 100vw, 1000px\" \/><\/a><\/figure><\/li><li class=\"blocks-gallery-item\"><figure><a href=\"https:\/\/www.uta.cl\/wp-content\/uploads\/2019\/10\/DSC_7120.jpg\"><img loading=\"lazy\" width=\"1000\" height=\"667\" src=\"https:\/\/www.uta.cl\/wp-content\/uploads\/2019\/10\/DSC_7120.jpg\" alt=\"\" data-id=\"21339\" data-link=\"https:\/\/www.uta.cl\/?attachment_id=21339\" class=\"wp-image-21339\" srcset=\"https:\/\/www.uta.cl\/wp-content\/uploads\/2019\/10\/DSC_7120.jpg 1000w, https:\/\/www.uta.cl\/wp-content\/uploads\/2019\/10\/DSC_7120-300x200.jpg 300w, https:\/\/www.uta.cl\/wp-content\/uploads\/2019\/10\/DSC_7120-768x512.jpg 768w\" sizes=\"(max-width: 1000px) 100vw, 1000px\" \/><\/a><\/figure><\/li><\/ul>\n\n\n\n<p>Al\nencuentro tambi\u00e9n asistieron el Vicerrector Acad\u00e9mico, Dr. Alfonso\nD\u00edaz Aguad, la Vicerrectora de Desarrollo Estrat\u00e9gico, Dra.\nJenniffer Peralta Montecinos, el Vicerrector de Administraci\u00f3n y\nFinanzas, Mg. \u00c1lvaro Palma Quiroz, la Directora General de Gabinete\n(S), Nieves Rubio Medina y del Decano de la Facultad de Ingenier\u00eda,\nDr. Alejandro Rodr\u00edguez Estay.<\/p>\n","protected":false},"excerpt":{"rendered":"<p>La m\u00e1xima autoridad universitaria analiz\u00f3 los nuevos criterios para medir la calidad de las universidades estatales, indicando que \u201ccuando se aplican estas nuevas medidas, debemos ver c\u00f3mo nos adaptamos a estos cambios. Debemos trabajar arduamente y tomar medidas remediales de urgencia y de largo plazo\u201d. <\/p>\n","protected":false},"author":1,"featured_media":21341,"comment_status":"open","ping_status":"open","sticky":false,"template":"","format":"standard","meta":[],"categories":[],"tags":[],"_links":{"self":[{"href":"https:\/\/www.uta.cl\/index.php\/wp-json\/wp\/v2\/posts\/21336"}],"collection":[{"href":"https:\/\/www.uta.cl\/index.php\/wp-json\/wp\/v2\/posts"}],"about":[{"href":"https:\/\/www.uta.cl\/index.php\/wp-json\/wp\/v2\/types\/post"}],"author":[{"embeddable":true,"href":"https:\/\/www.uta.cl\/index.php\/wp-json\/wp\/v2\/users\/1"}],"replies":[{"embeddable":true,"href":"https:\/\/www.uta.cl\/index.php\/wp-json\/wp\/v2\/comments?post=21336"}],"version-history":[{"count":2,"href":"https:\/\/www.uta.cl\/index.php\/wp-json\/wp\/v2\/posts\/21336\/revisions"}],"predecessor-version":[{"id":21342,"href":"https:\/\/www.uta.cl\/index.php\/wp-json\/wp\/v2\/posts\/21336\/revisions\/21342"}],"wp:featuredmedia":[{"embeddable":true,"href":"https:\/\/www.uta.cl\/index.php\/wp-json\/wp\/v2\/media\/21341"}],"wp:attachment":[{"href":"https:\/\/www.uta.cl\/index.php\/wp-json\/wp\/v2\/media?parent=21336"}],"wp:term":[{"taxonomy":"category","embeddable":true,"href":"https:\/\/www.uta.cl\/index.php\/wp-json\/wp\/v2\/categories?post=21336"},{"taxonomy":"post_tag","embeddable":true,"href":"https:\/\/www.uta.cl\/index.php\/wp-json\/wp\/v2\/tags?post=21336"}],"curies":[{"name":"wp","href":"https:\/\/api.w.org\/{rel}","templated":true}]}}