{"id":21310,"date":"2019-10-03T12:12:08","date_gmt":"2019-10-03T12:12:08","guid":{"rendered":"https:\/\/www.uta.cl\/?p=21310"},"modified":"2019-10-03T12:12:11","modified_gmt":"2019-10-03T12:12:11","slug":"consejo-de-rectores-advierte-necesidad-de-agilizar-la-ejecucion-del-presupuesto-2019-en-educacion-superior","status":"publish","type":"post","link":"https:\/\/www.uta.cl\/index.php\/2019\/10\/03\/consejo-de-rectores-advierte-necesidad-de-agilizar-la-ejecucion-del-presupuesto-2019-en-educacion-superior\/","title":{"rendered":"Consejo de Rectores advierte necesidad de agilizar la ejecuci\u00f3n del Presupuesto 2019 en Educaci\u00f3n Superior"},"content":{"rendered":"\n<p>\n<strong>Fuente:\nCRUCH<\/strong><\/p>\n\n\n\n<p>\nLa\nevaluaci\u00f3n del proceso de ejecuci\u00f3n presupuestaria 2019 de las\npartidas que el Ministerio de Educaci\u00f3n (MINEDUC) destina a la\neducaci\u00f3n superior fue uno de los temas centrales que abord\u00f3 el\nConsejo de Rectores de las Universidades Chilenas (CRUCH), en el\nmarco de su sesi\u00f3n ordinaria N\u00b0 608, que se realiz\u00f3 este jueves en\nel Campus Baquedano de la Universidad Arturo Prat (UNAP), en Iquique.<\/p>\n\n\n\n<figure class=\"wp-block-image\"><a href=\"https:\/\/www.uta.cl\/wp-content\/uploads\/2019\/10\/FOTO_0120190926161346.jpg\"><img loading=\"lazy\" width=\"1000\" height=\"630\" src=\"https:\/\/www.uta.cl\/wp-content\/uploads\/2019\/10\/FOTO_0120190926161346.jpg\" alt=\"\" class=\"wp-image-21311\" srcset=\"https:\/\/www.uta.cl\/wp-content\/uploads\/2019\/10\/FOTO_0120190926161346.jpg 1000w, https:\/\/www.uta.cl\/wp-content\/uploads\/2019\/10\/FOTO_0120190926161346-300x189.jpg 300w, https:\/\/www.uta.cl\/wp-content\/uploads\/2019\/10\/FOTO_0120190926161346-768x484.jpg 768w\" sizes=\"(max-width: 1000px) 100vw, 1000px\" \/><\/a><\/figure>\n\n\n\n<p>\nEn\nla ocasi\u00f3n, el pleno del Consejo revis\u00f3 en espec\u00edfico c\u00f3mo se han\nejecutado, a septiembre de este a\u00f1o, los recursos contemplados en el\nPresupuesto 2019 para las universidades del CRUCH respecto a recursos\nde Gratuidad, becas de arancel, Aporte Fiscal Directo (AFD), Aportes\nBasales y otros aportes a instituciones de educaci\u00f3n superior.<\/p>\n\n\n\n<p>\nEl\nvicepresidente ejecutivo del CRUCH, rector Aldo Valle, sostuvo que el\nbalance del Consejo es que \u201ctodav\u00eda no alcanzamos el \u00f3ptimo que\nse requiere, pero tenemos fe en que se va a ejecutar el presupuesto\nen todos los instrumentos de financiamiento p\u00fablico que representan\npara nuestras universidades ingresos indispensables\u201d.<\/p>\n\n\n\n<p>\nLa\nautoridad del Consejo valor\u00f3 que este a\u00f1o se haya corregido el\nretraso respecto a la entrega de las asignaciones vinculadas con la\nGratuidad, pero lament\u00f3 que esta no sea la situaci\u00f3n de los otros\nfondos \u201cy a las universidades no les es \u00fatil que estos recursos\nlleguen en diciembre\u201d.<\/p>\n\n\n\n<p>\nEl\nrector puntualiz\u00f3 que \u201cnormalmente hay un retraso (en la entrega\nde estos dineros) y cada a\u00f1o nosotros se\u00f1alamos esta situaci\u00f3n\u201d,\npor lo que manifest\u00f3 la necesidad de contar con mecanismos que\npermitan agilizar la ejecuci\u00f3n presupuestaria de las partidas\nvinculadas con las casas de estudios.<\/p>\n\n\n\n<p>\n\u201cPedimos\nque haya la posibilidad de que el MINEDUC y el Ministerio de Hacienda\npuedan transferir los recursos con anterioridad a que se tramiten los\ndecretos ante la Contralor\u00eda General de la Rep\u00fablica\u201d, sostuvo el\nvicepresidente ejecutivo del CRUCH.<\/p>\n\n\n\n<p>\nValle\na\u00f1adi\u00f3 que \u201ceste a\u00f1o en la ley se consider\u00f3 que se pod\u00edan\nhacer transferencias de hasta un 50% del total que le corresponder\u00eda\na cada universidad antes de que se tramiten los decretos, porque a su\nvez ocurre que los procesos de matr\u00edcula se consolidan bien avanzado\nel primer semestre. Muchas veces la informaci\u00f3n clara, consolidada,\nest\u00e1 alrededor de julio y mientras esa informaci\u00f3n no est\u00e9\nconsolidada, los decretos no pueden salir del ministerio a la\nContralor\u00eda. Eso es lo que finalmente produce estas demoras, que\nmuchas veces no son responsabilidades determinadas, sino que es por\nla complejidad de los procesos de matr\u00edcula y de los procesos\nadministrativos de cada ministerio\u201d.<\/p>\n\n\n\n<figure class=\"wp-block-image\"><a href=\"https:\/\/www.uta.cl\/wp-content\/uploads\/2019\/10\/imagen.jpg\"><img loading=\"lazy\" width=\"1000\" height=\"457\" src=\"https:\/\/www.uta.cl\/wp-content\/uploads\/2019\/10\/imagen.jpg\" alt=\"\" class=\"wp-image-21312\" srcset=\"https:\/\/www.uta.cl\/wp-content\/uploads\/2019\/10\/imagen.jpg 1000w, https:\/\/www.uta.cl\/wp-content\/uploads\/2019\/10\/imagen-300x137.jpg 300w, https:\/\/www.uta.cl\/wp-content\/uploads\/2019\/10\/imagen-768x351.jpg 768w\" sizes=\"(max-width: 1000px) 100vw, 1000px\" \/><\/a><\/figure>\n\n\n\n<p>\n<strong>Proceso\nde Admisi\u00f3n 2020<\/strong><\/p>\n\n\n\n<p>\nEn\nla ocasi\u00f3n, el pleno del CRUCH tambi\u00e9n revis\u00f3 las cifras m\u00e1s\nrelevantes del Proceso de Admisi\u00f3n 2020, tras el cierre de las\ninscripciones para rendir las Pruebas de Selecci\u00f3n Universitaria\n(PSU).<\/p>\n\n\n\n<p>\nSeg\u00fan\nlas estad\u00edsticas del Departamento de Evaluaci\u00f3n, Medici\u00f3n y\nRegistro Educacional de la Universidad de Chile (DEMRE), se\ninscribieron un total de 295.935 postulantes, un 1,57% m\u00e1s respecto\nal proceso anterior (en el cual se inscribieron 291.305 personas). En\ntanto, 190.850 estudiantes inscritos\/as accedieron a la Beca PSU que\notorga la Junta Nacional de Auxilio Escolar y Becas (JUNAEB), lo que\nequivale al 64,4% del total.<\/p>\n\n\n\n<p>\nDe\neste universo, 214.067 inscritos\/as corresponden a la generaci\u00f3n del\na\u00f1o (72,3%), mientras que 81.868 provienen de egresos anteriores\n(27,6%). Por g\u00e9nero, el 52,7% de quienes se inscribieron son mujeres\n(156.100), mientras que los hombres corresponden al 47,25% (139.835).<\/p>\n\n\n\n<p>\nEl\nsector Cient\u00edfico Humanista concentra el 71,5% de los y las\npostulantes, sumando las modalidades Diurna (176.647) y Nocturna\n(34.952); mientras que el sector T\u00e9cnico \u2013 Profesional representa\nel 27,2%, con 80.671 inscritos\/as. El resto de los y las estudiantes\ncorresponden a validaci\u00f3n de estudios, reconocimiento de estudios y\nen certificaci\u00f3n.<\/p>\n\n\n\n<p>\nPor\notro lado, el 52% de los y las postulantes provienen de\nestablecimientos particulares subvencionados (154.078); el 34,9% de\nestablecimientos municipal (103.522); el 10,4% a colegios\nparticulares pagados (31.005); y el 1,31% a establecimientos de\nServicios Locales de Educaci\u00f3n (3.886). El resto corresponde a\nestudiantes con validaci\u00f3n o reconocimiento de estudios.<\/p>\n\n\n\n<p>\nAsimismo,\nlos y las postulantes extranjeros\/as corresponden al 2,4% del total\nde inscritos\/as para el Proceso de Admisi\u00f3n 2020 (7.118), lo que\nrepresenta un incremento de 36,6% respecto al a\u00f1o pasado, cuando se\ninscribieron 5.209 extranjeros. Por nacionalidad, mayoritariamente\nestos\/as inscritos\/as provienen de Hait\u00ed (1.683), Per\u00fa (1.557),\nVenezuela (1.172), Colombia (914), Bolivia (647), Ecuador (333) y\nArgentina (280). En este contexto, los y las postulantes\nvenezolanos\/as y haitianos\/as registraron un incremento del 243% y\ndel 58,4%, respectivamente, respecto al a\u00f1o pasado.<\/p>\n\n\n\n<p>\nLas\nPSU se rendir\u00e1n los d\u00edas lunes 18 de noviembre (Lenguaje y\nComunicaci\u00f3n y Ciencias) y el martes 19 de noviembre (Matem\u00e1tica e\nHistoria, Geograf\u00eda y Ciencias Sociales).<\/p>\n\n\n\n<p>\n<strong>Desaf\u00edos\npara las carreras y programas de salud<\/strong><\/p>\n\n\n\n<p>\nOtro\nde los temas abordados en la sesi\u00f3n fue el desaf\u00edo que enfrentan\nlas universidades que imparten carreras y programas de salud y el\ninter\u00e9s de las casas de estudios por aportar en la elaboraci\u00f3n de\npol\u00edticas p\u00fablicas en este \u00e1mbito. Para ello, expusieron Mirta\nCrovetto, decana de la Facultad de Ciencias de la Salud de la U. de\nPlaya Ancha, y Yolanda Z\u00fa\u00f1iga, encargada de Campos Cl\u00ednicos de la\nU. de Concepci\u00f3n, quienes son representantes de la Comisi\u00f3n de\nSalud de la Agrupaci\u00f3n de Universidades Regionales (AUR).<\/p>\n\n\n\n<p>\nTambi\u00e9n\npresent\u00f3 Patricia Mu\u00f1oz, decana de la Facultad de Medicina de la U.\nDiego Portales y presidenta de la Asociaci\u00f3n de Facultades de\nMedicina de Chile (ASOFAMECH), quien se refiri\u00f3 al aumento de la\ndemanda de campos cl\u00ednicos por el incremento de instituciones que\nimparten carreras en esta \u00e1rea, la acreditaci\u00f3n de estos programas\ny c\u00f3mo el Estado puede contribuir a la formaci\u00f3n de m\u00e9dicos\/as\ngenerales, sub-especialistas y especialistas.<\/p>\n\n\n\n<p>\nA\nesta sesi\u00f3n del CRUCH asisti\u00f3 la nueva rectora de la U. de Ays\u00e9n,\nNatacha Pino, quien valor\u00f3 el recibimiento de sus pares y los retos\nque enfrenta la casa de estudios de cara a su consolidaci\u00f3n.<\/p>\n","protected":false},"excerpt":{"rendered":"<p>    \u2022 El vicepresidente ejecutivo del CRUCH, Aldo Valle, si bien valor\u00f3 que este a\u00f1o se haya corregido el retraso en lA entrega de los recursos por Gratuidad, lament\u00f3 el retraso en la entrega de otros fondos estatales para instituciones acad\u00e9micas. \u201cA las universidades no les es \u00fatil que estos recursos lleguen en diciembre\u201d, sostuvo.<br \/>\n    \u2022 En otro \u00e1mbito, m\u00e1s de 295 mil 900 postulantes se inscribieron para rendir las Pruebas de Selecci\u00f3n Universitaria (PSU), en el Proceso de Admisi\u00f3n 2020. Esta cifra representa un incremento de 1,57% respecto al proceso\u00a0<\/p>\n","protected":false},"author":1,"featured_media":21312,"comment_status":"open","ping_status":"open","sticky":false,"template":"","format":"standard","meta":[],"categories":[42,51],"tags":[],"_links":{"self":[{"href":"https:\/\/www.uta.cl\/index.php\/wp-json\/wp\/v2\/posts\/21310"}],"collection":[{"href":"https:\/\/www.uta.cl\/index.php\/wp-json\/wp\/v2\/posts"}],"about":[{"href":"https:\/\/www.uta.cl\/index.php\/wp-json\/wp\/v2\/types\/post"}],"author":[{"embeddable":true,"href":"https:\/\/www.uta.cl\/index.php\/wp-json\/wp\/v2\/users\/1"}],"replies":[{"embeddable":true,"href":"https:\/\/www.uta.cl\/index.php\/wp-json\/wp\/v2\/comments?post=21310"}],"version-history":[{"count":1,"href":"https:\/\/www.uta.cl\/index.php\/wp-json\/wp\/v2\/posts\/21310\/revisions"}],"predecessor-version":[{"id":21313,"href":"https:\/\/www.uta.cl\/index.php\/wp-json\/wp\/v2\/posts\/21310\/revisions\/21313"}],"wp:featuredmedia":[{"embeddable":true,"href":"https:\/\/www.uta.cl\/index.php\/wp-json\/wp\/v2\/media\/21312"}],"wp:attachment":[{"href":"https:\/\/www.uta.cl\/index.php\/wp-json\/wp\/v2\/media?parent=21310"}],"wp:term":[{"taxonomy":"category","embeddable":true,"href":"https:\/\/www.uta.cl\/index.php\/wp-json\/wp\/v2\/categories?post=21310"},{"taxonomy":"post_tag","embeddable":true,"href":"https:\/\/www.uta.cl\/index.php\/wp-json\/wp\/v2\/tags?post=21310"}],"curies":[{"name":"wp","href":"https:\/\/api.w.org\/{rel}","templated":true}]}}