{"id":21262,"date":"2019-10-02T18:53:55","date_gmt":"2019-10-02T18:53:55","guid":{"rendered":"https:\/\/www.uta.cl\/?p=21262"},"modified":"2019-10-02T18:53:57","modified_gmt":"2019-10-02T18:53:57","slug":"uta-realiza-exitosa-y-masiva-feria-vocacional-con-estudiantes-de-la-region","status":"publish","type":"post","link":"https:\/\/www.uta.cl\/index.php\/2019\/10\/02\/uta-realiza-exitosa-y-masiva-feria-vocacional-con-estudiantes-de-la-region\/","title":{"rendered":"UTA realiza exitosa y masiva Feria Vocacional con estudiantes de la regi\u00f3n"},"content":{"rendered":"\n<p>Con la participaci\u00f3n de aproximadamente dos mil 450 estudiantes de los diferentes establecimientos educacionales de Arica, este viernes 27 de septiembre se llev\u00f3 a cabo la 13\u00b0 versi\u00f3n de la Feria Vocacional UTA 2020, actividad organizada por la Oficina de Admisi\u00f3n de la Direcci\u00f3n de Extensi\u00f3n y Vinculaci\u00f3n con el Medio de esta Casa de Estudios Superiores.  <\/p>\n\n\n\n<ul class=\"wp-block-gallery columns-2 is-cropped\"><li class=\"blocks-gallery-item\"><figure><a href=\"https:\/\/www.uta.cl\/wp-content\/uploads\/2019\/10\/0000_DSC_6739.jpg\"><img loading=\"lazy\" width=\"1000\" height=\"666\" src=\"https:\/\/www.uta.cl\/wp-content\/uploads\/2019\/10\/0000_DSC_6739.jpg\" alt=\"\" data-id=\"21275\" data-link=\"https:\/\/www.uta.cl\/?attachment_id=21275\" class=\"wp-image-21275\" srcset=\"https:\/\/www.uta.cl\/wp-content\/uploads\/2019\/10\/0000_DSC_6739.jpg 1000w, https:\/\/www.uta.cl\/wp-content\/uploads\/2019\/10\/0000_DSC_6739-300x200.jpg 300w, https:\/\/www.uta.cl\/wp-content\/uploads\/2019\/10\/0000_DSC_6739-768x511.jpg 768w\" sizes=\"(max-width: 1000px) 100vw, 1000px\" \/><\/a><\/figure><\/li><li class=\"blocks-gallery-item\"><figure><a href=\"https:\/\/www.uta.cl\/wp-content\/uploads\/2019\/10\/0000_DSC_6720.jpg\"><img loading=\"lazy\" width=\"1000\" height=\"666\" src=\"https:\/\/www.uta.cl\/wp-content\/uploads\/2019\/10\/0000_DSC_6720.jpg\" alt=\"\" data-id=\"21270\" data-link=\"https:\/\/www.uta.cl\/?attachment_id=21270\" class=\"wp-image-21270\" srcset=\"https:\/\/www.uta.cl\/wp-content\/uploads\/2019\/10\/0000_DSC_6720.jpg 1000w, https:\/\/www.uta.cl\/wp-content\/uploads\/2019\/10\/0000_DSC_6720-300x200.jpg 300w, https:\/\/www.uta.cl\/wp-content\/uploads\/2019\/10\/0000_DSC_6720-768x511.jpg 768w\" sizes=\"(max-width: 1000px) 100vw, 1000px\" \/><\/a><\/figure><\/li><\/ul>\n\n\n\n<p>El encuentro realizado en las canchas 1 y 2 del Campus Saucache, se desarroll\u00f3 desde las 08:30 hasta las 14:00 horas y se inici\u00f3 con la Ceremonia de Inauguraci\u00f3n de la Feria Vocacional 2020, instancia en la cual se distingui\u00f3 adem\u00e1s a los Puntajes Regionales del Proceso de Admisi\u00f3n 2019.<\/p>\n\n\n\n<p>La ceremonia cont\u00f3 con la presencia de autoridades universitarias, directores de establecimientos educacionales, acad\u00e9micos, estudiantes e invitados especiales. El Vicerrector Acad\u00e9mico (S), Dr. Carlos Leiva Sajuria fue el encargado de dar las palabras de bienvenida, destacando el gran n\u00famero de estudiantes de establecimientos educacionales de la regi\u00f3n que visitaron esta Feria, donde se muestra un peque\u00f1o barniz de lo que ofrece la Universidad de Tarapac\u00e1 en cuanto a carreras.<\/p>\n\n\n\n<p>\u201cEs importante que ustedes sepan que la Universidad de Tarapac\u00e1 es una de las mejores universidades de este pa\u00eds, lo dicen las estad\u00edsticas. Esta Casa de Estudios Superiores es la quinta instituci\u00f3n a nivel nacional en lo referido a recepci\u00f3n de recursos desde el Ministerio de Educaci\u00f3n, en t\u00e9rminos de su eficiencia, su calidad y su excelencia. Todas nuestras carreras han demostrado la excelencia de su nivel profesional, de acompa\u00f1amiento, de estructura para ofrecer estas carreras, de desarrollo curricular y de la capacidad de sus acad\u00e9micos. La UTA se distingue tambi\u00e9n por la investigaci\u00f3n de primer nivel, adem\u00e1s de recibirlos a ustedes y acompa\u00f1arlos durante toda su vida estudiantil\u201d, expres\u00f3 el Vicerrector Acad\u00e9mico (S), Dr. Carlos Leiva.  <\/p>\n\n\n\n<ul class=\"wp-block-gallery columns-2 is-cropped\"><li class=\"blocks-gallery-item\"><figure><a href=\"https:\/\/www.uta.cl\/wp-content\/uploads\/2019\/10\/0000_DSC_6770.jpg\"><img loading=\"lazy\" width=\"1000\" height=\"666\" src=\"https:\/\/www.uta.cl\/wp-content\/uploads\/2019\/10\/0000_DSC_6770.jpg\" alt=\"\" data-id=\"21279\" data-link=\"https:\/\/www.uta.cl\/?attachment_id=21279\" class=\"wp-image-21279\" srcset=\"https:\/\/www.uta.cl\/wp-content\/uploads\/2019\/10\/0000_DSC_6770.jpg 1000w, https:\/\/www.uta.cl\/wp-content\/uploads\/2019\/10\/0000_DSC_6770-300x200.jpg 300w, https:\/\/www.uta.cl\/wp-content\/uploads\/2019\/10\/0000_DSC_6770-768x511.jpg 768w\" sizes=\"(max-width: 1000px) 100vw, 1000px\" \/><\/a><\/figure><\/li><li class=\"blocks-gallery-item\"><figure><a href=\"https:\/\/www.uta.cl\/wp-content\/uploads\/2019\/10\/0000_DSC_6886.jpg\"><img loading=\"lazy\" width=\"1000\" height=\"666\" src=\"https:\/\/www.uta.cl\/wp-content\/uploads\/2019\/10\/0000_DSC_6886.jpg\" alt=\"\" data-id=\"21289\" data-link=\"https:\/\/www.uta.cl\/?attachment_id=21289\" class=\"wp-image-21289\" srcset=\"https:\/\/www.uta.cl\/wp-content\/uploads\/2019\/10\/0000_DSC_6886.jpg 1000w, https:\/\/www.uta.cl\/wp-content\/uploads\/2019\/10\/0000_DSC_6886-300x200.jpg 300w, https:\/\/www.uta.cl\/wp-content\/uploads\/2019\/10\/0000_DSC_6886-768x511.jpg 768w\" sizes=\"(max-width: 1000px) 100vw, 1000px\" \/><\/a><\/figure><\/li><\/ul>\n\n\n\n<p>Asimismo resalt\u00f3 la presencia de la Sede Iquique, la cual cuenta con muchas perspectivas de desarrollo. \u201cPor ello, la Universidad es un orgullo para esta regi\u00f3n y nuestro objetivo es transformarlos en los ni\u00f1os que hoy son en grandes profesionales integrales, al servicio de la comunidad\u201d.  <\/p>\n\n\n\n<p>Luego se procedi\u00f3 a entregar las distinciones a los alumnos que obtuvieron Puntajes Regionales en el Proceso de Admisi\u00f3n 2019. Por Puntaje Regional en la prueba de Lenguaje y obtuvieron 787 puntos, se distingui\u00f3 a Sebasti\u00e1n Jara Riffo del Colegio Arica College y que actualmente es alumno de la carrera de Medicina de la UTA; Sebasti\u00e1n Mu\u00f1oz Vega del Colegio Arica College y que hoy es alumno de la carrera de Ingenier\u00eda Civil en Computaci\u00f3n e Inform\u00e1tica de la UTA. Por puntaje regional en la prueba de Lenguaje-Matem\u00e1ticas con 755 puntos, se reconoci\u00f3 a Ignacio Flores Oviedo del Colegio Arica College y que actualmente es alumno de la carrera de Medicina de la UTA. Finalmente fue reconocido el puntaje regional en la prueba de Matem\u00e1ticas con 831 puntos y en la prueba de Ciencias con 819 puntos, al alumno de la carrera de Medicina, Yaacov Crossley Carrasco, del Colegio San Jorge.  <\/p>\n\n\n\n<ul class=\"wp-block-gallery columns-3 is-cropped\"><li class=\"blocks-gallery-item\"><figure><a href=\"https:\/\/www.uta.cl\/wp-content\/uploads\/2019\/10\/0000_DSC_6800.jpg\"><img loading=\"lazy\" width=\"1000\" height=\"666\" src=\"https:\/\/www.uta.cl\/wp-content\/uploads\/2019\/10\/0000_DSC_6800.jpg\" alt=\"\" data-id=\"21283\" data-link=\"https:\/\/www.uta.cl\/?attachment_id=21283\" class=\"wp-image-21283\" srcset=\"https:\/\/www.uta.cl\/wp-content\/uploads\/2019\/10\/0000_DSC_6800.jpg 1000w, https:\/\/www.uta.cl\/wp-content\/uploads\/2019\/10\/0000_DSC_6800-300x200.jpg 300w, https:\/\/www.uta.cl\/wp-content\/uploads\/2019\/10\/0000_DSC_6800-768x511.jpg 768w\" sizes=\"(max-width: 1000px) 100vw, 1000px\" \/><\/a><\/figure><\/li><li class=\"blocks-gallery-item\"><figure><a href=\"https:\/\/www.uta.cl\/wp-content\/uploads\/2019\/10\/0000_DSC_6796.jpg\"><img loading=\"lazy\" width=\"1000\" height=\"666\" src=\"https:\/\/www.uta.cl\/wp-content\/uploads\/2019\/10\/0000_DSC_6796.jpg\" alt=\"\" data-id=\"21282\" data-link=\"https:\/\/www.uta.cl\/?attachment_id=21282\" class=\"wp-image-21282\" srcset=\"https:\/\/www.uta.cl\/wp-content\/uploads\/2019\/10\/0000_DSC_6796.jpg 1000w, https:\/\/www.uta.cl\/wp-content\/uploads\/2019\/10\/0000_DSC_6796-300x200.jpg 300w, https:\/\/www.uta.cl\/wp-content\/uploads\/2019\/10\/0000_DSC_6796-768x511.jpg 768w\" sizes=\"(max-width: 1000px) 100vw, 1000px\" \/><\/a><\/figure><\/li><li class=\"blocks-gallery-item\"><figure><a href=\"https:\/\/www.uta.cl\/wp-content\/uploads\/2019\/10\/0000_DSC_6788.jpg\"><img loading=\"lazy\" width=\"1000\" height=\"666\" src=\"https:\/\/www.uta.cl\/wp-content\/uploads\/2019\/10\/0000_DSC_6788.jpg\" alt=\"\" data-id=\"21281\" data-link=\"https:\/\/www.uta.cl\/?attachment_id=21281\" class=\"wp-image-21281\" srcset=\"https:\/\/www.uta.cl\/wp-content\/uploads\/2019\/10\/0000_DSC_6788.jpg 1000w, https:\/\/www.uta.cl\/wp-content\/uploads\/2019\/10\/0000_DSC_6788-300x200.jpg 300w, https:\/\/www.uta.cl\/wp-content\/uploads\/2019\/10\/0000_DSC_6788-768x511.jpg 768w\" sizes=\"(max-width: 1000px) 100vw, 1000px\" \/><\/a><\/figure><\/li><li class=\"blocks-gallery-item\"><figure><a href=\"https:\/\/www.uta.cl\/wp-content\/uploads\/2019\/10\/0000_DSC_6782.jpg\"><img loading=\"lazy\" width=\"1000\" height=\"666\" src=\"https:\/\/www.uta.cl\/wp-content\/uploads\/2019\/10\/0000_DSC_6782.jpg\" alt=\"\" data-id=\"21280\" data-link=\"https:\/\/www.uta.cl\/?attachment_id=21280\" class=\"wp-image-21280\" srcset=\"https:\/\/www.uta.cl\/wp-content\/uploads\/2019\/10\/0000_DSC_6782.jpg 1000w, https:\/\/www.uta.cl\/wp-content\/uploads\/2019\/10\/0000_DSC_6782-300x200.jpg 300w, https:\/\/www.uta.cl\/wp-content\/uploads\/2019\/10\/0000_DSC_6782-768x511.jpg 768w\" sizes=\"(max-width: 1000px) 100vw, 1000px\" \/><\/a><\/figure><\/li><\/ul>\n\n\n\n<p>Para la Decana de la Facultad de Ciencias Agron\u00f3micas, Dra. Pilar Mazuela \u00c1guila, quien destac\u00f3 la gran convocatoria de alumnos de diferentes establecimientos educacionales, \u201chay un importante n\u00famero de j\u00f3venes de cuarto medio que este a\u00f1o deciden qu\u00e9 van a hacer respecto a su futuro y hoy pueden tener la informaci\u00f3n necesaria sobre las alternativas de las diferentes carreras que ofrece la UTA. Cada uno de los stands han estado muy bien preparados con la informaci\u00f3n de lo que efectivamente cada una de las carrera hace. Hay que felicitar a los organizadores y a los profesionales de la Oficina de Admisi\u00f3n porque ha sido un \u00e9xito esta nueva versi\u00f3n de la Feria Vocacional de la UTA\u201d.  <\/p>\n\n\n\n<p>En tanto, el profesional de la Oficina de Admisi\u00f3n de la UTA. Iv\u00e1n Guzm\u00e1n Navarro, expres\u00f3 que, \u201ctenemos bastante afluencia de alumnos de los diferentes colegios de la ciudad, tenemos un c\u00e1lculo de aproximadamente m\u00e1s all\u00e1 de los dos mil alumnos que visitan esta Feria Vocacional de la UTA. Esta es la versi\u00f3n n\u00famero 13 hemos contado con el apoyo de los directores, orientadores y profesores de los diferentes establecimientos educacionales de Arica para que puedan traer a sus estudiantes y puedan conocer a la UTA y las carreras que ofrece. Es bueno que estas instancias se generen y que los estudiantes puedan tomar una correcta decisi\u00f3n, mientras m\u00e1s informaci\u00f3n manejen, mucho mejor ser\u00e1 la decisi\u00f3n que tomen respecto a la carrera que quieren estudiar y la universidad donde lo van a hacer\u201d.  <\/p>\n\n\n\n<p>La jornada de inauguraci\u00f3n estuvo amenizada por el complemento art\u00edstico del Ballet Folkl\u00f3rico de la Universidad de Tarapac\u00e1, BAFUT quien interpret\u00f3 el cuadro Afro-Tumbe y al finalizar con el grupo musical \u201cDe la Costa\u201d, perteneciente al Liceo Bicentenario A-5 Jovina Naranjo, integrado por alumnos de 5\u00b0 b\u00e1sico a 2\u00b0medio y dirigidos por el profesor Marco Pizarro, quienes interpretaron un cover Afro Arique\u00f1o.  <\/p>\n\n\n\n<ul class=\"wp-block-gallery columns-3 is-cropped\"><li class=\"blocks-gallery-item\"><figure><img loading=\"lazy\" width=\"1000\" height=\"666\" src=\"https:\/\/www.uta.cl\/wp-content\/uploads\/2019\/10\/0000_DSC_6890.jpg\" alt=\"\" data-id=\"21290\" data-link=\"https:\/\/www.uta.cl\/?attachment_id=21290\" class=\"wp-image-21290\" srcset=\"https:\/\/www.uta.cl\/wp-content\/uploads\/2019\/10\/0000_DSC_6890.jpg 1000w, https:\/\/www.uta.cl\/wp-content\/uploads\/2019\/10\/0000_DSC_6890-300x200.jpg 300w, https:\/\/www.uta.cl\/wp-content\/uploads\/2019\/10\/0000_DSC_6890-768x511.jpg 768w\" sizes=\"(max-width: 1000px) 100vw, 1000px\" \/><\/figure><\/li><li class=\"blocks-gallery-item\"><figure><img loading=\"lazy\" width=\"1000\" height=\"666\" src=\"https:\/\/www.uta.cl\/wp-content\/uploads\/2019\/10\/0000_DSC_6867.jpg\" alt=\"\" data-id=\"21288\" data-link=\"https:\/\/www.uta.cl\/?attachment_id=21288\" class=\"wp-image-21288\" srcset=\"https:\/\/www.uta.cl\/wp-content\/uploads\/2019\/10\/0000_DSC_6867.jpg 1000w, https:\/\/www.uta.cl\/wp-content\/uploads\/2019\/10\/0000_DSC_6867-300x200.jpg 300w, https:\/\/www.uta.cl\/wp-content\/uploads\/2019\/10\/0000_DSC_6867-768x511.jpg 768w\" sizes=\"(max-width: 1000px) 100vw, 1000px\" \/><\/figure><\/li><li class=\"blocks-gallery-item\"><figure><img loading=\"lazy\" width=\"1000\" height=\"666\" src=\"https:\/\/www.uta.cl\/wp-content\/uploads\/2019\/10\/0000_DSC_6859.jpg\" alt=\"\" data-id=\"21287\" data-link=\"https:\/\/www.uta.cl\/?attachment_id=21287\" class=\"wp-image-21287\" srcset=\"https:\/\/www.uta.cl\/wp-content\/uploads\/2019\/10\/0000_DSC_6859.jpg 1000w, https:\/\/www.uta.cl\/wp-content\/uploads\/2019\/10\/0000_DSC_6859-300x200.jpg 300w, https:\/\/www.uta.cl\/wp-content\/uploads\/2019\/10\/0000_DSC_6859-768x511.jpg 768w\" sizes=\"(max-width: 1000px) 100vw, 1000px\" \/><\/figure><\/li><li class=\"blocks-gallery-item\"><figure><img loading=\"lazy\" width=\"1000\" height=\"666\" src=\"https:\/\/www.uta.cl\/wp-content\/uploads\/2019\/10\/0000_DSC_6853.jpg\" alt=\"\" data-id=\"21286\" data-link=\"https:\/\/www.uta.cl\/?attachment_id=21286\" class=\"wp-image-21286\" srcset=\"https:\/\/www.uta.cl\/wp-content\/uploads\/2019\/10\/0000_DSC_6853.jpg 1000w, https:\/\/www.uta.cl\/wp-content\/uploads\/2019\/10\/0000_DSC_6853-300x200.jpg 300w, https:\/\/www.uta.cl\/wp-content\/uploads\/2019\/10\/0000_DSC_6853-768x511.jpg 768w\" sizes=\"(max-width: 1000px) 100vw, 1000px\" \/><\/figure><\/li><li class=\"blocks-gallery-item\"><figure><img loading=\"lazy\" width=\"1000\" height=\"666\" src=\"https:\/\/www.uta.cl\/wp-content\/uploads\/2019\/10\/0000_DSC_6824.jpg\" alt=\"\" data-id=\"21285\" data-link=\"https:\/\/www.uta.cl\/?attachment_id=21285\" class=\"wp-image-21285\" srcset=\"https:\/\/www.uta.cl\/wp-content\/uploads\/2019\/10\/0000_DSC_6824.jpg 1000w, https:\/\/www.uta.cl\/wp-content\/uploads\/2019\/10\/0000_DSC_6824-300x200.jpg 300w, https:\/\/www.uta.cl\/wp-content\/uploads\/2019\/10\/0000_DSC_6824-768x511.jpg 768w\" sizes=\"(max-width: 1000px) 100vw, 1000px\" \/><\/figure><\/li><li class=\"blocks-gallery-item\"><figure><img loading=\"lazy\" width=\"1000\" height=\"666\" src=\"https:\/\/www.uta.cl\/wp-content\/uploads\/2019\/10\/0000_DSC_6806.jpg\" alt=\"\" data-id=\"21284\" data-link=\"https:\/\/www.uta.cl\/?attachment_id=21284\" class=\"wp-image-21284\" srcset=\"https:\/\/www.uta.cl\/wp-content\/uploads\/2019\/10\/0000_DSC_6806.jpg 1000w, https:\/\/www.uta.cl\/wp-content\/uploads\/2019\/10\/0000_DSC_6806-300x200.jpg 300w, https:\/\/www.uta.cl\/wp-content\/uploads\/2019\/10\/0000_DSC_6806-768x511.jpg 768w\" sizes=\"(max-width: 1000px) 100vw, 1000px\" \/><\/figure><\/li><li class=\"blocks-gallery-item\"><figure><img loading=\"lazy\" width=\"1000\" height=\"666\" src=\"https:\/\/www.uta.cl\/wp-content\/uploads\/2019\/10\/0000_DSC_6770.jpg\" alt=\"\" data-id=\"21279\" data-link=\"https:\/\/www.uta.cl\/?attachment_id=21279\" class=\"wp-image-21279\" srcset=\"https:\/\/www.uta.cl\/wp-content\/uploads\/2019\/10\/0000_DSC_6770.jpg 1000w, https:\/\/www.uta.cl\/wp-content\/uploads\/2019\/10\/0000_DSC_6770-300x200.jpg 300w, https:\/\/www.uta.cl\/wp-content\/uploads\/2019\/10\/0000_DSC_6770-768x511.jpg 768w\" sizes=\"(max-width: 1000px) 100vw, 1000px\" \/><\/figure><\/li><li class=\"blocks-gallery-item\"><figure><img loading=\"lazy\" width=\"1000\" height=\"666\" src=\"https:\/\/www.uta.cl\/wp-content\/uploads\/2019\/10\/0000_DSC_6765.jpg\" alt=\"\" data-id=\"21278\" data-link=\"https:\/\/www.uta.cl\/?attachment_id=21278\" class=\"wp-image-21278\" srcset=\"https:\/\/www.uta.cl\/wp-content\/uploads\/2019\/10\/0000_DSC_6765.jpg 1000w, https:\/\/www.uta.cl\/wp-content\/uploads\/2019\/10\/0000_DSC_6765-300x200.jpg 300w, https:\/\/www.uta.cl\/wp-content\/uploads\/2019\/10\/0000_DSC_6765-768x511.jpg 768w\" sizes=\"(max-width: 1000px) 100vw, 1000px\" \/><\/figure><\/li><li class=\"blocks-gallery-item\"><figure><img loading=\"lazy\" width=\"1000\" height=\"666\" src=\"https:\/\/www.uta.cl\/wp-content\/uploads\/2019\/10\/0000_DSC_6752.jpg\" alt=\"\" data-id=\"21277\" data-link=\"https:\/\/www.uta.cl\/?attachment_id=21277\" class=\"wp-image-21277\" srcset=\"https:\/\/www.uta.cl\/wp-content\/uploads\/2019\/10\/0000_DSC_6752.jpg 1000w, https:\/\/www.uta.cl\/wp-content\/uploads\/2019\/10\/0000_DSC_6752-300x200.jpg 300w, https:\/\/www.uta.cl\/wp-content\/uploads\/2019\/10\/0000_DSC_6752-768x511.jpg 768w\" sizes=\"(max-width: 1000px) 100vw, 1000px\" \/><\/figure><\/li><li class=\"blocks-gallery-item\"><figure><img loading=\"lazy\" width=\"1000\" height=\"666\" src=\"https:\/\/www.uta.cl\/wp-content\/uploads\/2019\/10\/0000_DSC_6751.jpg\" alt=\"\" data-id=\"21276\" data-link=\"https:\/\/www.uta.cl\/?attachment_id=21276\" class=\"wp-image-21276\" srcset=\"https:\/\/www.uta.cl\/wp-content\/uploads\/2019\/10\/0000_DSC_6751.jpg 1000w, https:\/\/www.uta.cl\/wp-content\/uploads\/2019\/10\/0000_DSC_6751-300x200.jpg 300w, https:\/\/www.uta.cl\/wp-content\/uploads\/2019\/10\/0000_DSC_6751-768x511.jpg 768w\" sizes=\"(max-width: 1000px) 100vw, 1000px\" \/><\/figure><\/li><li class=\"blocks-gallery-item\"><figure><img loading=\"lazy\" width=\"1000\" height=\"666\" src=\"https:\/\/www.uta.cl\/wp-content\/uploads\/2019\/10\/0000_DSC_6738.jpg\" alt=\"\" data-id=\"21274\" data-link=\"https:\/\/www.uta.cl\/?attachment_id=21274\" class=\"wp-image-21274\" srcset=\"https:\/\/www.uta.cl\/wp-content\/uploads\/2019\/10\/0000_DSC_6738.jpg 1000w, https:\/\/www.uta.cl\/wp-content\/uploads\/2019\/10\/0000_DSC_6738-300x200.jpg 300w, https:\/\/www.uta.cl\/wp-content\/uploads\/2019\/10\/0000_DSC_6738-768x511.jpg 768w\" sizes=\"(max-width: 1000px) 100vw, 1000px\" \/><\/figure><\/li><li class=\"blocks-gallery-item\"><figure><img loading=\"lazy\" width=\"1000\" height=\"666\" src=\"https:\/\/www.uta.cl\/wp-content\/uploads\/2019\/10\/0000_DSC_6736.jpg\" alt=\"\" data-id=\"21273\" data-link=\"https:\/\/www.uta.cl\/?attachment_id=21273\" class=\"wp-image-21273\" srcset=\"https:\/\/www.uta.cl\/wp-content\/uploads\/2019\/10\/0000_DSC_6736.jpg 1000w, https:\/\/www.uta.cl\/wp-content\/uploads\/2019\/10\/0000_DSC_6736-300x200.jpg 300w, https:\/\/www.uta.cl\/wp-content\/uploads\/2019\/10\/0000_DSC_6736-768x511.jpg 768w\" sizes=\"(max-width: 1000px) 100vw, 1000px\" \/><\/figure><\/li><li class=\"blocks-gallery-item\"><figure><img loading=\"lazy\" width=\"1000\" height=\"666\" src=\"https:\/\/www.uta.cl\/wp-content\/uploads\/2019\/10\/0000_DSC_6732.jpg\" alt=\"\" data-id=\"21272\" data-link=\"https:\/\/www.uta.cl\/?attachment_id=21272\" class=\"wp-image-21272\" srcset=\"https:\/\/www.uta.cl\/wp-content\/uploads\/2019\/10\/0000_DSC_6732.jpg 1000w, https:\/\/www.uta.cl\/wp-content\/uploads\/2019\/10\/0000_DSC_6732-300x200.jpg 300w, https:\/\/www.uta.cl\/wp-content\/uploads\/2019\/10\/0000_DSC_6732-768x511.jpg 768w\" sizes=\"(max-width: 1000px) 100vw, 1000px\" \/><\/figure><\/li><li class=\"blocks-gallery-item\"><figure><img loading=\"lazy\" width=\"1000\" height=\"666\" src=\"https:\/\/www.uta.cl\/wp-content\/uploads\/2019\/10\/0000_DSC_6726.jpg\" alt=\"\" data-id=\"21271\" data-link=\"https:\/\/www.uta.cl\/?attachment_id=21271\" class=\"wp-image-21271\" srcset=\"https:\/\/www.uta.cl\/wp-content\/uploads\/2019\/10\/0000_DSC_6726.jpg 1000w, https:\/\/www.uta.cl\/wp-content\/uploads\/2019\/10\/0000_DSC_6726-300x200.jpg 300w, https:\/\/www.uta.cl\/wp-content\/uploads\/2019\/10\/0000_DSC_6726-768x511.jpg 768w\" sizes=\"(max-width: 1000px) 100vw, 1000px\" \/><\/figure><\/li><li class=\"blocks-gallery-item\"><figure><img loading=\"lazy\" width=\"1000\" height=\"666\" src=\"https:\/\/www.uta.cl\/wp-content\/uploads\/2019\/10\/0000_DSC_6720.jpg\" alt=\"\" data-id=\"21270\" data-link=\"https:\/\/www.uta.cl\/?attachment_id=21270\" class=\"wp-image-21270\" srcset=\"https:\/\/www.uta.cl\/wp-content\/uploads\/2019\/10\/0000_DSC_6720.jpg 1000w, https:\/\/www.uta.cl\/wp-content\/uploads\/2019\/10\/0000_DSC_6720-300x200.jpg 300w, https:\/\/www.uta.cl\/wp-content\/uploads\/2019\/10\/0000_DSC_6720-768x511.jpg 768w\" sizes=\"(max-width: 1000px) 100vw, 1000px\" \/><\/figure><\/li><li class=\"blocks-gallery-item\"><figure><img loading=\"lazy\" width=\"1000\" height=\"666\" src=\"https:\/\/www.uta.cl\/wp-content\/uploads\/2019\/10\/0000_DSC_6718.jpg\" alt=\"\" data-id=\"21269\" data-link=\"https:\/\/www.uta.cl\/?attachment_id=21269\" class=\"wp-image-21269\" srcset=\"https:\/\/www.uta.cl\/wp-content\/uploads\/2019\/10\/0000_DSC_6718.jpg 1000w, https:\/\/www.uta.cl\/wp-content\/uploads\/2019\/10\/0000_DSC_6718-300x200.jpg 300w, https:\/\/www.uta.cl\/wp-content\/uploads\/2019\/10\/0000_DSC_6718-768x511.jpg 768w\" sizes=\"(max-width: 1000px) 100vw, 1000px\" \/><\/figure><\/li><li class=\"blocks-gallery-item\"><figure><img loading=\"lazy\" width=\"1000\" height=\"666\" src=\"https:\/\/www.uta.cl\/wp-content\/uploads\/2019\/10\/0000_DSC_6716.jpg\" alt=\"\" data-id=\"21268\" data-link=\"https:\/\/www.uta.cl\/?attachment_id=21268\" class=\"wp-image-21268\" srcset=\"https:\/\/www.uta.cl\/wp-content\/uploads\/2019\/10\/0000_DSC_6716.jpg 1000w, https:\/\/www.uta.cl\/wp-content\/uploads\/2019\/10\/0000_DSC_6716-300x200.jpg 300w, https:\/\/www.uta.cl\/wp-content\/uploads\/2019\/10\/0000_DSC_6716-768x511.jpg 768w\" sizes=\"(max-width: 1000px) 100vw, 1000px\" \/><\/figure><\/li><li class=\"blocks-gallery-item\"><figure><img loading=\"lazy\" width=\"667\" height=\"1000\" src=\"https:\/\/www.uta.cl\/wp-content\/uploads\/2019\/10\/0000_DSC_6714.jpg\" alt=\"\" data-id=\"21267\" data-link=\"https:\/\/www.uta.cl\/?attachment_id=21267\" class=\"wp-image-21267\" srcset=\"https:\/\/www.uta.cl\/wp-content\/uploads\/2019\/10\/0000_DSC_6714.jpg 667w, https:\/\/www.uta.cl\/wp-content\/uploads\/2019\/10\/0000_DSC_6714-200x300.jpg 200w\" sizes=\"(max-width: 667px) 100vw, 667px\" \/><\/figure><\/li><li class=\"blocks-gallery-item\"><figure><img loading=\"lazy\" width=\"1000\" height=\"666\" src=\"https:\/\/www.uta.cl\/wp-content\/uploads\/2019\/10\/0000_DSC_6712.jpg\" alt=\"\" data-id=\"21266\" data-link=\"https:\/\/www.uta.cl\/?attachment_id=21266\" class=\"wp-image-21266\" srcset=\"https:\/\/www.uta.cl\/wp-content\/uploads\/2019\/10\/0000_DSC_6712.jpg 1000w, https:\/\/www.uta.cl\/wp-content\/uploads\/2019\/10\/0000_DSC_6712-300x200.jpg 300w, https:\/\/www.uta.cl\/wp-content\/uploads\/2019\/10\/0000_DSC_6712-768x511.jpg 768w\" sizes=\"(max-width: 1000px) 100vw, 1000px\" \/><\/figure><\/li><li class=\"blocks-gallery-item\"><figure><img loading=\"lazy\" width=\"1000\" height=\"666\" src=\"https:\/\/www.uta.cl\/wp-content\/uploads\/2019\/10\/0000_DSC_6709.jpg\" alt=\"\" data-id=\"21265\" data-link=\"https:\/\/www.uta.cl\/?attachment_id=21265\" class=\"wp-image-21265\" srcset=\"https:\/\/www.uta.cl\/wp-content\/uploads\/2019\/10\/0000_DSC_6709.jpg 1000w, https:\/\/www.uta.cl\/wp-content\/uploads\/2019\/10\/0000_DSC_6709-300x200.jpg 300w, https:\/\/www.uta.cl\/wp-content\/uploads\/2019\/10\/0000_DSC_6709-768x511.jpg 768w\" sizes=\"(max-width: 1000px) 100vw, 1000px\" \/><\/figure><\/li><li class=\"blocks-gallery-item\"><figure><img loading=\"lazy\" width=\"1000\" height=\"666\" src=\"https:\/\/www.uta.cl\/wp-content\/uploads\/2019\/10\/0000_DSC_6707.jpg\" alt=\"\" data-id=\"21264\" data-link=\"https:\/\/www.uta.cl\/?attachment_id=21264\" class=\"wp-image-21264\" srcset=\"https:\/\/www.uta.cl\/wp-content\/uploads\/2019\/10\/0000_DSC_6707.jpg 1000w, https:\/\/www.uta.cl\/wp-content\/uploads\/2019\/10\/0000_DSC_6707-300x200.jpg 300w, https:\/\/www.uta.cl\/wp-content\/uploads\/2019\/10\/0000_DSC_6707-768x511.jpg 768w\" sizes=\"(max-width: 1000px) 100vw, 1000px\" \/><\/figure><\/li><\/ul>\n","protected":false},"excerpt":{"rendered":"<p>La jornada fue organizada por la Oficina de Admisi\u00f3n de la Direcci\u00f3n de Extensi\u00f3n y Vinculaci\u00f3n con el Medio y se desarroll\u00f3 en las canchas 1 y 2, a un costado de la Biblioteca Central del Campus Saucache.<\/p>\n","protected":false},"author":1,"featured_media":21263,"comment_status":"open","ping_status":"open","sticky":false,"template":"","format":"standard","meta":[],"categories":[],"tags":[],"_links":{"self":[{"href":"https:\/\/www.uta.cl\/index.php\/wp-json\/wp\/v2\/posts\/21262"}],"collection":[{"href":"https:\/\/www.uta.cl\/index.php\/wp-json\/wp\/v2\/posts"}],"about":[{"href":"https:\/\/www.uta.cl\/index.php\/wp-json\/wp\/v2\/types\/post"}],"author":[{"embeddable":true,"href":"https:\/\/www.uta.cl\/index.php\/wp-json\/wp\/v2\/users\/1"}],"replies":[{"embeddable":true,"href":"https:\/\/www.uta.cl\/index.php\/wp-json\/wp\/v2\/comments?post=21262"}],"version-history":[{"count":1,"href":"https:\/\/www.uta.cl\/index.php\/wp-json\/wp\/v2\/posts\/21262\/revisions"}],"predecessor-version":[{"id":21291,"href":"https:\/\/www.uta.cl\/index.php\/wp-json\/wp\/v2\/posts\/21262\/revisions\/21291"}],"wp:featuredmedia":[{"embeddable":true,"href":"https:\/\/www.uta.cl\/index.php\/wp-json\/wp\/v2\/media\/21263"}],"wp:attachment":[{"href":"https:\/\/www.uta.cl\/index.php\/wp-json\/wp\/v2\/media?parent=21262"}],"wp:term":[{"taxonomy":"category","embeddable":true,"href":"https:\/\/www.uta.cl\/index.php\/wp-json\/wp\/v2\/categories?post=21262"},{"taxonomy":"post_tag","embeddable":true,"href":"https:\/\/www.uta.cl\/index.php\/wp-json\/wp\/v2\/tags?post=21262"}],"curies":[{"name":"wp","href":"https:\/\/api.w.org\/{rel}","templated":true}]}}