{"id":21212,"date":"2019-10-02T15:56:06","date_gmt":"2019-10-02T15:56:06","guid":{"rendered":"https:\/\/www.uta.cl\/?p=21212"},"modified":"2019-10-02T15:56:09","modified_gmt":"2019-10-02T15:56:09","slug":"rector-de-la-uta-destaca-la-alta-productividad-del-departamento-de-ingenieria-industrial-y-de-sistemas","status":"publish","type":"post","link":"https:\/\/www.uta.cl\/index.php\/2019\/10\/02\/rector-de-la-uta-destaca-la-alta-productividad-del-departamento-de-ingenieria-industrial-y-de-sistemas\/","title":{"rendered":"Rector de la UTA destaca la alta productividad del Departamento de Ingenier\u00eda Industrial y de Sistemas"},"content":{"rendered":"\n<p>En el marco de la realizaci\u00f3n de charlas informativas encabezadas por el Rector de la Universidad de Tarapac\u00e1 con las diferentes unidades acad\u00e9micas de esta Casa de Estudios Superiores, este lunes 30 de septiembre fue el turno con el Departamento de Ingenier\u00eda Industrial y de Sistemas perteneciente a la Facultad de Ingenier\u00eda y cuyo prop\u00f3sito, fue informar sobre el nuevo escenario al cual se enfrenta la UTA, adem\u00e1s de enfatizar respecto a los nuevos requerimientos que deben cumplirse ante los \u00edndices entregados por el Banco Mundial.  <\/p>\n\n\n\n<figure class=\"wp-block-image\"><a href=\"https:\/\/www.uta.cl\/wp-content\/uploads\/2019\/10\/foto-principal-nota.jpg\"><img loading=\"lazy\" width=\"1000\" height=\"565\" src=\"https:\/\/www.uta.cl\/wp-content\/uploads\/2019\/10\/foto-principal-nota.jpg\" alt=\"\" class=\"wp-image-21216\" srcset=\"https:\/\/www.uta.cl\/wp-content\/uploads\/2019\/10\/foto-principal-nota.jpg 1000w, https:\/\/www.uta.cl\/wp-content\/uploads\/2019\/10\/foto-principal-nota-300x170.jpg 300w, https:\/\/www.uta.cl\/wp-content\/uploads\/2019\/10\/foto-principal-nota-768x434.jpg 768w\" sizes=\"(max-width: 1000px) 100vw, 1000px\" \/><\/a><\/figure>\n\n\n\n<p>El\nRector Dr. Emilio Rodr\u00edguez Ponce, quien estuvo acompa\u00f1ado del\nVicerrector Acad\u00e9mico, Dr. Alfonso D\u00edaz Aguad, de la Vicerrectora\nde Desarrollo Estrat\u00e9gico, Dra. Jenniffer Peralta Montecinos, del\nVicerrector de Administraci\u00f3n y Finanzas, Mg. \u00c1lvaro Palma Quiroz,\nde la Directora General de Gabinete (S), Nieves Rubio Medina y del\nDecano de la Facultad de Ingenier\u00eda, Dr. Alejandro Rodr\u00edguez Estay.\n\n<\/p>\n\n\n\n<p>\nEn\nesta oportunidad, la m\u00e1xima autoridad universitaria se explay\u00f3\nsobre los nuevos desaf\u00edos que tiene la Universidad de Tarapac\u00e1 como\nInstituci\u00f3n estatal y regional, tales como lograr que una proporci\u00f3n\nimportante del cuerpo acad\u00e9mico tenga el grado de doctor, obtener\npublicaciones que sumen un \u00edndice de impacto mayor, mejorar la\ncomplejidad del tema de la titulaci\u00f3n oportuna de los futuros\nprofesionales, junto con mantener los est\u00e1ndares de acreditaci\u00f3n\nque se han logrado y tener un impacto en los estudiantes de los\nprimeros seis quintiles que puedan tener una retenci\u00f3n mucho mayor\nal tercer a\u00f1o.<\/p>\n\n\n\n<p>Durante\nel encuentro, el Director del Departamento de Ingenier\u00eda Industrial\ny de Sistemas, Gonzalo Vald\u00e9s Gonz\u00e1lez expuso sobre el plan de\nmejora, orientaci\u00f3n de postgrado, perfeccionamiento de acad\u00e9micos,\nacreditaci\u00f3n, entre otros temas.<\/p>\n\n\n\n<p>Asimismo\ndio a conocer sobre los desaf\u00edos pendientes, se\u00f1alando que dicho\ndepartamento es, \u201cuna de las 9 carreras activas de la Facultad de\nIngenier\u00eda, la cual representa alrededor del 38% de la matr\u00edcula de\nalumnos nuevos de la Facultad de Ingenier\u00eda, adem\u00e1s de representar\nel 9% de la matr\u00edcula de alumnos nuevos de la UTA, siendo la carrera\nde mayor matr\u00edcula de alumnos nuevos, representando as\u00ed, el 8% de\ntodos los alumnos de la UTA\u201d.<\/p>\n\n\n\n<p>Al\nconcluir el encuentro, el Dr. Gonzalo Vald\u00e9s Gonz\u00e1lez, destac\u00f3\nque, \u201cha sido una reuni\u00f3n muy importante porque permite acercar la\nrector\u00eda a la comunidad acad\u00e9mica y en particular al Departamento\nde Ingenier\u00eda Industrial y de Sistemas, que tiene sus virtudes y\nproblem\u00e1ticas. Ha sido una conversaci\u00f3n muy grata, donde el Rector\nnos mostr\u00f3 las perspectivas macroecon\u00f3micas y nos convers\u00f3 sobre\nel escenario en el cual se encuentra la Instituci\u00f3n. En este\nencuentro, mostramos las perspectivas que nos aquejan como\ndepartamento que tributamos al proyecto institucional. Hablamos de\nlos planes de mejora hacia la carrera, la orientaci\u00f3n hacia el\npostgrado y los desaf\u00edos de corto y mediano plazo que enfrentamos\ncomo unidad acad\u00e9mica\u201d.<\/p>\n\n\n\n<p>\u201cEn\nel Departamento de Ingenier\u00eda Industrial y de Sistemas tenemos una\ntasa s\u00faper alta de acad\u00e9micos con grado de doctor, donde el 80% de\nellos ya son doctores, pero lo bueno es que para el resto de los\nacad\u00e9micos se abre una tremenda posibilidad, siendo un tema muy\nimportante para nosotros\u201d, indic\u00f3 el Director Gonzalo Vald\u00e9s\nGonz\u00e1lez.<\/p>\n\n\n\n<p>En\ntanto el Rector de la UTA, Dr. Emilio Rodr\u00edguez Ponce, se\u00f1al\u00f3 que,\n\u201clo que estamos exponiendo en esta oportunidad, son las exigencias\nque la Universidad de Tarapac\u00e1 institucionalmente debe asumir en los\npr\u00f3ximos a\u00f1os de cara al 2030. En ese contexto, el Departamento de\nIngenier\u00eda Industrial y de Sistemas, nos ha mostrado una serie de\nantecedentes que dan cuenta de varios elementos. Primero, es una de\nlas carreras prioritarias con mayores preferencias dentro de la\nUniversidad, con mayor matr\u00edcula efectiva y nos han mostrado\ntambi\u00e9n, los indicadores que tienen en t\u00e9rminos de docencia que son\nmuy altos, porque asumen el desaf\u00edo de la docencia de manera muy\nintensa, destac\u00e1ndose adem\u00e1s, por contar con proyectos Fondecyt en\nejecuci\u00f3n y un conjunto de publicaciones que superan las 10 en\npromedio al a\u00f1o\u201d.<\/p>\n\n\n\n<ul class=\"wp-block-gallery columns-3 is-cropped\"><li class=\"blocks-gallery-item\"><figure><a href=\"https:\/\/www.uta.cl\/wp-content\/uploads\/2019\/10\/DSC_7103.jpg\"><img loading=\"lazy\" width=\"1000\" height=\"511\" src=\"https:\/\/www.uta.cl\/wp-content\/uploads\/2019\/10\/DSC_7103.jpg\" alt=\"\" data-id=\"21215\" data-link=\"https:\/\/www.uta.cl\/?attachment_id=21215\" class=\"wp-image-21215\" srcset=\"https:\/\/www.uta.cl\/wp-content\/uploads\/2019\/10\/DSC_7103.jpg 1000w, https:\/\/www.uta.cl\/wp-content\/uploads\/2019\/10\/DSC_7103-300x153.jpg 300w, https:\/\/www.uta.cl\/wp-content\/uploads\/2019\/10\/DSC_7103-768x392.jpg 768w\" sizes=\"(max-width: 1000px) 100vw, 1000px\" \/><\/a><\/figure><\/li><li class=\"blocks-gallery-item\"><figure><a href=\"https:\/\/www.uta.cl\/wp-content\/uploads\/2019\/10\/DSC_7100.jpg\"><img loading=\"lazy\" width=\"1000\" height=\"655\" src=\"https:\/\/www.uta.cl\/wp-content\/uploads\/2019\/10\/DSC_7100.jpg\" alt=\"\" data-id=\"21214\" data-link=\"https:\/\/www.uta.cl\/?attachment_id=21214\" class=\"wp-image-21214\" srcset=\"https:\/\/www.uta.cl\/wp-content\/uploads\/2019\/10\/DSC_7100.jpg 1000w, https:\/\/www.uta.cl\/wp-content\/uploads\/2019\/10\/DSC_7100-300x197.jpg 300w, https:\/\/www.uta.cl\/wp-content\/uploads\/2019\/10\/DSC_7100-768x503.jpg 768w\" sizes=\"(max-width: 1000px) 100vw, 1000px\" \/><\/a><\/figure><\/li><li class=\"blocks-gallery-item\"><figure><a href=\"https:\/\/www.uta.cl\/wp-content\/uploads\/2019\/10\/DSC_7094.jpg\"><img loading=\"lazy\" width=\"1000\" height=\"471\" src=\"https:\/\/www.uta.cl\/wp-content\/uploads\/2019\/10\/DSC_7094.jpg\" alt=\"\" data-id=\"21213\" data-link=\"https:\/\/www.uta.cl\/?attachment_id=21213\" class=\"wp-image-21213\" srcset=\"https:\/\/www.uta.cl\/wp-content\/uploads\/2019\/10\/DSC_7094.jpg 1000w, https:\/\/www.uta.cl\/wp-content\/uploads\/2019\/10\/DSC_7094-300x141.jpg 300w, https:\/\/www.uta.cl\/wp-content\/uploads\/2019\/10\/DSC_7094-768x362.jpg 768w\" sizes=\"(max-width: 1000px) 100vw, 1000px\" \/><\/a><\/figure><\/li><\/ul>\n\n\n\n<p>La\nm\u00e1xima autoridad concluy\u00f3 resaltando que esta unidad acad\u00e9mica va\n\u201chacia el desaf\u00edo de la complejidad, desaf\u00edo que quiere asumir y\npara ello quiere desarrollar un programa de gesti\u00f3n y sistema de\norganizaciones, lo cual nos parece bastante importante, porque\njustamente \u00e9sta es una exigencia para el desarrollo de la\nUniversidad. Hemos conversado de c\u00f3mo generar condiciones de\noperaci\u00f3n que sean razonables y adecuadas para poder atender la\ncantidad de estudiantes de manera exitosa, y lograr entonces, un\ndesarrollo creciente de la unidad, trabajando con eficiencia,\neficacia y sobretodo con complejidad y calidad\u201d. \n<\/p>\n","protected":false},"excerpt":{"rendered":"<p>En reuni\u00f3n sostenida este lunes 30 de septiembre con acad\u00e9micos de dicha unidad y autoridades universitarias.<\/p>\n","protected":false},"author":1,"featured_media":21216,"comment_status":"open","ping_status":"open","sticky":false,"template":"","format":"standard","meta":[],"categories":[],"tags":[],"_links":{"self":[{"href":"https:\/\/www.uta.cl\/index.php\/wp-json\/wp\/v2\/posts\/21212"}],"collection":[{"href":"https:\/\/www.uta.cl\/index.php\/wp-json\/wp\/v2\/posts"}],"about":[{"href":"https:\/\/www.uta.cl\/index.php\/wp-json\/wp\/v2\/types\/post"}],"author":[{"embeddable":true,"href":"https:\/\/www.uta.cl\/index.php\/wp-json\/wp\/v2\/users\/1"}],"replies":[{"embeddable":true,"href":"https:\/\/www.uta.cl\/index.php\/wp-json\/wp\/v2\/comments?post=21212"}],"version-history":[{"count":1,"href":"https:\/\/www.uta.cl\/index.php\/wp-json\/wp\/v2\/posts\/21212\/revisions"}],"predecessor-version":[{"id":21217,"href":"https:\/\/www.uta.cl\/index.php\/wp-json\/wp\/v2\/posts\/21212\/revisions\/21217"}],"wp:featuredmedia":[{"embeddable":true,"href":"https:\/\/www.uta.cl\/index.php\/wp-json\/wp\/v2\/media\/21216"}],"wp:attachment":[{"href":"https:\/\/www.uta.cl\/index.php\/wp-json\/wp\/v2\/media?parent=21212"}],"wp:term":[{"taxonomy":"category","embeddable":true,"href":"https:\/\/www.uta.cl\/index.php\/wp-json\/wp\/v2\/categories?post=21212"},{"taxonomy":"post_tag","embeddable":true,"href":"https:\/\/www.uta.cl\/index.php\/wp-json\/wp\/v2\/tags?post=21212"}],"curies":[{"name":"wp","href":"https:\/\/api.w.org\/{rel}","templated":true}]}}