{"id":21206,"date":"2019-10-02T15:11:16","date_gmt":"2019-10-02T15:11:16","guid":{"rendered":"https:\/\/www.uta.cl\/?p=21206"},"modified":"2019-10-02T15:11:18","modified_gmt":"2019-10-02T15:11:18","slug":"federacion-de-estudiantes-de-la-uta-invita-a-participar-de-la-primera-escuela-de-genero-y-sexualidades","status":"publish","type":"post","link":"https:\/\/www.uta.cl\/index.php\/2019\/10\/02\/federacion-de-estudiantes-de-la-uta-invita-a-participar-de-la-primera-escuela-de-genero-y-sexualidades\/","title":{"rendered":"Federaci\u00f3n de Estudiantes de la UTA invita a participar de la primera  \u201cEscuela de G\u00e9nero y Sexualidades\u201d"},"content":{"rendered":"\n<p>\nEste\nlunes 23 de septiembre se realiz\u00f3 el lanzamiento de la \u201cEscuela de\nG\u00e9nero y Sexualidades. Acercamientos, conceptos y herramientas\nfeministas\u201d, iniciativa ejecutada por la Federaci\u00f3n de Estudiantes\nde la Universidad de Tarapac\u00e1 (FEUT) y que cuenta con el apoyo de la\nDirecci\u00f3n de Equidad y G\u00e9nero y la Direcci\u00f3n de Asuntos\nEstudiantiles, con el objetivo de comprender la realidad y utilizar\nlas herramientas necesarias para construir espacios libres de\ndiscriminaciones. \n<\/p>\n\n\n\n<figure class=\"wp-block-image\"><a href=\"https:\/\/www.uta.cl\/wp-content\/uploads\/2019\/10\/DSC_0204.jpg\"><img loading=\"lazy\" width=\"1000\" height=\"668\" src=\"https:\/\/www.uta.cl\/wp-content\/uploads\/2019\/10\/DSC_0204.jpg\" alt=\"\" class=\"wp-image-21207\" srcset=\"https:\/\/www.uta.cl\/wp-content\/uploads\/2019\/10\/DSC_0204.jpg 1000w, https:\/\/www.uta.cl\/wp-content\/uploads\/2019\/10\/DSC_0204-300x200.jpg 300w, https:\/\/www.uta.cl\/wp-content\/uploads\/2019\/10\/DSC_0204-768x513.jpg 768w\" sizes=\"(max-width: 1000px) 100vw, 1000px\" \/><\/a><\/figure>\n\n\n\n<p>La\nactividad de lanzamiento se realiz\u00f3 el lunes 23 de septiembre,\ncontando con la presencia del integrante de la Vocal\u00eda de G\u00e9nero y\nSexualidad, Basti\u00e1n Tapia S\u00e1nchez, la Directora de Asuntos\nEstudiantiles, Dra. Ingrid Fern\u00e1ndez Carvajal y la Directora de\nEquidad y G\u00e9nero, Dra. Claudia Moraga Contreras.<\/p>\n\n\n\n<p>Para\nel integrante Vogesex Feut, Basti\u00e1n Tapia S\u00e1nchez, esta propuesta\nnace primero como Escuela Feminista, que surge en la campa\u00f1a de la\nactual Federaci\u00f3n de Estudiantes donde el tema g\u00e9nero es parte del\nlineamiento pol\u00edtico, \u201cuna vez conformada la actual FEUT se crean\ndistintas vocal\u00edas que trabajan diferentes tem\u00e1ticas que estaban\ndentro de los lineamientos de esta Federaci\u00f3n, en la cual nace la\nVocal\u00eda de G\u00e9neros y Sexualidades, que comienza a levantar\nproyectos y actividades en pos de visibilizar la problem\u00e1tica de\ng\u00e9nero, las diversidades sexuales en la Universidad, como tambi\u00e9n,\nvincularnos con organizaciones locales. Uno de los primeros trabajos\nque realizamos fue la Semana del Orgullo a fines del mes de junio y\nhoy estamos trabajando en la \u201cEscuela de G\u00e9nero y Sexualidades.\nAcercamientos, conceptos y herramientas feministas\u201d, cuyo objetivo\nes concientizar sobre la perspectiva de g\u00e9nero y diversidad sexual\nde una manera educativa, disciplinaria y cr\u00edtica\u201d. \n<\/p>\n\n\n\n<p>En\ntanto, la Directora de Equidad y G\u00e9nero, Dra. Claudia Moraga\nContreras, expres\u00f3 que, hizo una invitaci\u00f3n para participar de esta\nEscuela, \u201cinvitamos a todos y todas a formar parte de la \u201cEscuela\nde G\u00e9nero y Sexualidades. Acercamientos, conceptos y herramientas\nfeministas\u201d, la cual es una instancia de conversaci\u00f3n que la\nUniversidad de Tarapac\u00e1 a trav\u00e9s de la Direcci\u00f3n de Equidad de\nG\u00e9nero, ha decidido apoyar. Estamos conscientes de la necesidad de\navanzar en conceptos, en un espacio de conversaci\u00f3n, es importante\nen el d\u00eda de hoy empezar a conversar, en un espacio horizontal y muy\ndistendido de cuestiones tan relevantes como por ejemplo, g\u00e9nero,\nviolencia de g\u00e9nero, las distintas formas de entender esta\nviolencia, en un contexto que, adem\u00e1s, que est\u00e1 abierto a toda la\ncomunidad y ese es el sello que hemos querido dar como Universidad\u201d.\n\n<\/p>\n\n\n\n<p><strong>PROGRAMA<\/strong><\/p>\n\n\n\n<p>La\n\u201cEscuela de G\u00e9nero y Sexualidades. Acercamientos, conceptos y\nherramientas feministas\u201d, se iniciar\u00e1 el viernes 04 de octubre con\nla ceremonia inaugural para luego continuar con las clases bajo el\nnombre del m\u00f3dulo \u201cConceptos introductorios de los feminismos.\nPara el viernes 11 de octubre se contempla el m\u00f3dulo \u201cReconocimiento\ny estrategias frente a las violencias\u201d. El viernes 18 de octubre se\ndesarrollar\u00e1 el tema \u201cEducaci\u00f3n no sexista\/educaci\u00f3n sexual\nintegral, para finalizar el viernes con el conversatorio \u201cNi las\ncuerpas ni las tierras son territorio de conquista\u201d. \n<\/p>\n\n\n\n<p>\nEn\nesta oportunidad la Escuela contar\u00e1 con destacados expositores como\nAubrey D\u2019vaz, activista feminista descolonial y bailar\u00edn; Camila\nRivera, abogada de la Direcci\u00f3n de Equidad y G\u00e9nero de la UTA e\nintegrante de la Colectiva de Mujeres Afrodescendientes Luanda; Iv-n\nFigueroa, activista feminista y estudiante de sociolog\u00eda de la\nUniversidad de Chile; Francisca Fern\u00e1ndez, perteneciente al\nMovimiento por el Agua y los Territorios zona centro y Comit\u00e9\nSocioambiental, y Leyla Noriega, periodista e integrante de \u201cBel\u00e9n\ndice No a la Miner\u00eda\u201d. \n<\/p>\n","protected":false},"excerpt":{"rendered":"<p>La actividad abierta a toda la comunidad, se inicia el viernes 04 de octubre y se extender\u00e1 hasta el 25 de octubre, instancia que contar\u00e1 con destacados expositores e invitados especiales.<\/p>\n","protected":false},"author":1,"featured_media":21207,"comment_status":"open","ping_status":"open","sticky":false,"template":"","format":"standard","meta":[],"categories":[51],"tags":[],"_links":{"self":[{"href":"https:\/\/www.uta.cl\/index.php\/wp-json\/wp\/v2\/posts\/21206"}],"collection":[{"href":"https:\/\/www.uta.cl\/index.php\/wp-json\/wp\/v2\/posts"}],"about":[{"href":"https:\/\/www.uta.cl\/index.php\/wp-json\/wp\/v2\/types\/post"}],"author":[{"embeddable":true,"href":"https:\/\/www.uta.cl\/index.php\/wp-json\/wp\/v2\/users\/1"}],"replies":[{"embeddable":true,"href":"https:\/\/www.uta.cl\/index.php\/wp-json\/wp\/v2\/comments?post=21206"}],"version-history":[{"count":1,"href":"https:\/\/www.uta.cl\/index.php\/wp-json\/wp\/v2\/posts\/21206\/revisions"}],"predecessor-version":[{"id":21208,"href":"https:\/\/www.uta.cl\/index.php\/wp-json\/wp\/v2\/posts\/21206\/revisions\/21208"}],"wp:featuredmedia":[{"embeddable":true,"href":"https:\/\/www.uta.cl\/index.php\/wp-json\/wp\/v2\/media\/21207"}],"wp:attachment":[{"href":"https:\/\/www.uta.cl\/index.php\/wp-json\/wp\/v2\/media?parent=21206"}],"wp:term":[{"taxonomy":"category","embeddable":true,"href":"https:\/\/www.uta.cl\/index.php\/wp-json\/wp\/v2\/categories?post=21206"},{"taxonomy":"post_tag","embeddable":true,"href":"https:\/\/www.uta.cl\/index.php\/wp-json\/wp\/v2\/tags?post=21206"}],"curies":[{"name":"wp","href":"https:\/\/api.w.org\/{rel}","templated":true}]}}