{"id":21153,"date":"2019-09-27T11:38:57","date_gmt":"2019-09-27T11:38:57","guid":{"rendered":"https:\/\/www.uta.cl\/?p=21153"},"modified":"2019-09-27T11:39:01","modified_gmt":"2019-09-27T11:39:01","slug":"embajadora-de-finlandia-se-reune-con-rector-s-de-la-uta","status":"publish","type":"post","link":"https:\/\/www.uta.cl\/index.php\/2019\/09\/27\/embajadora-de-finlandia-se-reune-con-rector-s-de-la-uta\/","title":{"rendered":"Embajadora de Finlandia se re\u00fane con Rector (S) de la UTA"},"content":{"rendered":"\n<p><em>La oficina del Rector en el Campus Vel\u00e1squez fue el punto de reuni\u00f3n entre el Rector (S) de la Universidad de Tarapac\u00e1, Dr. Alfonso D\u00edaz Aguad y la embajadora de Finlandia en Chile, <\/em>Eija Rotinen.  <\/p>\n\n\n\n<figure class=\"wp-block-image\"><a href=\"https:\/\/www.uta.cl\/wp-content\/uploads\/2019\/09\/foto-principal-nota-6.jpg\"><img loading=\"lazy\" width=\"1000\" height=\"667\" src=\"https:\/\/www.uta.cl\/wp-content\/uploads\/2019\/09\/foto-principal-nota-6.jpg\" alt=\"\" class=\"wp-image-21155\" srcset=\"https:\/\/www.uta.cl\/wp-content\/uploads\/2019\/09\/foto-principal-nota-6.jpg 1000w, https:\/\/www.uta.cl\/wp-content\/uploads\/2019\/09\/foto-principal-nota-6-300x200.jpg 300w, https:\/\/www.uta.cl\/wp-content\/uploads\/2019\/09\/foto-principal-nota-6-768x512.jpg 768w\" sizes=\"(max-width: 1000px) 100vw, 1000px\" \/><\/a><\/figure>\n\n\n\n<p>\nEn\nuna amena reuni\u00f3n, el pasado lunes 23 de septiembre, la embajadora\nde Finlandia entreg\u00f3 su saludo protocolar a la m\u00e1xima autoridad\nuniversitaria, adem\u00e1s de intercambiar puntos de vista sobre temas de\ninter\u00e9s com\u00fan y proyectos a futuro, tales como el cambio clim\u00e1tico,\ninvestigaci\u00f3n y econom\u00eda circular cuyo objetivo es detener el\nconsumo excesivo para que la prosperidad contin\u00fae en el futuro. \n<\/p>\n\n\n\n<p>\nLa\nembajadora viaj\u00f3 a Arica para investir al primer c\u00f3nsul honorario\nde Finlandia en nuestra ciudad, el empresario Patricio Bottai, quien\nla acompa\u00f1\u00f3 al encuentro con el Rector (S) de la Universidad de\nTarapac\u00e1. \n<\/p>\n\n\n\n<figure class=\"wp-block-image\"><a href=\"https:\/\/www.uta.cl\/wp-content\/uploads\/2019\/09\/DSC_6573.jpg\"><img loading=\"lazy\" width=\"1000\" height=\"667\" src=\"https:\/\/www.uta.cl\/wp-content\/uploads\/2019\/09\/DSC_6573.jpg\" alt=\"\" class=\"wp-image-21154\" srcset=\"https:\/\/www.uta.cl\/wp-content\/uploads\/2019\/09\/DSC_6573.jpg 1000w, https:\/\/www.uta.cl\/wp-content\/uploads\/2019\/09\/DSC_6573-300x200.jpg 300w, https:\/\/www.uta.cl\/wp-content\/uploads\/2019\/09\/DSC_6573-768x512.jpg 768w\" sizes=\"(max-width: 1000px) 100vw, 1000px\" \/><\/a><\/figure>\n","protected":false},"excerpt":{"rendered":"<p>Su visita se enmarca en la investidura del primer c\u00f3nsul honorario de Finlandia en Arica.<\/p>\n","protected":false},"author":1,"featured_media":21155,"comment_status":"open","ping_status":"open","sticky":false,"template":"","format":"standard","meta":[],"categories":[51],"tags":[],"_links":{"self":[{"href":"https:\/\/www.uta.cl\/index.php\/wp-json\/wp\/v2\/posts\/21153"}],"collection":[{"href":"https:\/\/www.uta.cl\/index.php\/wp-json\/wp\/v2\/posts"}],"about":[{"href":"https:\/\/www.uta.cl\/index.php\/wp-json\/wp\/v2\/types\/post"}],"author":[{"embeddable":true,"href":"https:\/\/www.uta.cl\/index.php\/wp-json\/wp\/v2\/users\/1"}],"replies":[{"embeddable":true,"href":"https:\/\/www.uta.cl\/index.php\/wp-json\/wp\/v2\/comments?post=21153"}],"version-history":[{"count":1,"href":"https:\/\/www.uta.cl\/index.php\/wp-json\/wp\/v2\/posts\/21153\/revisions"}],"predecessor-version":[{"id":21156,"href":"https:\/\/www.uta.cl\/index.php\/wp-json\/wp\/v2\/posts\/21153\/revisions\/21156"}],"wp:featuredmedia":[{"embeddable":true,"href":"https:\/\/www.uta.cl\/index.php\/wp-json\/wp\/v2\/media\/21155"}],"wp:attachment":[{"href":"https:\/\/www.uta.cl\/index.php\/wp-json\/wp\/v2\/media?parent=21153"}],"wp:term":[{"taxonomy":"category","embeddable":true,"href":"https:\/\/www.uta.cl\/index.php\/wp-json\/wp\/v2\/categories?post=21153"},{"taxonomy":"post_tag","embeddable":true,"href":"https:\/\/www.uta.cl\/index.php\/wp-json\/wp\/v2\/tags?post=21153"}],"curies":[{"name":"wp","href":"https:\/\/api.w.org\/{rel}","templated":true}]}}