{"id":21133,"date":"2019-09-26T20:16:19","date_gmt":"2019-09-26T20:16:19","guid":{"rendered":"https:\/\/www.uta.cl\/?p=21133"},"modified":"2019-09-26T20:17:14","modified_gmt":"2019-09-26T20:17:14","slug":"universidad-de-tarapaca-y-el-young-americas-business-trust-yabt-realizan-taller-empresarial-enfocado-en-el-entrenamiento-de-innovacion-para-jovenes-estudiantes","status":"publish","type":"post","link":"https:\/\/www.uta.cl\/index.php\/2019\/09\/26\/universidad-de-tarapaca-y-el-young-americas-business-trust-yabt-realizan-taller-empresarial-enfocado-en-el-entrenamiento-de-innovacion-para-jovenes-estudiantes\/","title":{"rendered":"Universidad de Tarapac\u00e1 y el Young Americas Business Trust (YABT) realizan taller empresarial enfocado en el entrenamiento de innovaci\u00f3n para j\u00f3venes estudiantes"},"content":{"rendered":"\n<p>La Universidad de Tarapac\u00e1 y el Young Americas Business Trust (YABT), formalizaron una alianza estrat\u00e9gica que permitir\u00e1 entrenar a j\u00f3venes de Bolivia, Chile y Per\u00fa, para que desarrollen habilidades de negocios a trav\u00e9s del Taller InnovAcci\u00f3n \u201cLaboratorio Empresarial enfocado a la Innovaci\u00f3n\u201d, cuya ceremonia de inauguraci\u00f3n se realiz\u00f3 el lunes 23 de septiembre.  <\/p>\n\n\n\n<figure class=\"wp-block-image\"><a href=\"https:\/\/www.uta.cl\/wp-content\/uploads\/2019\/09\/base-2.jpg\"><img loading=\"lazy\" width=\"1024\" height=\"634\" src=\"https:\/\/www.uta.cl\/wp-content\/uploads\/2019\/09\/base-2-1024x634.jpg\" alt=\"\" class=\"wp-image-21151\" srcset=\"https:\/\/www.uta.cl\/wp-content\/uploads\/2019\/09\/base-2-1024x634.jpg 1024w, https:\/\/www.uta.cl\/wp-content\/uploads\/2019\/09\/base-2-300x186.jpg 300w, https:\/\/www.uta.cl\/wp-content\/uploads\/2019\/09\/base-2-768x475.jpg 768w\" sizes=\"(max-width: 1024px) 100vw, 1024px\" \/><\/a><\/figure>\n\n\n\n<p>El\ntaller laboratorio empresarial que se extender\u00e1 hasta el viernes 27\nde septiembre, en dependencias de la Universidad de Tarapac\u00e1, cuanta\ncon\nla colaboraci\u00f3n de la Organizaci\u00f3n de los Estados Americanos (OEA)\ny la Comisi\u00f3n\nEcon\u00f3mica para Am\u00e9rica Latina y el Caribe de las Naciones Unidas\n(CEPAL), teniendo\ncomo prop\u00f3sito proveer a los participantes de una visi\u00f3n general\nsobre los elementos cr\u00edticos de mejora de la competitividad\nempresarial a trav\u00e9s de la definici\u00f3n, implantaci\u00f3n y gesti\u00f3n de\nentornos y procesos de innovaci\u00f3n. Con la misma, se busca reforzar\nlas acciones para apoyar el rol de los j\u00f3venes como propulsores del\ncrecimiento econ\u00f3mico en los territorios fronterizos, convirti\u00e9ndose\nen actores claves para la consecuci\u00f3n de los Objetivos de Desarrollo\nSostenible.\n\n<\/p>\n\n\n\n<p>La\nceremonia de inauguraci\u00f3n, realizada en el Auditorio de la Facultad\nde Ciencias de la Salud del Campus Saucache, se inici\u00f3 con las\npalabras de bienvenida de la Vicerrectora de Desarrollo Estrat\u00e9gico\n(S), Bernardina Cisternas Arapio quien destac\u00f3: \u201choy sin duda es\nun d\u00eda muy especial para nuestra Universidad, en que estamos\niniciando la semana con una actividad de car\u00e1cter internacional por\nel programa a desarrollar, cuyo contenido y proyecciones permite\nrelevar una vez m\u00e1s el compromiso de esta Casa de Estudios\nSuperiores, para la formaci\u00f3n acad\u00e9mica de excelencia y la\nintegraci\u00f3n transfronteriza, dos aspectos fundamentales de nuestra\nMisi\u00f3n Institucional\u201d. \n<\/p>\n\n\n\n<p>Agreg\u00f3\nque, \u201cEn este contexto, un grupo de 40 estudiantes de Bolivia, Per\u00fa\ny Chile que cursan estudios en diversas carreras de la UTA,\nparticipar\u00e1n en este taller que tiene como prop\u00f3sito proveer a los\nparticipantes de una visi\u00f3n general sobre los elementos cr\u00edticos de\nmejora de la competitividad empresarial a trav\u00e9s de la definici\u00f3n,\nimplantaci\u00f3n y gesti\u00f3n de entornos y procesos de innovaci\u00f3n. Con\nlo mismo, se busca reforzar las acciones para apoyar el rol de los\nj\u00f3venes como propulsores del crecimiento econ\u00f3mico en los\nterritorios fronterizos, convirti\u00e9ndose en actores claves para la\nconsecuci\u00f3n de los objetivos de desarrollo sostenible\u201d. \n<\/p>\n\n\n\n<p>Luego\nel acto prosigui\u00f3 con las palabras del Coordinador del Young\nAmericas Business Trust (YABT) para el Mercosur, Eugenio Bidondo\nEcheverr\u00eda, quien se\u00f1al\u00f3 que los estudiantes son el eje central\nquienes formar\u00e1n parte de este curso de innovaci\u00f3n, innovar para la\nacci\u00f3n. \u201cEstamos en una regi\u00f3n bifronteriza, tenemos la\nparticipaci\u00f3n de j\u00f3venes de tres pa\u00edses, en un mundo \u00e1gil,\ndin\u00e1mico, donde las fronteras cada vez son m\u00e1s permeables, donde el\ndesarrollo no requiere de fronteras y, donde hay dos condiciones que\nson fundamentales como el conocimiento y la aptitud, aspectos que\ndeben ir de la mano. No podemos concebir en el siglo XXI desarrollo\nsin pensar, donde el conocimiento es el capital que mueve al mundo y\nla aptitud de las personas para enfrentar a invertir en ese\nconocimiento para el desarrollo de la comunidad en la cual estamos\ninmersos. Este taller de innovaci\u00f3n busca que los estudiantes\naprendan no con la teor\u00eda sino que con el hacer, siendo un\ndiferencial muy importante\u201d. \n<\/p>\n\n\n\n<p>Luego\nfue el turno del gerente\ngeneral del Parque Industrial Dalton de Israel,\nSalom\u00f3n Vilensky, quien realiz\u00f3 la conferencia magistral inaugural\ntitulada \u201cEcosistema de Innovaci\u00f3n Israel\u00ed\u201d, quien se refiri\u00f3\na los parques industriales compartiendo las lecciones aprendidas en\ndicho pa\u00eds, considerando temas como la cultura del emprendimiento,\norganizaci\u00f3n de grupos creativos que generen ideas diferentes,\ncreatividad y liderazgo, innovaci\u00f3n, educaci\u00f3n y cultura,\nplanificaci\u00f3n e investigaci\u00f3n, entre otros temas. \n<\/p>\n\n\n\n<p>El\nexperto\nuruguayo-israel\u00ed, Salom\u00f3n Vilensky, de reconocida trayectoria\ninternacional&nbsp; en&nbsp; parques tecnol\u00f3gicos tem\u00e1ticos, y en\necosistemas para la creaci\u00f3n de parques industriales, es Licenciado\nen Educaci\u00f3n del Instituto Beit Berl y posee una maestr\u00eda en\nAdministraci\u00f3n de Empresas por la Universidad Rupin. Es asesor de\nParques Industriales, director de CADE en Kiryat Shmonah y consultor\nde parques industriales en Europa. Entre el 2002 y 2010 recibi\u00f3 el\nPremio de Parques Industriales y lo mismo ocurri\u00f3 entre el 2001 y\n2009 con el &nbsp;Premio del Ministerio de Industria de Israel. Fue\nelegido por diversos \u00f3rganos de prensa del norte de Israel como \u201cla\nfigura del a\u00f1o en la Galilea\u201d, por el \u00e9xito de Dalton, adem\u00e1s de\nser reconocido por el Banco Interamericano de Desarrollo (BID) y es\nconferencista del Centro Internacional de Capacitaci\u00f3n &#8220;Golda\nMeir&#8221;, Israel.<\/p>\n\n\n\n<p>Finalmente\nla jornada de inauguraci\u00f3n  concluy\u00f3 con las palabras del Director\nde Relaciones Internacionales (S), Eugenio Doussoulin Escobar, quien\nagradeci\u00f3 la presencia de los invitados y del nutrido grupo de\nestudiantes de diferentes carreras de la UTA. \u201cEste taller va a\nmarcar una impronta muy relevante donde los j\u00f3venes tienen la\npalabra. Durante esta semana van a tener la oportunidad de estar\nconcentrados en un taller intenso pero entretenido. Esperamos que\nnuestros futuros profesionales tengan un chip diferente y fuerte, que\nles permita participar y ser actores de empresas siendo \u00e9sta una\ngran oportunidad para todos ustedes\u201d.  \n<\/p>\n\n\n\n<p><strong>Taller\nLaboratorio Empresarial enfocado a la Innovaci\u00f3n<\/strong><\/p>\n\n\n\n<p>El\nTaller estar\u00e1 conducido por Salom\u00f3n Vilensky, Director General de\nVILIP Parques Industriales de Israel; y Eugenio Bidondo, Coordinador\ndel YABT para el Mercosur. El\nprograma combina sesiones de conferencias, elaboraciones grupales,\nactividades de campo, casos de estudio, paneles de expertos, entre\notras actividades. Luego\ndel Taller, los j\u00f3venes atender\u00e1n una serie de entrenamientos\ncomplementarios de modalidad virtual, y podr\u00e1n acceder a recursos\nadicionales e involucrarse en programas como la Competencia de\nTalento e Innovaci\u00f3n de las Am\u00e9ricas (TIC Americas):\n<a href=\"http:\/\/www.ticamericas.net\/\">www.ticamericas.net<\/a>,\ncuya d\u00e9cimo quinta edici\u00f3n arranc\u00f3 el 23 de septiembre de 2019.  \n<\/p>\n\n\n\n<p>El\nPrograma Laboratorios Empresariales es desarrollado por el YABT y la\nOEA, puesto en marcha en el 2002, contando desde entonces con el\napoyo de Israel y diversas organizaciones en la regi\u00f3n. El programa\nofrece capacitaci\u00f3n en temas de creaci\u00f3n y gesti\u00f3n empresarial,\ninnovaci\u00f3n, entre otros, con el prop\u00f3sito de desarrollar\ncapacidades entre organizaciones de diferentes sectores y j\u00f3venes\nemprendedores. El contenido y la metodolog\u00eda \u201caprender haciendo\u201d\nse distinguen por su flexibilidad para adaptarte a diferentes\ncontextos locales y grupos de personas, creando un efecto\nmultiplicador. \n<\/p>\n\n\n\n<ul class=\"wp-block-gallery columns-3 is-cropped\"><li class=\"blocks-gallery-item\"><figure><a href=\"https:\/\/www.uta.cl\/wp-content\/uploads\/2019\/09\/000_WhatsApp-Image-2019-09-23-at-12.43.22.jpg\"><img loading=\"lazy\" width=\"1000\" height=\"750\" src=\"https:\/\/www.uta.cl\/wp-content\/uploads\/2019\/09\/000_WhatsApp-Image-2019-09-23-at-12.43.22.jpg\" alt=\"\" data-id=\"21150\" data-link=\"https:\/\/www.uta.cl\/?attachment_id=21150\" class=\"wp-image-21150\" srcset=\"https:\/\/www.uta.cl\/wp-content\/uploads\/2019\/09\/000_WhatsApp-Image-2019-09-23-at-12.43.22.jpg 1000w, https:\/\/www.uta.cl\/wp-content\/uploads\/2019\/09\/000_WhatsApp-Image-2019-09-23-at-12.43.22-300x225.jpg 300w, https:\/\/www.uta.cl\/wp-content\/uploads\/2019\/09\/000_WhatsApp-Image-2019-09-23-at-12.43.22-768x576.jpg 768w\" sizes=\"(max-width: 1000px) 100vw, 1000px\" \/><\/a><\/figure><\/li><li class=\"blocks-gallery-item\"><figure><a href=\"https:\/\/www.uta.cl\/wp-content\/uploads\/2019\/09\/000_WhatsApp-Image-2019-09-23-at-12.43.22-1.jpg\"><img loading=\"lazy\" width=\"1000\" height=\"750\" src=\"https:\/\/www.uta.cl\/wp-content\/uploads\/2019\/09\/000_WhatsApp-Image-2019-09-23-at-12.43.22-1.jpg\" alt=\"\" data-id=\"21149\" data-link=\"https:\/\/www.uta.cl\/?attachment_id=21149\" class=\"wp-image-21149\" srcset=\"https:\/\/www.uta.cl\/wp-content\/uploads\/2019\/09\/000_WhatsApp-Image-2019-09-23-at-12.43.22-1.jpg 1000w, https:\/\/www.uta.cl\/wp-content\/uploads\/2019\/09\/000_WhatsApp-Image-2019-09-23-at-12.43.22-1-300x225.jpg 300w, https:\/\/www.uta.cl\/wp-content\/uploads\/2019\/09\/000_WhatsApp-Image-2019-09-23-at-12.43.22-1-768x576.jpg 768w\" sizes=\"(max-width: 1000px) 100vw, 1000px\" \/><\/a><\/figure><\/li><li class=\"blocks-gallery-item\"><figure><a href=\"https:\/\/www.uta.cl\/wp-content\/uploads\/2019\/09\/000_WhatsApp-Image-2019-09-23-at-12.43.21.jpg\"><img loading=\"lazy\" width=\"1000\" height=\"750\" src=\"https:\/\/www.uta.cl\/wp-content\/uploads\/2019\/09\/000_WhatsApp-Image-2019-09-23-at-12.43.21.jpg\" alt=\"\" data-id=\"21148\" data-link=\"https:\/\/www.uta.cl\/?attachment_id=21148\" class=\"wp-image-21148\" srcset=\"https:\/\/www.uta.cl\/wp-content\/uploads\/2019\/09\/000_WhatsApp-Image-2019-09-23-at-12.43.21.jpg 1000w, https:\/\/www.uta.cl\/wp-content\/uploads\/2019\/09\/000_WhatsApp-Image-2019-09-23-at-12.43.21-300x225.jpg 300w, https:\/\/www.uta.cl\/wp-content\/uploads\/2019\/09\/000_WhatsApp-Image-2019-09-23-at-12.43.21-768x576.jpg 768w\" sizes=\"(max-width: 1000px) 100vw, 1000px\" \/><\/a><\/figure><\/li><li class=\"blocks-gallery-item\"><figure><a href=\"https:\/\/www.uta.cl\/wp-content\/uploads\/2019\/09\/000_WhatsApp-Image-2019-09-23-at-12.43.14.jpg\"><img loading=\"lazy\" width=\"1000\" height=\"750\" src=\"https:\/\/www.uta.cl\/wp-content\/uploads\/2019\/09\/000_WhatsApp-Image-2019-09-23-at-12.43.14.jpg\" alt=\"\" data-id=\"21147\" data-link=\"https:\/\/www.uta.cl\/?attachment_id=21147\" class=\"wp-image-21147\" srcset=\"https:\/\/www.uta.cl\/wp-content\/uploads\/2019\/09\/000_WhatsApp-Image-2019-09-23-at-12.43.14.jpg 1000w, https:\/\/www.uta.cl\/wp-content\/uploads\/2019\/09\/000_WhatsApp-Image-2019-09-23-at-12.43.14-300x225.jpg 300w, https:\/\/www.uta.cl\/wp-content\/uploads\/2019\/09\/000_WhatsApp-Image-2019-09-23-at-12.43.14-768x576.jpg 768w\" sizes=\"(max-width: 1000px) 100vw, 1000px\" \/><\/a><\/figure><\/li><li class=\"blocks-gallery-item\"><figure><a href=\"https:\/\/www.uta.cl\/wp-content\/uploads\/2019\/09\/000_DSC_6567.jpg\"><img loading=\"lazy\" width=\"667\" height=\"1000\" src=\"https:\/\/www.uta.cl\/wp-content\/uploads\/2019\/09\/000_DSC_6567.jpg\" alt=\"\" data-id=\"21146\" data-link=\"https:\/\/www.uta.cl\/?attachment_id=21146\" class=\"wp-image-21146\" srcset=\"https:\/\/www.uta.cl\/wp-content\/uploads\/2019\/09\/000_DSC_6567.jpg 667w, https:\/\/www.uta.cl\/wp-content\/uploads\/2019\/09\/000_DSC_6567-200x300.jpg 200w\" sizes=\"(max-width: 667px) 100vw, 667px\" \/><\/a><\/figure><\/li><li class=\"blocks-gallery-item\"><figure><a href=\"https:\/\/www.uta.cl\/wp-content\/uploads\/2019\/09\/000_DSC_6566.jpg\"><img loading=\"lazy\" width=\"667\" height=\"1000\" src=\"https:\/\/www.uta.cl\/wp-content\/uploads\/2019\/09\/000_DSC_6566.jpg\" alt=\"\" data-id=\"21145\" data-link=\"https:\/\/www.uta.cl\/?attachment_id=21145\" class=\"wp-image-21145\" srcset=\"https:\/\/www.uta.cl\/wp-content\/uploads\/2019\/09\/000_DSC_6566.jpg 667w, https:\/\/www.uta.cl\/wp-content\/uploads\/2019\/09\/000_DSC_6566-200x300.jpg 200w\" sizes=\"(max-width: 667px) 100vw, 667px\" \/><\/a><\/figure><\/li><li class=\"blocks-gallery-item\"><figure><a href=\"https:\/\/www.uta.cl\/wp-content\/uploads\/2019\/09\/000_DSC_6564.jpg\"><img loading=\"lazy\" width=\"1000\" height=\"666\" src=\"https:\/\/www.uta.cl\/wp-content\/uploads\/2019\/09\/000_DSC_6564.jpg\" alt=\"\" data-id=\"21144\" data-link=\"https:\/\/www.uta.cl\/?attachment_id=21144\" class=\"wp-image-21144\" srcset=\"https:\/\/www.uta.cl\/wp-content\/uploads\/2019\/09\/000_DSC_6564.jpg 1000w, https:\/\/www.uta.cl\/wp-content\/uploads\/2019\/09\/000_DSC_6564-300x200.jpg 300w, https:\/\/www.uta.cl\/wp-content\/uploads\/2019\/09\/000_DSC_6564-768x511.jpg 768w\" sizes=\"(max-width: 1000px) 100vw, 1000px\" \/><\/a><\/figure><\/li><li class=\"blocks-gallery-item\"><figure><a href=\"https:\/\/www.uta.cl\/wp-content\/uploads\/2019\/09\/000_DSC_6555.jpg\"><img loading=\"lazy\" width=\"1000\" height=\"666\" src=\"https:\/\/www.uta.cl\/wp-content\/uploads\/2019\/09\/000_DSC_6555.jpg\" alt=\"\" data-id=\"21143\" data-link=\"https:\/\/www.uta.cl\/?attachment_id=21143\" class=\"wp-image-21143\" srcset=\"https:\/\/www.uta.cl\/wp-content\/uploads\/2019\/09\/000_DSC_6555.jpg 1000w, https:\/\/www.uta.cl\/wp-content\/uploads\/2019\/09\/000_DSC_6555-300x200.jpg 300w, https:\/\/www.uta.cl\/wp-content\/uploads\/2019\/09\/000_DSC_6555-768x511.jpg 768w\" sizes=\"(max-width: 1000px) 100vw, 1000px\" \/><\/a><\/figure><\/li><li class=\"blocks-gallery-item\"><figure><a href=\"https:\/\/www.uta.cl\/wp-content\/uploads\/2019\/09\/000_DSC_6552.jpg\"><img loading=\"lazy\" width=\"1000\" height=\"666\" src=\"https:\/\/www.uta.cl\/wp-content\/uploads\/2019\/09\/000_DSC_6552.jpg\" alt=\"\" data-id=\"21142\" data-link=\"https:\/\/www.uta.cl\/?attachment_id=21142\" class=\"wp-image-21142\" srcset=\"https:\/\/www.uta.cl\/wp-content\/uploads\/2019\/09\/000_DSC_6552.jpg 1000w, https:\/\/www.uta.cl\/wp-content\/uploads\/2019\/09\/000_DSC_6552-300x200.jpg 300w, https:\/\/www.uta.cl\/wp-content\/uploads\/2019\/09\/000_DSC_6552-768x511.jpg 768w\" sizes=\"(max-width: 1000px) 100vw, 1000px\" \/><\/a><\/figure><\/li><li class=\"blocks-gallery-item\"><figure><a href=\"https:\/\/www.uta.cl\/wp-content\/uploads\/2019\/09\/000_DSC_6549.jpg\"><img loading=\"lazy\" width=\"667\" height=\"1000\" src=\"https:\/\/www.uta.cl\/wp-content\/uploads\/2019\/09\/000_DSC_6549.jpg\" alt=\"\" data-id=\"21141\" data-link=\"https:\/\/www.uta.cl\/?attachment_id=21141\" class=\"wp-image-21141\" srcset=\"https:\/\/www.uta.cl\/wp-content\/uploads\/2019\/09\/000_DSC_6549.jpg 667w, https:\/\/www.uta.cl\/wp-content\/uploads\/2019\/09\/000_DSC_6549-200x300.jpg 200w\" sizes=\"(max-width: 667px) 100vw, 667px\" \/><\/a><\/figure><\/li><li class=\"blocks-gallery-item\"><figure><a href=\"https:\/\/www.uta.cl\/wp-content\/uploads\/2019\/09\/000_DSC_6542.jpg\"><img loading=\"lazy\" width=\"667\" height=\"1000\" src=\"https:\/\/www.uta.cl\/wp-content\/uploads\/2019\/09\/000_DSC_6542.jpg\" alt=\"\" data-id=\"21140\" data-link=\"https:\/\/www.uta.cl\/?attachment_id=21140\" class=\"wp-image-21140\" srcset=\"https:\/\/www.uta.cl\/wp-content\/uploads\/2019\/09\/000_DSC_6542.jpg 667w, https:\/\/www.uta.cl\/wp-content\/uploads\/2019\/09\/000_DSC_6542-200x300.jpg 200w\" sizes=\"(max-width: 667px) 100vw, 667px\" \/><\/a><\/figure><\/li><li class=\"blocks-gallery-item\"><figure><a href=\"https:\/\/www.uta.cl\/wp-content\/uploads\/2019\/09\/000_DSC_6539.jpg\"><img loading=\"lazy\" width=\"667\" height=\"1000\" src=\"https:\/\/www.uta.cl\/wp-content\/uploads\/2019\/09\/000_DSC_6539.jpg\" alt=\"\" data-id=\"21139\" data-link=\"https:\/\/www.uta.cl\/?attachment_id=21139\" class=\"wp-image-21139\" srcset=\"https:\/\/www.uta.cl\/wp-content\/uploads\/2019\/09\/000_DSC_6539.jpg 667w, https:\/\/www.uta.cl\/wp-content\/uploads\/2019\/09\/000_DSC_6539-200x300.jpg 200w\" sizes=\"(max-width: 667px) 100vw, 667px\" \/><\/a><\/figure><\/li><li class=\"blocks-gallery-item\"><figure><a href=\"https:\/\/www.uta.cl\/wp-content\/uploads\/2019\/09\/000_DSC_6535.jpg\"><img loading=\"lazy\" width=\"1000\" height=\"666\" src=\"https:\/\/www.uta.cl\/wp-content\/uploads\/2019\/09\/000_DSC_6535.jpg\" alt=\"\" data-id=\"21138\" data-link=\"https:\/\/www.uta.cl\/?attachment_id=21138\" class=\"wp-image-21138\" srcset=\"https:\/\/www.uta.cl\/wp-content\/uploads\/2019\/09\/000_DSC_6535.jpg 1000w, https:\/\/www.uta.cl\/wp-content\/uploads\/2019\/09\/000_DSC_6535-300x200.jpg 300w, https:\/\/www.uta.cl\/wp-content\/uploads\/2019\/09\/000_DSC_6535-768x511.jpg 768w\" sizes=\"(max-width: 1000px) 100vw, 1000px\" \/><\/a><\/figure><\/li><li class=\"blocks-gallery-item\"><figure><a href=\"https:\/\/www.uta.cl\/wp-content\/uploads\/2019\/09\/000_DSC_6528.jpg\"><img loading=\"lazy\" width=\"1000\" height=\"666\" src=\"https:\/\/www.uta.cl\/wp-content\/uploads\/2019\/09\/000_DSC_6528.jpg\" alt=\"\" data-id=\"21137\" data-link=\"https:\/\/www.uta.cl\/?attachment_id=21137\" class=\"wp-image-21137\" srcset=\"https:\/\/www.uta.cl\/wp-content\/uploads\/2019\/09\/000_DSC_6528.jpg 1000w, https:\/\/www.uta.cl\/wp-content\/uploads\/2019\/09\/000_DSC_6528-300x200.jpg 300w, https:\/\/www.uta.cl\/wp-content\/uploads\/2019\/09\/000_DSC_6528-768x511.jpg 768w\" sizes=\"(max-width: 1000px) 100vw, 1000px\" \/><\/a><\/figure><\/li><li class=\"blocks-gallery-item\"><figure><a href=\"https:\/\/www.uta.cl\/wp-content\/uploads\/2019\/09\/000_DSC_6523.jpg\"><img loading=\"lazy\" width=\"1000\" height=\"666\" src=\"https:\/\/www.uta.cl\/wp-content\/uploads\/2019\/09\/000_DSC_6523.jpg\" alt=\"\" data-id=\"21136\" data-link=\"https:\/\/www.uta.cl\/?attachment_id=21136\" class=\"wp-image-21136\" srcset=\"https:\/\/www.uta.cl\/wp-content\/uploads\/2019\/09\/000_DSC_6523.jpg 1000w, https:\/\/www.uta.cl\/wp-content\/uploads\/2019\/09\/000_DSC_6523-300x200.jpg 300w, https:\/\/www.uta.cl\/wp-content\/uploads\/2019\/09\/000_DSC_6523-768x511.jpg 768w\" sizes=\"(max-width: 1000px) 100vw, 1000px\" \/><\/a><\/figure><\/li><li class=\"blocks-gallery-item\"><figure><a href=\"https:\/\/www.uta.cl\/wp-content\/uploads\/2019\/09\/000_DSC_6521.jpg\"><img loading=\"lazy\" width=\"667\" height=\"1000\" src=\"https:\/\/www.uta.cl\/wp-content\/uploads\/2019\/09\/000_DSC_6521.jpg\" alt=\"\" data-id=\"21135\" data-link=\"https:\/\/www.uta.cl\/?attachment_id=21135\" class=\"wp-image-21135\" srcset=\"https:\/\/www.uta.cl\/wp-content\/uploads\/2019\/09\/000_DSC_6521.jpg 667w, https:\/\/www.uta.cl\/wp-content\/uploads\/2019\/09\/000_DSC_6521-200x300.jpg 200w\" sizes=\"(max-width: 667px) 100vw, 667px\" \/><\/a><\/figure><\/li><\/ul>\n","protected":false},"excerpt":{"rendered":"<p>Ceremonia de inauguraci\u00f3n cont\u00f3 con la presencia de autoridades universitarias, acad\u00e9micos y alumnos y ser\u00e1 conducido por Salom\u00f3n Vilensky,\u00a0director\u00a0del\u00a0parque industrial\u00a0Dalton, en\u00a0Israel y Eugenio Bidondo, Coordinador del YABT.<\/p>\n","protected":false},"author":1,"featured_media":21151,"comment_status":"open","ping_status":"open","sticky":false,"template":"","format":"standard","meta":[],"categories":[],"tags":[],"_links":{"self":[{"href":"https:\/\/www.uta.cl\/index.php\/wp-json\/wp\/v2\/posts\/21133"}],"collection":[{"href":"https:\/\/www.uta.cl\/index.php\/wp-json\/wp\/v2\/posts"}],"about":[{"href":"https:\/\/www.uta.cl\/index.php\/wp-json\/wp\/v2\/types\/post"}],"author":[{"embeddable":true,"href":"https:\/\/www.uta.cl\/index.php\/wp-json\/wp\/v2\/users\/1"}],"replies":[{"embeddable":true,"href":"https:\/\/www.uta.cl\/index.php\/wp-json\/wp\/v2\/comments?post=21133"}],"version-history":[{"count":1,"href":"https:\/\/www.uta.cl\/index.php\/wp-json\/wp\/v2\/posts\/21133\/revisions"}],"predecessor-version":[{"id":21152,"href":"https:\/\/www.uta.cl\/index.php\/wp-json\/wp\/v2\/posts\/21133\/revisions\/21152"}],"wp:featuredmedia":[{"embeddable":true,"href":"https:\/\/www.uta.cl\/index.php\/wp-json\/wp\/v2\/media\/21151"}],"wp:attachment":[{"href":"https:\/\/www.uta.cl\/index.php\/wp-json\/wp\/v2\/media?parent=21133"}],"wp:term":[{"taxonomy":"category","embeddable":true,"href":"https:\/\/www.uta.cl\/index.php\/wp-json\/wp\/v2\/categories?post=21133"},{"taxonomy":"post_tag","embeddable":true,"href":"https:\/\/www.uta.cl\/index.php\/wp-json\/wp\/v2\/tags?post=21133"}],"curies":[{"name":"wp","href":"https:\/\/api.w.org\/{rel}","templated":true}]}}