{"id":21055,"date":"2019-09-24T16:00:48","date_gmt":"2019-09-24T16:00:48","guid":{"rendered":"https:\/\/www.uta.cl\/?p=21055"},"modified":"2019-09-25T15:24:25","modified_gmt":"2019-09-25T15:24:25","slug":"artista-visual-de-la-universidad-diego-portales-realiza-perfeccionamiento-en-taller-de-ceramica-de-la-uta","status":"publish","type":"post","link":"https:\/\/www.uta.cl\/index.php\/2019\/09\/24\/artista-visual-de-la-universidad-diego-portales-realiza-perfeccionamiento-en-taller-de-ceramica-de-la-uta\/","title":{"rendered":"Artista Visual de la Universidad Diego Portales realiza perfeccionamiento en Taller de Cer\u00e1mica de la UTA"},"content":{"rendered":"\n<p>Desde el mes de junio, Paula Carmona Araya viaja constantemente a la ciudad de Arica para realizar su perfeccionamiento en el Taller de Cer\u00e1mica de la Universidad de Tarapac\u00e1, el cual finaliza en el mes de septiembre.<\/p>\n\n\n\n<figure class=\"wp-block-image\"><img loading=\"lazy\" width=\"640\" height=\"472\" src=\"https:\/\/www.uta.cl\/wp-content\/uploads\/2019\/09\/foto-principal-nota.jpeg\" alt=\"\" class=\"wp-image-21057\" srcset=\"https:\/\/www.uta.cl\/wp-content\/uploads\/2019\/09\/foto-principal-nota.jpeg 640w, https:\/\/www.uta.cl\/wp-content\/uploads\/2019\/09\/foto-principal-nota-300x221.jpeg 300w\" sizes=\"(max-width: 640px) 100vw, 640px\" \/><\/figure>\n\n\n\n<p>Titulada\nen Artes Visuales de la Universidad Diego Portales, su tesis se\ntitul\u00f3 \u201cSegmentos de la experiencia\u201d. Paula Carmona es pintora,\nilustradora, ceramista con experiencia en exposiciones intalativas y\npiezas audiovisuales, adem\u00e1s de realizar trabajos relacionados a la\nasistencia de direcci\u00f3n de arte en cine.<\/p>\n\n\n\n<p>Con\nconocimientos de historia del arte, como complemento de los procesos\ncreativos para entender el desarrollo de las obras y posibles\ncreaciones art\u00edsticas, hoy realiza su perfeccionamiento en t\u00e9cnicas\ncer\u00e1micas en el Taller de Cer\u00e1mica de la Universidad de Tarapac\u00e1. \n<\/p>\n\n\n\n<p>Paula\nha realizado numerosas exposiciones tales como la exposici\u00f3n de la\nobra en \u201cCar\u00e1cter\u201d en la Biblioteca Nicanor Parra en el 2017 y\nla exposici\u00f3n de la obra \u201c\u00bfC\u00f3mo construir mar en el hogar?\u201d,\nen la Facultad de Arte, Dise\u00f1o y Arquitectura de la Universidad\nDiego Portales el 2016. Ese mismo a\u00f1o realiz\u00f3 el taller de arte\nvisual con Fernando Prats. En el 2012 realiza su primer a\u00f1o de\nLicenciatura en Teor\u00eda e Historia del Arte en la Universidad Alberto\nHurtado. \n<\/p>\n\n\n\n<p>\nRespecto\na su perfeccionamiento en el Taller de Cer\u00e1mica de la Universidad de\nTarapac\u00e1, la artista visual destac\u00f3: \u201cpersonalmente\nha sido una gran y \u00fanica vivencia participar del Taller de Cer\u00e1mica\nde la Universidad de Tarapac\u00e1, entendiendo el material cer\u00e1mico\ncomo parte del territorio, del paisaje. Es el barro y el agua que\nconfluyen para aguantar altas temperaturas lo que resulta como una\npieza cer\u00e1mica. Es este hecho el que determina una relaci\u00f3n de amor\ncon el creer y crear art\u00edstico, desde el cuestionamiento y\nproblematizaci\u00f3n permanente del cuerpo y el material.&nbsp;\u2018Todo\npuede ocurrir dentro del horno\u2019,&nbsp;dicen\nlos maestros del taller al pensar en c\u00f3mo saldr\u00e1 la pieza. Y es\njustamente ese decir y pensar en el objeto, lo que da forma y\nposicionamiento a un espacio cercano y amable llamado taller de\ncer\u00e1mica\u201d. \n<\/p>\n\n\n\n<p>\nAsimismo,\nresalta el trabajo que se desarrolla en el Taller de Cer\u00e1mica\nde la Universidad de Tarapac\u00e1, indicando que, \u201cdando\ncuenta del trabajo que se realiza en el Taller de&nbsp;Cer\u00e1mica,\ndonde su Director Arturo Pe\u00f1a Raymondi y el profesor ayudante Javier\nVargas Tuna, ense\u00f1an las t\u00e9cnicas de modelado, vaciado, calado\ny&nbsp;presi\u00f3n&nbsp;manual, adem\u00e1s de las diferentes t\u00e9cnicas de\npintar las piezas&nbsp;cer\u00e1micas&nbsp;aplicando \u00f3xidos, engobes,\nesmaltes opacos, brillantes y pigmentos, se entrega un aprendizaje\nque va por sobre el formalismo, ense\u00f1ando de manera dedicada y\nparticular a cada uno de los integrantes de los diferentes grupos del\ntaller, la&nbsp;relaci\u00f3n&nbsp;cotidiana del material y\nsus&nbsp;v\u00ednculos&nbsp;afectivos\u201d.&nbsp;&nbsp;<\/p>\n\n\n\n<p><strong>Taller\nde Cer\u00e1mica de la Universidad de Tarapac\u00e1<\/strong><\/p>\n\n\n\n<p>Paula\nCarmona explica que su formaci\u00f3n art\u00edstica en Facultad de Arte,\nDise\u00f1o y Arquitectura de la Universidad Diego Portales, tiene un\nperfil de \u201cArte Conceptual\u201d, donde requer\u00eda el material para su\nperfeccionamiento. \u201cEncontr\u00e9 que en Arica era el lugar preciso\npara tener un cierto patrimonio, una idea de cultura apegado a lo que\ntambi\u00e9n significa el paisaje. Mi trabajo siempre se ha centrado en\ntorno al paisaje de manera conceptual y experiencial. En este\ncontexto, se generan adem\u00e1s ciertas relaciones a pesar de que en\nesta zona exista un arte m\u00e1s ligado a la artesan\u00eda, a la Cultura\nChinchorro. \u201d. \n<\/p>\n\n\n\n<p>Agreg\u00f3\nque dicho perfeccionamiento se gest\u00f3 gracias a previas\nconversaciones sostenidas con el director del Taller de Cer\u00e1mica de\nla Universidad de Tarapac\u00e1: \u201cen Santiago realic\u00e9 mi pr\u00e1ctica en\nla Universidad Diego Portales con un grupo de cer\u00e1mica donde uno\nlogra ver las diferencias, es decir, la amplitud que tiene la\ncer\u00e1mica, en Santiago este aspecto gira m\u00e1s en torno al dise\u00f1o, se\nutilizaban otro tipos de t\u00e9cnicas de vaciado, lo cual tiene un valor\nm\u00e1s comercial. En cambio, en Arica me llam\u00f3 la atenci\u00f3n porque\ntiene una tradici\u00f3n, una materialidad que se encuentra en la zona,\nimplementos, hornos y el espacio del Taller de Cer\u00e1mica de la UTA,\nse configur\u00f3 en un lugar pensado y no una cosa azarosa, Creo que\nArica tiene mucho potencial en torno a lo art\u00edstico y, sobretodo, en\nla cer\u00e1mica\u201d. \n<\/p>\n\n\n\n<p>En\neste sentido, la artista visual explic\u00f3 que, \u201cen septiembre\nfinaliza mi perfeccionamiento, respecto a las t\u00e9cnicas b\u00e1sicas que\nse entregan en el Taller de Cer\u00e1mica de la UTA y luego regreso para\nrealizar la obra final. Regreso\na participar de dos exposiciones; la primera como artista invitada\nrepresentando a la ciudad de Santiago en el <strong>\u201c<\/strong>IV\nSal\u00f3n de Arte Contempor\u00e1neo Tacna 2019\u201d, organizado\npor la Escuela de Formaci\u00f3n Art\u00edstica P\u00fablica Francisco Lazo de la\ncuidad de Tacna \u2013 Per\u00fa, y la segunda en la \u201cClausura\nCer\u00e1mica Art\u00edstica 2019\u201d,\norganizada por la Universidad de Tarapac\u00e1 de Arica, las cuales se\ndesarrollar\u00e1n entre los meses de noviembre y diciembre de este a\u00f1o.\nAdem\u00e1s de trabajar en la realizaci\u00f3n de una muestra individual\nprogramada para el a\u00f1o 2020 la cual se realizar\u00e1 en la galer\u00eda de\nSan Marcos de Arica. Para las exposiciones de arte en Arica y Tacna\npresentar\u00e9 piezas realizadas durante el periodo de aprendizaje y\ndesarrollo del taller de perfeccionamiento en cer\u00e1mica. Mostrando\ndiferentes posibilidades mat\u00e9ricas a trav\u00e9s de t\u00e9cnicas y procesos\nde trabajo de modelado y pigmentaci\u00f3n\u201d, expres\u00f3 Paula Carmona.<\/p>\n\n\n\n<p>\nConcluye\nse\u00f1alando que, \u201ca diferencia de las exposiciones anteriormente\nnombradas, la exposici\u00f3n programada para el a\u00f1o 2020 constar\u00e1 de\ninstalaciones cer\u00e1micas, un v\u00eddeo y fotograf\u00edas de acciones\nperform\u00e1ticas. Los trabajos que exhibir\u00e9 en la galer\u00eda de San\nMarcos en Arica, dialogan de manera abierta y directa con la po\u00e9tica,\ncon la experiencia desarrollada en torno a la cer\u00e1mica como\nmaterial, en su rol tanto est\u00e9tico como funcional. Pensando los\nprimeros vestigios de la cer\u00e1mica como un hecho, un acto vinculado\nal arte conceptual. Donde si bien la relaci\u00f3n parece un poco alejada\npor la temporalidad e historicismo, es la necesidad de los hombres y\nmujeres primitivos de saciar la sed, un hecho inventivo que vincula\nel material al cuerpo. Es esta primera experiencia en torno al\nmaterial me reafirma el acto experiencial, tomando un gesto que busco\ntraducir a trav\u00e9s del valor expositivo ideas como el paisaje, el\ntraslado, el cuerpo\u2026\u201d.<\/p>\n\n\n\n<ul class=\"wp-block-gallery columns-3 is-cropped\"><li class=\"blocks-gallery-item\"><figure><a href=\"https:\/\/www.uta.cl\/wp-content\/uploads\/2019\/09\/WhatsApp-Image-2019-09-12-at-21.01.11-576x1024.jpeg\"><img loading=\"lazy\" width=\"576\" height=\"1024\" src=\"https:\/\/www.uta.cl\/wp-content\/uploads\/2019\/09\/WhatsApp-Image-2019-09-12-at-21.01.11-576x1024.jpeg\" alt=\"\" data-id=\"21071\" data-link=\"https:\/\/www.uta.cl\/?attachment_id=21071\" class=\"wp-image-21071\" srcset=\"https:\/\/www.uta.cl\/wp-content\/uploads\/2019\/09\/WhatsApp-Image-2019-09-12-at-21.01.11-576x1024.jpeg 576w, https:\/\/www.uta.cl\/wp-content\/uploads\/2019\/09\/WhatsApp-Image-2019-09-12-at-21.01.11-169x300.jpeg 169w, https:\/\/www.uta.cl\/wp-content\/uploads\/2019\/09\/WhatsApp-Image-2019-09-12-at-21.01.11.jpeg 581w\" sizes=\"(max-width: 576px) 100vw, 576px\" \/><\/a><\/figure><\/li><li class=\"blocks-gallery-item\"><figure><a href=\"https:\/\/www.uta.cl\/wp-content\/uploads\/2019\/09\/WhatsApp-Image-2019-09-12-at-21.01.10-576x1024.jpeg\"><img loading=\"lazy\" width=\"576\" height=\"1024\" src=\"https:\/\/www.uta.cl\/wp-content\/uploads\/2019\/09\/WhatsApp-Image-2019-09-12-at-21.01.10-576x1024.jpeg\" alt=\"\" data-id=\"21070\" data-link=\"https:\/\/www.uta.cl\/?attachment_id=21070\" class=\"wp-image-21070\" srcset=\"https:\/\/www.uta.cl\/wp-content\/uploads\/2019\/09\/WhatsApp-Image-2019-09-12-at-21.01.10-576x1024.jpeg 576w, https:\/\/www.uta.cl\/wp-content\/uploads\/2019\/09\/WhatsApp-Image-2019-09-12-at-21.01.10-169x300.jpeg 169w, https:\/\/www.uta.cl\/wp-content\/uploads\/2019\/09\/WhatsApp-Image-2019-09-12-at-21.01.10.jpeg 581w\" sizes=\"(max-width: 576px) 100vw, 576px\" \/><\/a><\/figure><\/li><li class=\"blocks-gallery-item\"><figure><a href=\"https:\/\/www.uta.cl\/wp-content\/uploads\/2019\/09\/WhatsApp-Image-2019-09-12-at-21.01.10-1-576x1024.jpeg\"><img loading=\"lazy\" width=\"576\" height=\"1024\" src=\"https:\/\/www.uta.cl\/wp-content\/uploads\/2019\/09\/WhatsApp-Image-2019-09-12-at-21.01.10-1-576x1024.jpeg\" alt=\"\" data-id=\"21069\" data-link=\"https:\/\/www.uta.cl\/?attachment_id=21069\" class=\"wp-image-21069\" srcset=\"https:\/\/www.uta.cl\/wp-content\/uploads\/2019\/09\/WhatsApp-Image-2019-09-12-at-21.01.10-1-576x1024.jpeg 576w, https:\/\/www.uta.cl\/wp-content\/uploads\/2019\/09\/WhatsApp-Image-2019-09-12-at-21.01.10-1-169x300.jpeg 169w, https:\/\/www.uta.cl\/wp-content\/uploads\/2019\/09\/WhatsApp-Image-2019-09-12-at-21.01.10-1.jpeg 581w\" sizes=\"(max-width: 576px) 100vw, 576px\" \/><\/a><\/figure><\/li><li class=\"blocks-gallery-item\"><figure><a href=\"https:\/\/www.uta.cl\/wp-content\/uploads\/2019\/09\/WhatsApp-Image-2019-09-12-at-21.01.09-576x1024.jpeg\"><img loading=\"lazy\" width=\"576\" height=\"1024\" src=\"https:\/\/www.uta.cl\/wp-content\/uploads\/2019\/09\/WhatsApp-Image-2019-09-12-at-21.01.09-576x1024.jpeg\" alt=\"\" data-id=\"21068\" data-link=\"https:\/\/www.uta.cl\/?attachment_id=21068\" class=\"wp-image-21068\" srcset=\"https:\/\/www.uta.cl\/wp-content\/uploads\/2019\/09\/WhatsApp-Image-2019-09-12-at-21.01.09-576x1024.jpeg 576w, https:\/\/www.uta.cl\/wp-content\/uploads\/2019\/09\/WhatsApp-Image-2019-09-12-at-21.01.09-169x300.jpeg 169w, https:\/\/www.uta.cl\/wp-content\/uploads\/2019\/09\/WhatsApp-Image-2019-09-12-at-21.01.09.jpeg 581w\" sizes=\"(max-width: 576px) 100vw, 576px\" \/><\/a><\/figure><\/li><li class=\"blocks-gallery-item\"><figure><a href=\"https:\/\/www.uta.cl\/wp-content\/uploads\/2019\/09\/WhatsApp-Image-2019-09-12-at-21.01.08-576x1024.jpeg\"><img loading=\"lazy\" width=\"576\" height=\"1024\" src=\"https:\/\/www.uta.cl\/wp-content\/uploads\/2019\/09\/WhatsApp-Image-2019-09-12-at-21.01.08-576x1024.jpeg\" alt=\"\" data-id=\"21067\" data-link=\"https:\/\/www.uta.cl\/?attachment_id=21067\" class=\"wp-image-21067\" srcset=\"https:\/\/www.uta.cl\/wp-content\/uploads\/2019\/09\/WhatsApp-Image-2019-09-12-at-21.01.08-576x1024.jpeg 576w, https:\/\/www.uta.cl\/wp-content\/uploads\/2019\/09\/WhatsApp-Image-2019-09-12-at-21.01.08-169x300.jpeg 169w, https:\/\/www.uta.cl\/wp-content\/uploads\/2019\/09\/WhatsApp-Image-2019-09-12-at-21.01.08.jpeg 581w\" sizes=\"(max-width: 576px) 100vw, 576px\" \/><\/a><\/figure><\/li><li class=\"blocks-gallery-item\"><figure><a href=\"https:\/\/www.uta.cl\/wp-content\/uploads\/2019\/09\/WhatsApp-Image-2019-09-12-at-18.01.05-768x1024.jpeg\"><img loading=\"lazy\" width=\"768\" height=\"1024\" src=\"https:\/\/www.uta.cl\/wp-content\/uploads\/2019\/09\/WhatsApp-Image-2019-09-12-at-18.01.05-768x1024.jpeg\" alt=\"\" data-id=\"21066\" data-link=\"https:\/\/www.uta.cl\/?attachment_id=21066\" class=\"wp-image-21066\" srcset=\"https:\/\/www.uta.cl\/wp-content\/uploads\/2019\/09\/WhatsApp-Image-2019-09-12-at-18.01.05.jpeg 768w, https:\/\/www.uta.cl\/wp-content\/uploads\/2019\/09\/WhatsApp-Image-2019-09-12-at-18.01.05-225x300.jpeg 225w\" sizes=\"(max-width: 768px) 100vw, 768px\" \/><\/a><\/figure><\/li><li class=\"blocks-gallery-item\"><figure><a href=\"https:\/\/www.uta.cl\/wp-content\/uploads\/2019\/09\/WhatsApp-Image-2019-09-12-at-18.01.04-768x1024.jpeg\"><img loading=\"lazy\" width=\"768\" height=\"1024\" src=\"https:\/\/www.uta.cl\/wp-content\/uploads\/2019\/09\/WhatsApp-Image-2019-09-12-at-18.01.04-768x1024.jpeg\" alt=\"\" data-id=\"21065\" data-link=\"https:\/\/www.uta.cl\/?attachment_id=21065\" class=\"wp-image-21065\" srcset=\"https:\/\/www.uta.cl\/wp-content\/uploads\/2019\/09\/WhatsApp-Image-2019-09-12-at-18.01.04.jpeg 768w, https:\/\/www.uta.cl\/wp-content\/uploads\/2019\/09\/WhatsApp-Image-2019-09-12-at-18.01.04-225x300.jpeg 225w\" sizes=\"(max-width: 768px) 100vw, 768px\" \/><\/a><\/figure><\/li><li class=\"blocks-gallery-item\"><figure><a href=\"https:\/\/www.uta.cl\/wp-content\/uploads\/2019\/09\/WhatsApp-Image-2019-09-12-at-17.59.12-576x1024.jpeg\"><img loading=\"lazy\" width=\"576\" height=\"1024\" src=\"https:\/\/www.uta.cl\/wp-content\/uploads\/2019\/09\/WhatsApp-Image-2019-09-12-at-17.59.12-576x1024.jpeg\" alt=\"\" data-id=\"21064\" data-link=\"https:\/\/www.uta.cl\/?attachment_id=21064\" class=\"wp-image-21064\" srcset=\"https:\/\/www.uta.cl\/wp-content\/uploads\/2019\/09\/WhatsApp-Image-2019-09-12-at-17.59.12-576x1024.jpeg 576w, https:\/\/www.uta.cl\/wp-content\/uploads\/2019\/09\/WhatsApp-Image-2019-09-12-at-17.59.12-169x300.jpeg 169w, https:\/\/www.uta.cl\/wp-content\/uploads\/2019\/09\/WhatsApp-Image-2019-09-12-at-17.59.12.jpeg 581w\" sizes=\"(max-width: 576px) 100vw, 576px\" \/><\/a><\/figure><\/li><li class=\"blocks-gallery-item\"><figure><a href=\"https:\/\/www.uta.cl\/wp-content\/uploads\/2019\/09\/WhatsApp-Image-2019-09-12-at-17.59.12-1-576x1024.jpeg\"><img loading=\"lazy\" width=\"576\" height=\"1024\" src=\"https:\/\/www.uta.cl\/wp-content\/uploads\/2019\/09\/WhatsApp-Image-2019-09-12-at-17.59.12-1-576x1024.jpeg\" alt=\"\" data-id=\"21063\" data-link=\"https:\/\/www.uta.cl\/?attachment_id=21063\" class=\"wp-image-21063\" srcset=\"https:\/\/www.uta.cl\/wp-content\/uploads\/2019\/09\/WhatsApp-Image-2019-09-12-at-17.59.12-1-576x1024.jpeg 576w, https:\/\/www.uta.cl\/wp-content\/uploads\/2019\/09\/WhatsApp-Image-2019-09-12-at-17.59.12-1-169x300.jpeg 169w, https:\/\/www.uta.cl\/wp-content\/uploads\/2019\/09\/WhatsApp-Image-2019-09-12-at-17.59.12-1.jpeg 581w\" sizes=\"(max-width: 576px) 100vw, 576px\" \/><\/a><\/figure><\/li><li class=\"blocks-gallery-item\"><figure><a href=\"https:\/\/www.uta.cl\/wp-content\/uploads\/2019\/09\/WhatsApp-Image-2019-09-12-at-17.56.35-576x1024.jpeg\"><img loading=\"lazy\" width=\"576\" height=\"1024\" src=\"https:\/\/www.uta.cl\/wp-content\/uploads\/2019\/09\/WhatsApp-Image-2019-09-12-at-17.56.35-576x1024.jpeg\" alt=\"\" data-id=\"21062\" data-link=\"https:\/\/www.uta.cl\/?attachment_id=21062\" class=\"wp-image-21062\" srcset=\"https:\/\/www.uta.cl\/wp-content\/uploads\/2019\/09\/WhatsApp-Image-2019-09-12-at-17.56.35-576x1024.jpeg 576w, https:\/\/www.uta.cl\/wp-content\/uploads\/2019\/09\/WhatsApp-Image-2019-09-12-at-17.56.35-169x300.jpeg 169w, https:\/\/www.uta.cl\/wp-content\/uploads\/2019\/09\/WhatsApp-Image-2019-09-12-at-17.56.35.jpeg 581w\" sizes=\"(max-width: 576px) 100vw, 576px\" \/><\/a><\/figure><\/li><li class=\"blocks-gallery-item\"><figure><a href=\"https:\/\/www.uta.cl\/wp-content\/uploads\/2019\/09\/WhatsApp-Image-2019-09-12-at-17.55.26-576x1024.jpeg\"><img loading=\"lazy\" width=\"576\" height=\"1024\" src=\"https:\/\/www.uta.cl\/wp-content\/uploads\/2019\/09\/WhatsApp-Image-2019-09-12-at-17.55.26-576x1024.jpeg\" alt=\"\" data-id=\"21061\" data-link=\"https:\/\/www.uta.cl\/?attachment_id=21061\" class=\"wp-image-21061\" srcset=\"https:\/\/www.uta.cl\/wp-content\/uploads\/2019\/09\/WhatsApp-Image-2019-09-12-at-17.55.26-576x1024.jpeg 576w, https:\/\/www.uta.cl\/wp-content\/uploads\/2019\/09\/WhatsApp-Image-2019-09-12-at-17.55.26-169x300.jpeg 169w, https:\/\/www.uta.cl\/wp-content\/uploads\/2019\/09\/WhatsApp-Image-2019-09-12-at-17.55.26.jpeg 720w\" sizes=\"(max-width: 576px) 100vw, 576px\" \/><\/a><\/figure><\/li><li class=\"blocks-gallery-item\"><figure><a href=\"https:\/\/www.uta.cl\/wp-content\/uploads\/2019\/09\/WhatsApp-Image-2019-09-12-at-17.53.06-1024x576.jpeg\"><img loading=\"lazy\" width=\"1024\" height=\"576\" src=\"https:\/\/www.uta.cl\/wp-content\/uploads\/2019\/09\/WhatsApp-Image-2019-09-12-at-17.53.06-1024x576.jpeg\" alt=\"\" data-id=\"21060\" data-link=\"https:\/\/www.uta.cl\/?attachment_id=21060\" class=\"wp-image-21060\" srcset=\"https:\/\/www.uta.cl\/wp-content\/uploads\/2019\/09\/WhatsApp-Image-2019-09-12-at-17.53.06-1024x576.jpeg 1024w, https:\/\/www.uta.cl\/wp-content\/uploads\/2019\/09\/WhatsApp-Image-2019-09-12-at-17.53.06-300x169.jpeg 300w, https:\/\/www.uta.cl\/wp-content\/uploads\/2019\/09\/WhatsApp-Image-2019-09-12-at-17.53.06-768x432.jpeg 768w, https:\/\/www.uta.cl\/wp-content\/uploads\/2019\/09\/WhatsApp-Image-2019-09-12-at-17.53.06.jpeg 1032w\" sizes=\"(max-width: 1024px) 100vw, 1024px\" \/><\/a><\/figure><\/li><li class=\"blocks-gallery-item\"><figure><a href=\"https:\/\/www.uta.cl\/wp-content\/uploads\/2019\/09\/WhatsApp-Image-2019-09-12-at-17.53.05-576x1024.jpeg\"><img loading=\"lazy\" width=\"576\" height=\"1024\" src=\"https:\/\/www.uta.cl\/wp-content\/uploads\/2019\/09\/WhatsApp-Image-2019-09-12-at-17.53.05-576x1024.jpeg\" alt=\"\" data-id=\"21059\" data-link=\"https:\/\/www.uta.cl\/?attachment_id=21059\" class=\"wp-image-21059\" srcset=\"https:\/\/www.uta.cl\/wp-content\/uploads\/2019\/09\/WhatsApp-Image-2019-09-12-at-17.53.05-576x1024.jpeg 576w, https:\/\/www.uta.cl\/wp-content\/uploads\/2019\/09\/WhatsApp-Image-2019-09-12-at-17.53.05-169x300.jpeg 169w, https:\/\/www.uta.cl\/wp-content\/uploads\/2019\/09\/WhatsApp-Image-2019-09-12-at-17.53.05.jpeg 581w\" sizes=\"(max-width: 576px) 100vw, 576px\" \/><\/a><\/figure><\/li><li class=\"blocks-gallery-item\"><figure><a href=\"https:\/\/www.uta.cl\/wp-content\/uploads\/2019\/09\/WhatsApp-Image-2019-09-12-at-17.53.02-3-576x1024.jpeg\"><img loading=\"lazy\" width=\"576\" height=\"1024\" src=\"https:\/\/www.uta.cl\/wp-content\/uploads\/2019\/09\/WhatsApp-Image-2019-09-12-at-17.53.02-3-576x1024.jpeg\" alt=\"\" data-id=\"21058\" data-link=\"https:\/\/www.uta.cl\/?attachment_id=21058\" class=\"wp-image-21058\" srcset=\"https:\/\/www.uta.cl\/wp-content\/uploads\/2019\/09\/WhatsApp-Image-2019-09-12-at-17.53.02-3-576x1024.jpeg 576w, https:\/\/www.uta.cl\/wp-content\/uploads\/2019\/09\/WhatsApp-Image-2019-09-12-at-17.53.02-3-169x300.jpeg 169w, https:\/\/www.uta.cl\/wp-content\/uploads\/2019\/09\/WhatsApp-Image-2019-09-12-at-17.53.02-3.jpeg 581w\" sizes=\"(max-width: 576px) 100vw, 576px\" \/><\/a><\/figure><\/li><li class=\"blocks-gallery-item\"><figure><a href=\"https:\/\/www.uta.cl\/wp-content\/uploads\/2019\/09\/DSC_4805-683x1024.jpg\"><img loading=\"lazy\" width=\"683\" height=\"1024\" src=\"https:\/\/www.uta.cl\/wp-content\/uploads\/2019\/09\/DSC_4805-683x1024.jpg\" alt=\"\" data-id=\"21056\" data-link=\"https:\/\/www.uta.cl\/?attachment_id=21056\" class=\"wp-image-21056\" srcset=\"https:\/\/www.uta.cl\/wp-content\/uploads\/2019\/09\/DSC_4805-683x1024.jpg 683w, https:\/\/www.uta.cl\/wp-content\/uploads\/2019\/09\/DSC_4805-200x300.jpg 200w, https:\/\/www.uta.cl\/wp-content\/uploads\/2019\/09\/DSC_4805-768x1152.jpg 768w\" sizes=\"(max-width: 683px) 100vw, 683px\" \/><\/a><\/figure><\/li><\/ul>\n\n\n<p>[wbcr_php_snippet id=&#8221;3575&#8243;]<\/p>\n","protected":false},"excerpt":{"rendered":"<p>Paula Carmona Araya est\u00e1 concluyendo su perfeccionamiento en t\u00e9cnicas cer\u00e1micas en el Taller de Cer\u00e1mica de la Universidad de Tarapac\u00e1.<\/p>\n","protected":false},"author":1,"featured_media":21057,"comment_status":"open","ping_status":"open","sticky":false,"template":"","format":"standard","meta":[],"categories":[51],"tags":[],"_links":{"self":[{"href":"https:\/\/www.uta.cl\/index.php\/wp-json\/wp\/v2\/posts\/21055"}],"collection":[{"href":"https:\/\/www.uta.cl\/index.php\/wp-json\/wp\/v2\/posts"}],"about":[{"href":"https:\/\/www.uta.cl\/index.php\/wp-json\/wp\/v2\/types\/post"}],"author":[{"embeddable":true,"href":"https:\/\/www.uta.cl\/index.php\/wp-json\/wp\/v2\/users\/1"}],"replies":[{"embeddable":true,"href":"https:\/\/www.uta.cl\/index.php\/wp-json\/wp\/v2\/comments?post=21055"}],"version-history":[{"count":3,"href":"https:\/\/www.uta.cl\/index.php\/wp-json\/wp\/v2\/posts\/21055\/revisions"}],"predecessor-version":[{"id":21085,"href":"https:\/\/www.uta.cl\/index.php\/wp-json\/wp\/v2\/posts\/21055\/revisions\/21085"}],"wp:featuredmedia":[{"embeddable":true,"href":"https:\/\/www.uta.cl\/index.php\/wp-json\/wp\/v2\/media\/21057"}],"wp:attachment":[{"href":"https:\/\/www.uta.cl\/index.php\/wp-json\/wp\/v2\/media?parent=21055"}],"wp:term":[{"taxonomy":"category","embeddable":true,"href":"https:\/\/www.uta.cl\/index.php\/wp-json\/wp\/v2\/categories?post=21055"},{"taxonomy":"post_tag","embeddable":true,"href":"https:\/\/www.uta.cl\/index.php\/wp-json\/wp\/v2\/tags?post=21055"}],"curies":[{"name":"wp","href":"https:\/\/api.w.org\/{rel}","templated":true}]}}