{"id":21039,"date":"2019-09-23T20:30:53","date_gmt":"2019-09-23T20:30:53","guid":{"rendered":"https:\/\/www.uta.cl\/?p=21039"},"modified":"2019-09-23T20:30:55","modified_gmt":"2019-09-23T20:30:55","slug":"facultad-de-ciencias-de-la-salud-de-la-uta-concreta-primera-reunion-para-constituir-mesa-de-trabajo-publica-y-privada-de-salud-para-la-region-arica-y-parinacota","status":"publish","type":"post","link":"https:\/\/www.uta.cl\/index.php\/2019\/09\/23\/facultad-de-ciencias-de-la-salud-de-la-uta-concreta-primera-reunion-para-constituir-mesa-de-trabajo-publica-y-privada-de-salud-para-la-region-arica-y-parinacota\/","title":{"rendered":"Facultad de Ciencias de la Salud de la UTA concreta primera reuni\u00f3n para constituir mesa de trabajo p\u00fablica y privada de salud para la Regi\u00f3n Arica y Parinacota"},"content":{"rendered":"\n<p>En el marco del Convenio de Desempe\u00f1o Proyecto ESR UTA 1895, el pasado jueves 12 de septiembre, se desarroll\u00f3 la primera \u201cReuni\u00f3n de Constituci\u00f3n de la mesa de trabajo p\u00fablico y privada de salud para la Regi\u00f3n de Arica y Parinacota\u201d, cuyo prop\u00f3sito ser\u00e1 contribuir a la preservaci\u00f3n y el mejoramiento de la salud de la poblaci\u00f3n de la regi\u00f3n, incluyendo la reducci\u00f3n de desigualdades.  <\/p>\n\n\n\n<figure class=\"wp-block-image\"><a href=\"https:\/\/www.uta.cl\/wp-content\/uploads\/2019\/09\/fot-principal-nota-3.jpg\"><img loading=\"lazy\" width=\"1000\" height=\"667\" src=\"https:\/\/www.uta.cl\/wp-content\/uploads\/2019\/09\/fot-principal-nota-3.jpg\" alt=\"\" class=\"wp-image-21044\" srcset=\"https:\/\/www.uta.cl\/wp-content\/uploads\/2019\/09\/fot-principal-nota-3.jpg 1000w, https:\/\/www.uta.cl\/wp-content\/uploads\/2019\/09\/fot-principal-nota-3-300x200.jpg 300w, https:\/\/www.uta.cl\/wp-content\/uploads\/2019\/09\/fot-principal-nota-3-768x512.jpg 768w\" sizes=\"(max-width: 1000px) 100vw, 1000px\" \/><\/a><\/figure>\n\n\n\n<p>La\nreuni\u00f3n que cont\u00f3 con una alta convocatoria, estuvo encabezada por\nel Decano de la Facultad de Ciencias de la Salud (FACSAL), Dr. Carlos\n\u00dabeda de la Cerda y el Director de Extensi\u00f3n y Vinculaci\u00f3n con el\nMedio, Sergio Medina Parra, quienes estuvieron acompa\u00f1ados por\nautoridades y encargados de las diferentes \u00e1reas de salud de la\nregi\u00f3n, como la Secretar\u00eda Regional Ministerial de Salud, el\nServicio de Salud Arica, Disam, Gendarmer\u00eda, Colegio M\u00e9dico de\nArica, Cl\u00ednica Fleming Arica, Cl\u00ednica San Jos\u00e9, Mutual de Segurida\nCChC, Mutual\nde seguridad&nbsp;<em>IST,\nArtemed, Cl\u00ednica Dental Arisa, CFT Tarapac\u00e1, Universidad Santo\nTom\u00e1s<\/em>,\nentre otros, con la finalidad de debatir resultados esperados del\ntratamiento epidemiol\u00f3gico regional. \n<\/p>\n\n\n\n<p>Para\nel Decano de la FACSAL, Carlos \u00dabeda de la Cerda, en este encuentro,\n\u201ccada uno de nosotros representamos a una instituci\u00f3n y en ese\nsentido, el trabajo que nosotros vamos a desarrollar pasa mucho por\nlo que nosotros contemos de nuestra instituci\u00f3n. Las opiniones\nvertidas por quienes constituyen esta mesa es importante que se\nsocialice, porque el d\u00eda de ma\u00f1ana puedo dejar de ser decano y\nustedes directores de su instituci\u00f3n, por lo cual la mesa no puede\ndejar de trabajar y que se perpet\u00fae en el tiempo\u201d.<\/p>\n\n\n\n<p>En\neste contexto, el Decano explic\u00f3 que, \u201cdentro de este Convenio de\nDesempe\u00f1o existen tres grandes objetivos, siendo el m\u00e1s pertinente\npara este encuentro el objetivo espec\u00edfico n\u00famero 3 que establece\nel consolidar la vinculaci\u00f3n con el medio de las carreras de la\nFACSAL y en ese contexto, la vinculaci\u00f3n es la herramienta que hace\ncalzar a todas las otras \u00e1reas y nuestra Facultad hemos trabajado\ncon mucha fuerza en coordinaci\u00f3n con la Direcci\u00f3n de Extensi\u00f3n y\nVinculaci\u00f3n con el Medio, para propiciar actividades de vinculaci\u00f3n\nque tributen a la docencia de pre y postgrado, a la investigaci\u00f3n,\netc.\u201d.<\/p>\n\n\n\n<p>El\nConvenio de Desempe\u00f1o contiene una serie de actividades que\ncontemplan entre otras, la instalaci\u00f3n de esta mesa de trabajo\np\u00fablico y privada de salud para la Regi\u00f3n de Arica y Parinacota,\ncuyo trabajo sea recaudar informaci\u00f3n epidemiol\u00f3gica relevante para\nregi\u00f3n, analizar dicha informaci\u00f3n y proponer soluciones. \n<\/p>\n\n\n\n<p>Explic\u00f3\nadem\u00e1s que se deben aunar esfuerzos donde el rol de la UTA es\naportar con la mirada universitaria. \u201cEl objetivo central que\nqueremos es mejorar las condiciones de atenci\u00f3n, tener un mayor\ngrado de cobertura en prestaciones de salud y mejorar los procesos\nformativos de los estudiantes del \u00e1rea de la salud; aspectos que\nqueremos mejorar a trav\u00e9s de esta mesa de trabajo p\u00fablico-privada\nde salud, con evidencia cient\u00edfica real\u201d. \n<\/p>\n\n\n\n<p>Igualmente,\ndestac\u00f3 su alegr\u00eda de haber acogido la invitaci\u00f3n a conformar la\nmesa de trabajo p\u00fablico-privada de salud, \u201csiempre es un desaf\u00edo\ncuando uno hace una invitaci\u00f3n a diferentes instituciones, en este\ncaso p\u00fablicas y privadas. Vuestra presencia demuestra el inter\u00e9s\nque hay por generar instancias de trabajo en el \u00e1rea de la salud. En\nesta oportunidad la idea central de esta primera reuni\u00f3n es poder\nconstituir una mesa de trabajo p\u00fablico-privada en el \u00e1rea de la\nsalud, cuya idea es ir focalizando temas de inter\u00e9s de salud\u201d. \n<\/p>\n\n\n\n<p>Por su parte, el Director de Extensi\u00f3n y Vinculaci\u00f3n con el Medio, Sergio Medina Parra, expres\u00f3 sus agradecimientos por la presencia en esta primera reuni\u00f3n, \u201creitero el compromiso de la Universidad de Tarapac\u00e1 con cada una de las instituciones presentes. Esperamos en esta mesa atender con una mirada intersectorial y con pertinencia, las din\u00e1micas de salud p\u00fablica en esta zona de trifrontera. Esta mesa tributa a objetivos institucionales de vinculaci\u00f3n con el medio y pone su foco en la observaci\u00f3n, an\u00e1lisis y detecci\u00f3n temprana de fen\u00f3menos sanitarios, colaborando con las instituciones p\u00fablicas y las redes de salud ad hoc\u201d.  <\/p>\n\n\n\n<ul class=\"wp-block-gallery columns-3 is-cropped\"><li class=\"blocks-gallery-item\"><figure><a href=\"https:\/\/www.uta.cl\/wp-content\/uploads\/2019\/09\/DSC_6482.jpg\"><img loading=\"lazy\" width=\"1000\" height=\"667\" src=\"https:\/\/www.uta.cl\/wp-content\/uploads\/2019\/09\/DSC_6482.jpg\" alt=\"\" data-id=\"21043\" data-link=\"https:\/\/www.uta.cl\/?attachment_id=21043\" class=\"wp-image-21043\" srcset=\"https:\/\/www.uta.cl\/wp-content\/uploads\/2019\/09\/DSC_6482.jpg 1000w, https:\/\/www.uta.cl\/wp-content\/uploads\/2019\/09\/DSC_6482-300x200.jpg 300w, https:\/\/www.uta.cl\/wp-content\/uploads\/2019\/09\/DSC_6482-768x512.jpg 768w\" sizes=\"(max-width: 1000px) 100vw, 1000px\" \/><\/a><\/figure><\/li><li class=\"blocks-gallery-item\"><figure><a href=\"https:\/\/www.uta.cl\/wp-content\/uploads\/2019\/09\/DSC_6459.jpg\"><img loading=\"lazy\" width=\"1000\" height=\"667\" src=\"https:\/\/www.uta.cl\/wp-content\/uploads\/2019\/09\/DSC_6459.jpg\" alt=\"\" data-id=\"21042\" data-link=\"https:\/\/www.uta.cl\/?attachment_id=21042\" class=\"wp-image-21042\" srcset=\"https:\/\/www.uta.cl\/wp-content\/uploads\/2019\/09\/DSC_6459.jpg 1000w, https:\/\/www.uta.cl\/wp-content\/uploads\/2019\/09\/DSC_6459-300x200.jpg 300w, https:\/\/www.uta.cl\/wp-content\/uploads\/2019\/09\/DSC_6459-768x512.jpg 768w\" sizes=\"(max-width: 1000px) 100vw, 1000px\" \/><\/a><\/figure><\/li><li class=\"blocks-gallery-item\"><figure><a href=\"https:\/\/www.uta.cl\/wp-content\/uploads\/2019\/09\/DSC_6448.jpg\"><img loading=\"lazy\" width=\"1000\" height=\"667\" src=\"https:\/\/www.uta.cl\/wp-content\/uploads\/2019\/09\/DSC_6448.jpg\" alt=\"\" data-id=\"21041\" data-link=\"https:\/\/www.uta.cl\/?attachment_id=21041\" class=\"wp-image-21041\" srcset=\"https:\/\/www.uta.cl\/wp-content\/uploads\/2019\/09\/DSC_6448.jpg 1000w, https:\/\/www.uta.cl\/wp-content\/uploads\/2019\/09\/DSC_6448-300x200.jpg 300w, https:\/\/www.uta.cl\/wp-content\/uploads\/2019\/09\/DSC_6448-768x512.jpg 768w\" sizes=\"(max-width: 1000px) 100vw, 1000px\" \/><\/a><\/figure><\/li><li class=\"blocks-gallery-item\"><figure><a href=\"https:\/\/www.uta.cl\/wp-content\/uploads\/2019\/09\/DSC_6444.jpg\"><img loading=\"lazy\" width=\"1000\" height=\"667\" src=\"https:\/\/www.uta.cl\/wp-content\/uploads\/2019\/09\/DSC_6444.jpg\" alt=\"\" data-id=\"21040\" data-link=\"https:\/\/www.uta.cl\/?attachment_id=21040\" class=\"wp-image-21040\" srcset=\"https:\/\/www.uta.cl\/wp-content\/uploads\/2019\/09\/DSC_6444.jpg 1000w, https:\/\/www.uta.cl\/wp-content\/uploads\/2019\/09\/DSC_6444-300x200.jpg 300w, https:\/\/www.uta.cl\/wp-content\/uploads\/2019\/09\/DSC_6444-768x512.jpg 768w\" sizes=\"(max-width: 1000px) 100vw, 1000px\" \/><\/a><\/figure><\/li><\/ul>\n","protected":false},"excerpt":{"rendered":"<p>Instancia busca contribuir a la preservaci\u00f3n y el mejoramiento de la salud de la poblaci\u00f3n de la regi\u00f3n, incluyendo la reducci\u00f3n de desigualdades.<\/p>\n","protected":false},"author":1,"featured_media":21044,"comment_status":"open","ping_status":"open","sticky":false,"template":"","format":"standard","meta":[],"categories":[51],"tags":[],"_links":{"self":[{"href":"https:\/\/www.uta.cl\/index.php\/wp-json\/wp\/v2\/posts\/21039"}],"collection":[{"href":"https:\/\/www.uta.cl\/index.php\/wp-json\/wp\/v2\/posts"}],"about":[{"href":"https:\/\/www.uta.cl\/index.php\/wp-json\/wp\/v2\/types\/post"}],"author":[{"embeddable":true,"href":"https:\/\/www.uta.cl\/index.php\/wp-json\/wp\/v2\/users\/1"}],"replies":[{"embeddable":true,"href":"https:\/\/www.uta.cl\/index.php\/wp-json\/wp\/v2\/comments?post=21039"}],"version-history":[{"count":1,"href":"https:\/\/www.uta.cl\/index.php\/wp-json\/wp\/v2\/posts\/21039\/revisions"}],"predecessor-version":[{"id":21045,"href":"https:\/\/www.uta.cl\/index.php\/wp-json\/wp\/v2\/posts\/21039\/revisions\/21045"}],"wp:featuredmedia":[{"embeddable":true,"href":"https:\/\/www.uta.cl\/index.php\/wp-json\/wp\/v2\/media\/21044"}],"wp:attachment":[{"href":"https:\/\/www.uta.cl\/index.php\/wp-json\/wp\/v2\/media?parent=21039"}],"wp:term":[{"taxonomy":"category","embeddable":true,"href":"https:\/\/www.uta.cl\/index.php\/wp-json\/wp\/v2\/categories?post=21039"},{"taxonomy":"post_tag","embeddable":true,"href":"https:\/\/www.uta.cl\/index.php\/wp-json\/wp\/v2\/tags?post=21039"}],"curies":[{"name":"wp","href":"https:\/\/api.w.org\/{rel}","templated":true}]}}