{"id":21020,"date":"2019-09-23T20:17:56","date_gmt":"2019-09-23T20:17:56","guid":{"rendered":"https:\/\/www.uta.cl\/?p=21020"},"modified":"2019-09-23T20:17:58","modified_gmt":"2019-09-23T20:17:58","slug":"vicerrectoria-de-desarrollo-estrategico-realiza-taller-sobre-el-sistema-de-gestion-de-la-calidad","status":"publish","type":"post","link":"https:\/\/www.uta.cl\/index.php\/2019\/09\/23\/vicerrectoria-de-desarrollo-estrategico-realiza-taller-sobre-el-sistema-de-gestion-de-la-calidad\/","title":{"rendered":"Vicerrector\u00eda de Desarrollo Estrat\u00e9gico realiza taller sobre el Sistema de Gesti\u00f3n de la Calidad"},"content":{"rendered":"\n<p>En el contexto del convenio realizado con la Universidad de La Frontera y asesor\u00eda en Sistemas de Gesti\u00f3n Integral de la Calidad, el jueves 12 y viernes 13 de septiembre, se llev\u00f3 a cabo el taller de trabajo \u201cModelo de calidad integral y sistema de aseguramiento de la calidad de la Universidad de Tarapac\u00e1\u201d, dirigido a integrantes del equipo de gesti\u00f3n, miembros de la Comisi\u00f3n del Modelo de Calidad Integral y Sistema de Aseguramiento de Calidad UTA y profesionales de la Direcci\u00f3n de Calidad Institucional y de Planificaci\u00f3n.<\/p>\n\n\n\n<figure class=\"wp-block-image\"><a href=\"https:\/\/www.uta.cl\/wp-content\/uploads\/2019\/09\/000_foto-principal-nota.jpg\"><img loading=\"lazy\" width=\"1000\" height=\"626\" src=\"https:\/\/www.uta.cl\/wp-content\/uploads\/2019\/09\/000_foto-principal-nota.jpg\" alt=\"\" class=\"wp-image-21037\" srcset=\"https:\/\/www.uta.cl\/wp-content\/uploads\/2019\/09\/000_foto-principal-nota.jpg 1000w, https:\/\/www.uta.cl\/wp-content\/uploads\/2019\/09\/000_foto-principal-nota-300x188.jpg 300w, https:\/\/www.uta.cl\/wp-content\/uploads\/2019\/09\/000_foto-principal-nota-768x481.jpg 768w\" sizes=\"(max-width: 1000px) 100vw, 1000px\" \/><\/a><\/figure>\n\n\n\n<p>La\nprimera jornada se inici\u00f3 con las palabras de bienvenida del Rector\nde la Universidad de Tarapac\u00e1, Dr. Emilio Rodr\u00edguez Ponce quien\nse\u00f1al\u00f3 que, \u201clas nuevas exigencias de acreditaci\u00f3n nos demandan\nque tengamos un sistema integral de aseguramiento de la calidad. La\nUniversidad de Tarapac\u00e1 ha trabajado en marcos de aseguramiento de\nla calidad hace m\u00e1s de 25 a\u00f1os, sin embargo, las exigencias de hoy\nson mayores porque ya no se requiere un marco de aseguramiento de la\ncalidad o Sistema de Direcci\u00f3n Estrat\u00e9gica y pol\u00edticas de\naseguramiento de la calidad, sino que un sistema integral, dise\u00f1ado,\nimplementado y funcionando\u201d. \n<\/p>\n\n\n\n<p>\u201cEn\neste contexto, estamos contando con la asesor\u00eda de la Dra. Martha\nRam\u00edrez de  la Universidad de La Frontera, instituci\u00f3n que ha\nlogrado dise\u00f1ar este sistema y la que ha tenido mayor \u00e9xito desde\nel mundo estatal y regional y en consecuencia, es una instituci\u00f3n\nreferente para nosotros\u201d, resalt\u00f3 el Rector de la UTA. \n<\/p>\n\n\n\n<p>Agreg\u00f3\nque, \u201clo que estamos tratando de hacer es justamente esto, un\ndise\u00f1o del sistema para una posterior implementaci\u00f3n, que nos\npermita asumir con \u00e9xito el proceso de acreditaci\u00f3n 2022, donde lo\nimportante es trabajar con una din\u00e1mica, con una rigurosidad y con\nun ritmo que nos permitan no solo dise\u00f1ar sino que adem\u00e1s,\nimplantarlo exitosamente, por eso que lo estamos haciendo\nproactivamente, con un tiempo suficiente y razonable para garantizar\naltos niveles de \u00e9xito\u201d. \n<\/p>\n\n\n\n<p>El\nencuentro prosigui\u00f3 con la introducci\u00f3n al taller por parte de la\nVicerrectora de Desarrollo Estrat\u00e9gico, Dra. Jenniffer Peralta\nMontecinos y la presentaci\u00f3n del sistema de aseguramiento de la\nUniversidad de Tarapac\u00e1, a cargo del Director de Calidad\nInstitucional, Hernando Bustos Andreu. \n<\/p>\n\n\n\n<p>Posteriormente,\nla Directora de Calidad Acad\u00e9mica de la Universidad de La Frontera,\nDra. Martha Ram\u00edrez Valdivia, realiz\u00f3 una presentaci\u00f3n y discusi\u00f3n\nsobre los elementos b\u00e1sicos del Sistema de Gesti\u00f3n Integral de la\nCalidad de la Universidad de La Frontera, para continuar con el\nlevantamiento de las expectativas de la UTA por parte de las\ndirecciones y unidades acad\u00e9micas, para finalizar la primera jornada\ncon la identificaci\u00f3n de los factores clave de \u00e9xito y obst\u00e1culos.\n\n<\/p>\n\n\n\n<p>Para\nla segunda jornada, se inici\u00f3 con el trabajo de identificaci\u00f3n de\nprioridades para finalizar con la conformaci\u00f3n de equipos de trabajo\ny establecer los plazos de entrega de los factores clave para el\ndise\u00f1o del Sistema de Aseguramiento de la Calidad de la Universidad\nde Tarapac\u00e1. \n<\/p>\n\n\n\n<p>En\neste contexto, la Vicerrectora de Desarrollo Estrat\u00e9gico, Dra.\nJenniffer Peralta Montecinos se\u00f1al\u00f3 que, \u201cestamos cerrando un\ntaller muy exitoso desde el punto de vista de los objetivos, porque\nhemos logrado identificar por una parte, las expectativas en t\u00e9rminos\npara generar un sistema de aseguramiento de la calidad, que sea\nintegral y que cumpla con el objetivo de ser el soporte para un\nproceso de mejora continua y, al mismo tiempo, hemos identificado\nobstaculizadores y facilitadores de los procesos de gesti\u00f3n de la\ncalidad y de los sistemas de aseguramiento. Finalmente, hemos podido\navanzar en t\u00e9rminos de priorizar iniciativas que tengan que ver con\nla mejora continua, con el trabajo compartido y simult\u00e1neo entre las\ndecanaturas representada a trav\u00e9s de los decanos directamente, entre\nlos representantes del equipo de gesti\u00f3n, y al mismo tiempo, con el\nacompa\u00f1amiento y el rol importante que cumplen los profesionales de\nlas \u00e1reas involucradas\u201d.<\/p>\n\n\n\n<p>\n\u201cEste\nencuentro ha terminado con la generaci\u00f3n de los equipos de trabajo\npara estas iniciativas que se van a priorizar en el inicio del\nproceso formal de soluciones y mejoras para cada una de las tem\u00e1ticas\nque hoy han sido relevadas como prioritarias en el abordaje del\nmejoramiento continuo de acuerdo a nuestra Misi\u00f3n Institucional pero\nsobre todo en t\u00e9rminos de un abordaje a trav\u00e9s de procesos\nefectivos y eficientes que nos permitan cumplir con los mejores\nest\u00e1ndares nuestro quehacer institucional\u201d, indic\u00f3 la\nVicerrectora de Desarrollo Estrat\u00e9gico. \n<\/p>\n\n\n\n<p>Por\nsu parte, la Directora de Calidad Acad\u00e9mica de la Universidad de La\nFrontera, Dra. Martha Ram\u00edrez Valdivia, se refiri\u00f3 a su\nparticipaci\u00f3n en este taller indicando que \u201cha sido una\nexperiencia gratificante, no solo porque he aprendido m\u00e1s de lo que\nhace la Universidad de Tarapac\u00e1, desde el punto de vista de la\nsimilitud que tenemos en el funcionamiento, la estructura y en la\nforma de trabajo, adem\u00e1s del entusiasmo y compromiso para trabajar\ndonde han estado muy involucrados haciendo preguntas y aportando.\nEste primer acercamiento que tenemos con el equipo directivo,\nprofesionales e integrantes de la Comisi\u00f3n del Modelo de Calidad\nIntegral y Sistema de Aseguramiento de Calidad de la UTA, va a\npermitir un mayor compromiso de parte de ellos. Cuando uno trabaja\ncon temas de calidad y con sistemas de gesti\u00f3n de la calidad, una de\nlas cosas m\u00e1s importantes es el compromiso, porque cuando uno se da\ncuenta de que los sistemas de calidad no burocratizan su sistema,\nsino que el fin que tienen es mejorar, a trav\u00e9s de un trabajo\nestable, de forma tal que todas las personas generen un resultado que\ndependa del mismo proceso\u201d. \n<\/p>\n\n\n\n<p>Asimismo\ndestac\u00f3 que los procesos los hacen las personas, \u201ccuando\ninvolucras a la persona para que te explique el proceso y que ella\nmisma lo analice y vea en qu\u00e9 lo puede mejorar, es cuando\nefectivamente empieza a cambiar la cultura siendo un proceso que\nnunca termina. Nuestra tarea con el Director de Calidad Institucional\nes acompa\u00f1arlo en esta tarea de guiar este proceso y de dise\u00f1ar el\nSistema de Aseguramiento de Calidad de la UTA\u201d. \n<\/p>\n\n\n\n<ul class=\"wp-block-gallery columns-3 is-cropped\"><li class=\"blocks-gallery-item\"><figure><a href=\"https:\/\/www.uta.cl\/wp-content\/uploads\/2019\/09\/000_DSC_6510.jpg\"><img loading=\"lazy\" width=\"1000\" height=\"666\" src=\"https:\/\/www.uta.cl\/wp-content\/uploads\/2019\/09\/000_DSC_6510.jpg\" alt=\"\" data-id=\"21036\" data-link=\"https:\/\/www.uta.cl\/?attachment_id=21036\" class=\"wp-image-21036\" srcset=\"https:\/\/www.uta.cl\/wp-content\/uploads\/2019\/09\/000_DSC_6510.jpg 1000w, https:\/\/www.uta.cl\/wp-content\/uploads\/2019\/09\/000_DSC_6510-300x200.jpg 300w, https:\/\/www.uta.cl\/wp-content\/uploads\/2019\/09\/000_DSC_6510-768x511.jpg 768w\" sizes=\"(max-width: 1000px) 100vw, 1000px\" \/><\/a><\/figure><\/li><li class=\"blocks-gallery-item\"><figure><a href=\"https:\/\/www.uta.cl\/wp-content\/uploads\/2019\/09\/000_DSC_6509.jpg\"><img loading=\"lazy\" width=\"1000\" height=\"666\" src=\"https:\/\/www.uta.cl\/wp-content\/uploads\/2019\/09\/000_DSC_6509.jpg\" alt=\"\" data-id=\"21035\" data-link=\"https:\/\/www.uta.cl\/?attachment_id=21035\" class=\"wp-image-21035\" srcset=\"https:\/\/www.uta.cl\/wp-content\/uploads\/2019\/09\/000_DSC_6509.jpg 1000w, https:\/\/www.uta.cl\/wp-content\/uploads\/2019\/09\/000_DSC_6509-300x200.jpg 300w, https:\/\/www.uta.cl\/wp-content\/uploads\/2019\/09\/000_DSC_6509-768x511.jpg 768w\" sizes=\"(max-width: 1000px) 100vw, 1000px\" \/><\/a><\/figure><\/li><li class=\"blocks-gallery-item\"><figure><a href=\"https:\/\/www.uta.cl\/wp-content\/uploads\/2019\/09\/000_DSC_6472.jpg\"><img loading=\"lazy\" width=\"1000\" height=\"666\" src=\"https:\/\/www.uta.cl\/wp-content\/uploads\/2019\/09\/000_DSC_6472.jpg\" alt=\"\" data-id=\"21034\" data-link=\"https:\/\/www.uta.cl\/?attachment_id=21034\" class=\"wp-image-21034\" srcset=\"https:\/\/www.uta.cl\/wp-content\/uploads\/2019\/09\/000_DSC_6472.jpg 1000w, https:\/\/www.uta.cl\/wp-content\/uploads\/2019\/09\/000_DSC_6472-300x200.jpg 300w, https:\/\/www.uta.cl\/wp-content\/uploads\/2019\/09\/000_DSC_6472-768x511.jpg 768w\" sizes=\"(max-width: 1000px) 100vw, 1000px\" \/><\/a><\/figure><\/li><li class=\"blocks-gallery-item\"><figure><a href=\"https:\/\/www.uta.cl\/wp-content\/uploads\/2019\/09\/000_DSC_6413.jpg\"><img loading=\"lazy\" width=\"1000\" height=\"666\" src=\"https:\/\/www.uta.cl\/wp-content\/uploads\/2019\/09\/000_DSC_6413.jpg\" alt=\"\" data-id=\"21024\" data-link=\"https:\/\/www.uta.cl\/?attachment_id=21024\" class=\"wp-image-21024\" srcset=\"https:\/\/www.uta.cl\/wp-content\/uploads\/2019\/09\/000_DSC_6413.jpg 1000w, https:\/\/www.uta.cl\/wp-content\/uploads\/2019\/09\/000_DSC_6413-300x200.jpg 300w, https:\/\/www.uta.cl\/wp-content\/uploads\/2019\/09\/000_DSC_6413-768x511.jpg 768w\" sizes=\"(max-width: 1000px) 100vw, 1000px\" \/><\/a><\/figure><\/li><li class=\"blocks-gallery-item\"><figure><a href=\"https:\/\/www.uta.cl\/wp-content\/uploads\/2019\/09\/000_DSC_6415.jpg\"><img loading=\"lazy\" width=\"1000\" height=\"666\" src=\"https:\/\/www.uta.cl\/wp-content\/uploads\/2019\/09\/000_DSC_6415.jpg\" alt=\"\" data-id=\"21025\" data-link=\"https:\/\/www.uta.cl\/?attachment_id=21025\" class=\"wp-image-21025\" srcset=\"https:\/\/www.uta.cl\/wp-content\/uploads\/2019\/09\/000_DSC_6415.jpg 1000w, https:\/\/www.uta.cl\/wp-content\/uploads\/2019\/09\/000_DSC_6415-300x200.jpg 300w, https:\/\/www.uta.cl\/wp-content\/uploads\/2019\/09\/000_DSC_6415-768x511.jpg 768w\" sizes=\"(max-width: 1000px) 100vw, 1000px\" \/><\/a><\/figure><\/li><li class=\"blocks-gallery-item\"><figure><a href=\"https:\/\/www.uta.cl\/wp-content\/uploads\/2019\/09\/000_DSC_6416.jpg\"><img loading=\"lazy\" width=\"1000\" height=\"666\" src=\"https:\/\/www.uta.cl\/wp-content\/uploads\/2019\/09\/000_DSC_6416.jpg\" alt=\"\" data-id=\"21026\" data-link=\"https:\/\/www.uta.cl\/?attachment_id=21026\" class=\"wp-image-21026\" srcset=\"https:\/\/www.uta.cl\/wp-content\/uploads\/2019\/09\/000_DSC_6416.jpg 1000w, https:\/\/www.uta.cl\/wp-content\/uploads\/2019\/09\/000_DSC_6416-300x200.jpg 300w, https:\/\/www.uta.cl\/wp-content\/uploads\/2019\/09\/000_DSC_6416-768x511.jpg 768w\" sizes=\"(max-width: 1000px) 100vw, 1000px\" \/><\/a><\/figure><\/li><li class=\"blocks-gallery-item\"><figure><a href=\"https:\/\/www.uta.cl\/wp-content\/uploads\/2019\/09\/000_DSC_6418.jpg\"><img loading=\"lazy\" width=\"1000\" height=\"666\" src=\"https:\/\/www.uta.cl\/wp-content\/uploads\/2019\/09\/000_DSC_6418.jpg\" alt=\"\" data-id=\"21027\" data-link=\"https:\/\/www.uta.cl\/?attachment_id=21027\" class=\"wp-image-21027\" srcset=\"https:\/\/www.uta.cl\/wp-content\/uploads\/2019\/09\/000_DSC_6418.jpg 1000w, https:\/\/www.uta.cl\/wp-content\/uploads\/2019\/09\/000_DSC_6418-300x200.jpg 300w, https:\/\/www.uta.cl\/wp-content\/uploads\/2019\/09\/000_DSC_6418-768x511.jpg 768w\" sizes=\"(max-width: 1000px) 100vw, 1000px\" \/><\/a><\/figure><\/li><li class=\"blocks-gallery-item\"><figure><a href=\"https:\/\/www.uta.cl\/wp-content\/uploads\/2019\/09\/000_DSC_6422.jpg\"><img loading=\"lazy\" width=\"1000\" height=\"666\" src=\"https:\/\/www.uta.cl\/wp-content\/uploads\/2019\/09\/000_DSC_6422.jpg\" alt=\"\" data-id=\"21028\" data-link=\"https:\/\/www.uta.cl\/?attachment_id=21028\" class=\"wp-image-21028\" srcset=\"https:\/\/www.uta.cl\/wp-content\/uploads\/2019\/09\/000_DSC_6422.jpg 1000w, https:\/\/www.uta.cl\/wp-content\/uploads\/2019\/09\/000_DSC_6422-300x200.jpg 300w, https:\/\/www.uta.cl\/wp-content\/uploads\/2019\/09\/000_DSC_6422-768x511.jpg 768w\" sizes=\"(max-width: 1000px) 100vw, 1000px\" \/><\/a><\/figure><\/li><li class=\"blocks-gallery-item\"><figure><a href=\"https:\/\/www.uta.cl\/wp-content\/uploads\/2019\/09\/000_DSC_6467.jpg\"><img loading=\"lazy\" width=\"1000\" height=\"666\" src=\"https:\/\/www.uta.cl\/wp-content\/uploads\/2019\/09\/000_DSC_6467.jpg\" alt=\"\" data-id=\"21033\" data-link=\"https:\/\/www.uta.cl\/?attachment_id=21033\" class=\"wp-image-21033\" srcset=\"https:\/\/www.uta.cl\/wp-content\/uploads\/2019\/09\/000_DSC_6467.jpg 1000w, https:\/\/www.uta.cl\/wp-content\/uploads\/2019\/09\/000_DSC_6467-300x200.jpg 300w, https:\/\/www.uta.cl\/wp-content\/uploads\/2019\/09\/000_DSC_6467-768x511.jpg 768w\" sizes=\"(max-width: 1000px) 100vw, 1000px\" \/><\/a><\/figure><\/li><li class=\"blocks-gallery-item\"><figure><a href=\"https:\/\/www.uta.cl\/wp-content\/uploads\/2019\/09\/000_DSC_6465.jpg\"><img loading=\"lazy\" width=\"1000\" height=\"666\" src=\"https:\/\/www.uta.cl\/wp-content\/uploads\/2019\/09\/000_DSC_6465.jpg\" alt=\"\" data-id=\"21032\" data-link=\"https:\/\/www.uta.cl\/?attachment_id=21032\" class=\"wp-image-21032\" srcset=\"https:\/\/www.uta.cl\/wp-content\/uploads\/2019\/09\/000_DSC_6465.jpg 1000w, https:\/\/www.uta.cl\/wp-content\/uploads\/2019\/09\/000_DSC_6465-300x200.jpg 300w, https:\/\/www.uta.cl\/wp-content\/uploads\/2019\/09\/000_DSC_6465-768x511.jpg 768w\" sizes=\"(max-width: 1000px) 100vw, 1000px\" \/><\/a><\/figure><\/li><li class=\"blocks-gallery-item\"><figure><a href=\"https:\/\/www.uta.cl\/wp-content\/uploads\/2019\/09\/000_DSC_6436.jpg\"><img loading=\"lazy\" width=\"1000\" height=\"666\" src=\"https:\/\/www.uta.cl\/wp-content\/uploads\/2019\/09\/000_DSC_6436.jpg\" alt=\"\" data-id=\"21031\" data-link=\"https:\/\/www.uta.cl\/?attachment_id=21031\" class=\"wp-image-21031\" srcset=\"https:\/\/www.uta.cl\/wp-content\/uploads\/2019\/09\/000_DSC_6436.jpg 1000w, https:\/\/www.uta.cl\/wp-content\/uploads\/2019\/09\/000_DSC_6436-300x200.jpg 300w, https:\/\/www.uta.cl\/wp-content\/uploads\/2019\/09\/000_DSC_6436-768x511.jpg 768w\" sizes=\"(max-width: 1000px) 100vw, 1000px\" \/><\/a><\/figure><\/li><li class=\"blocks-gallery-item\"><figure><a href=\"https:\/\/www.uta.cl\/wp-content\/uploads\/2019\/09\/000_DSC_6430.jpg\"><img loading=\"lazy\" width=\"1000\" height=\"666\" src=\"https:\/\/www.uta.cl\/wp-content\/uploads\/2019\/09\/000_DSC_6430.jpg\" alt=\"\" data-id=\"21030\" data-link=\"https:\/\/www.uta.cl\/?attachment_id=21030\" class=\"wp-image-21030\" srcset=\"https:\/\/www.uta.cl\/wp-content\/uploads\/2019\/09\/000_DSC_6430.jpg 1000w, https:\/\/www.uta.cl\/wp-content\/uploads\/2019\/09\/000_DSC_6430-300x200.jpg 300w, https:\/\/www.uta.cl\/wp-content\/uploads\/2019\/09\/000_DSC_6430-768x511.jpg 768w\" sizes=\"(max-width: 1000px) 100vw, 1000px\" \/><\/a><\/figure><\/li><li class=\"blocks-gallery-item\"><figure><a href=\"https:\/\/www.uta.cl\/wp-content\/uploads\/2019\/09\/000_DSC_6427.jpg\"><img loading=\"lazy\" width=\"1000\" height=\"666\" src=\"https:\/\/www.uta.cl\/wp-content\/uploads\/2019\/09\/000_DSC_6427.jpg\" alt=\"\" data-id=\"21029\" data-link=\"https:\/\/www.uta.cl\/?attachment_id=21029\" class=\"wp-image-21029\" srcset=\"https:\/\/www.uta.cl\/wp-content\/uploads\/2019\/09\/000_DSC_6427.jpg 1000w, https:\/\/www.uta.cl\/wp-content\/uploads\/2019\/09\/000_DSC_6427-300x200.jpg 300w, https:\/\/www.uta.cl\/wp-content\/uploads\/2019\/09\/000_DSC_6427-768x511.jpg 768w\" sizes=\"(max-width: 1000px) 100vw, 1000px\" \/><\/a><\/figure><\/li><\/ul>\n","protected":false},"excerpt":{"rendered":"<p>El encuentro cont\u00f3 con la presencia de la Directora de Calidad Acad\u00e9mica de la Universidad de La Frontera, Dra. Martha Ram\u00edrez Valdivia quien dio a conocer la exitosa gesti\u00f3n que realiz\u00f3 la UFRO para la obtenci\u00f3n de su \u00faltima acreditaci\u00f3n, consolid\u00e1ndola como una de las mejores instituciones de educaci\u00f3n superior del pa\u00eds.<\/p>\n","protected":false},"author":1,"featured_media":21037,"comment_status":"open","ping_status":"open","sticky":false,"template":"","format":"standard","meta":[],"categories":[],"tags":[],"_links":{"self":[{"href":"https:\/\/www.uta.cl\/index.php\/wp-json\/wp\/v2\/posts\/21020"}],"collection":[{"href":"https:\/\/www.uta.cl\/index.php\/wp-json\/wp\/v2\/posts"}],"about":[{"href":"https:\/\/www.uta.cl\/index.php\/wp-json\/wp\/v2\/types\/post"}],"author":[{"embeddable":true,"href":"https:\/\/www.uta.cl\/index.php\/wp-json\/wp\/v2\/users\/1"}],"replies":[{"embeddable":true,"href":"https:\/\/www.uta.cl\/index.php\/wp-json\/wp\/v2\/comments?post=21020"}],"version-history":[{"count":1,"href":"https:\/\/www.uta.cl\/index.php\/wp-json\/wp\/v2\/posts\/21020\/revisions"}],"predecessor-version":[{"id":21038,"href":"https:\/\/www.uta.cl\/index.php\/wp-json\/wp\/v2\/posts\/21020\/revisions\/21038"}],"wp:featuredmedia":[{"embeddable":true,"href":"https:\/\/www.uta.cl\/index.php\/wp-json\/wp\/v2\/media\/21037"}],"wp:attachment":[{"href":"https:\/\/www.uta.cl\/index.php\/wp-json\/wp\/v2\/media?parent=21020"}],"wp:term":[{"taxonomy":"category","embeddable":true,"href":"https:\/\/www.uta.cl\/index.php\/wp-json\/wp\/v2\/categories?post=21020"},{"taxonomy":"post_tag","embeddable":true,"href":"https:\/\/www.uta.cl\/index.php\/wp-json\/wp\/v2\/tags?post=21020"}],"curies":[{"name":"wp","href":"https:\/\/api.w.org\/{rel}","templated":true}]}}