{"id":20976,"date":"2019-09-16T20:31:56","date_gmt":"2019-09-16T20:31:56","guid":{"rendered":"https:\/\/www.uta.cl\/?p=20976"},"modified":"2019-09-16T20:31:56","modified_gmt":"2019-09-16T20:31:56","slug":"importante-convenio-de-cooperacion-firman-la-universidad-de-tarapaca-y-el-servicio-local-de-educacion-publica-chinchorro","status":"publish","type":"post","link":"https:\/\/www.uta.cl\/index.php\/2019\/09\/16\/importante-convenio-de-cooperacion-firman-la-universidad-de-tarapaca-y-el-servicio-local-de-educacion-publica-chinchorro\/","title":{"rendered":"Importante convenio de cooperaci\u00f3n firman la Universidad de Tarapac\u00e1 y el Servicio Local de Educaci\u00f3n P\u00fablica Chinchorro"},"content":{"rendered":"\n<p>\nCon\nel prop\u00f3sito de establecer las bases para la cooperaci\u00f3n acad\u00e9mica,\nense\u00f1anza, investigaci\u00f3n, difusi\u00f3n del conocimiento y la cultura,\nla Universidad de Tarapac\u00e1 y Servicio Local de Educaci\u00f3n P\u00fablica\nChinchorro, firmaron este martes 10 de septiembre, un importante\nconvenio de cooperaci\u00f3n para promover el intercambio de\nprofesionales, estudiantes e investigadores mediante la realizaci\u00f3n\nde proyectos conjuntos. \n<\/p>\n\n\n\n<figure class=\"wp-block-image\"><a href=\"https:\/\/www.uta.cl\/wp-content\/uploads\/2019\/09\/foto-principal-nota-4.jpg\"><img loading=\"lazy\" width=\"1000\" height=\"667\" src=\"https:\/\/www.uta.cl\/wp-content\/uploads\/2019\/09\/foto-principal-nota-4.jpg\" alt=\"\" class=\"wp-image-20981\" srcset=\"https:\/\/www.uta.cl\/wp-content\/uploads\/2019\/09\/foto-principal-nota-4.jpg 1000w, https:\/\/www.uta.cl\/wp-content\/uploads\/2019\/09\/foto-principal-nota-4-300x200.jpg 300w, https:\/\/www.uta.cl\/wp-content\/uploads\/2019\/09\/foto-principal-nota-4-768x512.jpg 768w\" sizes=\"(max-width: 1000px) 100vw, 1000px\" \/><\/a><\/figure>\n\n\n\n<p>El\nacuerdo entre ambas instituciones fue firmado en la Sala de Consejo\nde Rector\u00eda del Campus Vel\u00e1squez, donde se reunieron autoridades\nuniversitarias, acad\u00e9micos, profesionales e integrantes del equipo\nde trabajo del nuevo Servicio Local de Educaci\u00f3n P\u00fablica\nChinchorro.<\/p>\n\n\n\n<p>El\nRector (S) de la Universidad de Tarapac\u00e1, Dr. Alfonso D\u00edaz Aguad,\nmanifest\u00f3 su satisfacci\u00f3n por este acuerdo y destac\u00f3 como un hecho\nhist\u00f3rico la firma de este convenio expresando que, \u201cpara nuestra\nInstituci\u00f3n es muy importante la firma de este convenio ad portas de\nun hecho hist\u00f3rico que ocurrir\u00e1 el 01 enero del 2020 en nuestra\nregi\u00f3n: la constituci\u00f3n del Servicio Local de Educaci\u00f3n P\u00fablica\nChinchorro. En ese contexto, estamos firmando este convenio porque la\nUTA como instituci\u00f3n estatal y regional, ayudar\u00e1 a generar un\nmodelo educativo que es esencial para iniciar las funciones de este\nnuevo organismo, adem\u00e1s de colaborar en lo que sea necesario para\naportar al desarrollo de la educaci\u00f3n p\u00fablica regional\u201d. \n<\/p>\n\n\n\n<p>Por\nsu parte, el Director Ejecutivo del Servicio Local de Educaci\u00f3n\nP\u00fablica Chinchorro, Miguel Lecaros S\u00e1nchez, destac\u00f3 que, \u201cestamos\nhaciendo un acto de fe y de confianza mutua. Me encuentro con mi\nuniversidad, con mi pasado, presente y futuro; me encuentro con lo\nque tenemos que construir como comunidad. Tenemos un tremendo desaf\u00edo\ny agradezco que esta Universidad sea mi casa y de las futuras\nalianzas que iremos construyendo. El 01 d enero del 2020, cuando esta\ndirecci\u00f3n ejecutiva se haga cargo de los 18 mil estudiantes, de los\n3 mil profesores y de  los m\u00e1s de cien funcionarios, multiplicados\npor la cantidad de familias, estamos hablando de la instituci\u00f3n m\u00e1s\ngrande de la regi\u00f3n, la UTA tiene mucho que ense\u00f1arnos y mucho para\ndesarrollar entre ambas instituciones\u201d. \n<\/p>\n\n\n\n<p>Finalmente,\nel Rector (S) de la Universidad de Tarapac\u00e1 y el Director Ejecutivo\ndel\nServicio Local de Educaci\u00f3n P\u00fablica Chinchorro,\nprocedieron a poner las r\u00fabricas correspondientes en presencia de la\nSecretaria de la Universidad de Tarapac\u00e1, Paula Lepe Caiconte, quien\nactu\u00f3 como ministro de fe, sellando el compromiso entre ambas\ninstituciones.<\/p>\n\n\n\n<ul class=\"wp-block-gallery columns-3 is-cropped\"><li class=\"blocks-gallery-item\"><figure><a href=\"https:\/\/www.uta.cl\/wp-content\/uploads\/2019\/09\/DSC_6329.jpg\"><img loading=\"lazy\" width=\"1000\" height=\"667\" src=\"https:\/\/www.uta.cl\/wp-content\/uploads\/2019\/09\/DSC_6329.jpg\" alt=\"\" data-id=\"20980\" data-link=\"https:\/\/www.uta.cl\/?attachment_id=20980\" class=\"wp-image-20980\" srcset=\"https:\/\/www.uta.cl\/wp-content\/uploads\/2019\/09\/DSC_6329.jpg 1000w, https:\/\/www.uta.cl\/wp-content\/uploads\/2019\/09\/DSC_6329-300x200.jpg 300w, https:\/\/www.uta.cl\/wp-content\/uploads\/2019\/09\/DSC_6329-768x512.jpg 768w\" sizes=\"(max-width: 1000px) 100vw, 1000px\" \/><\/a><\/figure><\/li><li class=\"blocks-gallery-item\"><figure><a href=\"https:\/\/www.uta.cl\/wp-content\/uploads\/2019\/09\/DSC_6314.jpg\"><img loading=\"lazy\" width=\"1000\" height=\"667\" src=\"https:\/\/www.uta.cl\/wp-content\/uploads\/2019\/09\/DSC_6314.jpg\" alt=\"\" data-id=\"20979\" data-link=\"https:\/\/www.uta.cl\/?attachment_id=20979\" class=\"wp-image-20979\" srcset=\"https:\/\/www.uta.cl\/wp-content\/uploads\/2019\/09\/DSC_6314.jpg 1000w, https:\/\/www.uta.cl\/wp-content\/uploads\/2019\/09\/DSC_6314-300x200.jpg 300w, https:\/\/www.uta.cl\/wp-content\/uploads\/2019\/09\/DSC_6314-768x512.jpg 768w\" sizes=\"(max-width: 1000px) 100vw, 1000px\" \/><\/a><\/figure><\/li><li class=\"blocks-gallery-item\"><figure><a href=\"https:\/\/www.uta.cl\/wp-content\/uploads\/2019\/09\/DSC_6298.jpg\"><img loading=\"lazy\" width=\"1000\" height=\"667\" src=\"https:\/\/www.uta.cl\/wp-content\/uploads\/2019\/09\/DSC_6298.jpg\" alt=\"\" data-id=\"20978\" data-link=\"https:\/\/www.uta.cl\/?attachment_id=20978\" class=\"wp-image-20978\" srcset=\"https:\/\/www.uta.cl\/wp-content\/uploads\/2019\/09\/DSC_6298.jpg 1000w, https:\/\/www.uta.cl\/wp-content\/uploads\/2019\/09\/DSC_6298-300x200.jpg 300w, https:\/\/www.uta.cl\/wp-content\/uploads\/2019\/09\/DSC_6298-768x512.jpg 768w\" sizes=\"(max-width: 1000px) 100vw, 1000px\" \/><\/a><\/figure><\/li><li class=\"blocks-gallery-item\"><figure><a href=\"https:\/\/www.uta.cl\/wp-content\/uploads\/2019\/09\/DSC_6283.jpg\"><img loading=\"lazy\" width=\"1000\" height=\"667\" src=\"https:\/\/www.uta.cl\/wp-content\/uploads\/2019\/09\/DSC_6283.jpg\" alt=\"\" data-id=\"20977\" data-link=\"https:\/\/www.uta.cl\/?attachment_id=20977\" class=\"wp-image-20977\" srcset=\"https:\/\/www.uta.cl\/wp-content\/uploads\/2019\/09\/DSC_6283.jpg 1000w, https:\/\/www.uta.cl\/wp-content\/uploads\/2019\/09\/DSC_6283-300x200.jpg 300w, https:\/\/www.uta.cl\/wp-content\/uploads\/2019\/09\/DSC_6283-768x512.jpg 768w\" sizes=\"(max-width: 1000px) 100vw, 1000px\" \/><\/a><\/figure><\/li><\/ul>\n","protected":false},"excerpt":{"rendered":"<p>El acuerdo busca generar proyectos de cooperaci\u00f3n centrados en el intercambio acad\u00e9mico, profesional y de estudiantes, actividades de investigaci\u00f3n, participaci\u00f3n en seminarios, asesor\u00eda en el desarrollo de proyectos, programas y actividades conjuntas en el \u00e1mbito de la extensi\u00f3n cultural y vinculaci\u00f3n con el medio. <\/p>\n","protected":false},"author":1,"featured_media":20981,"comment_status":"open","ping_status":"open","sticky":false,"template":"","format":"standard","meta":[],"categories":[],"tags":[],"_links":{"self":[{"href":"https:\/\/www.uta.cl\/index.php\/wp-json\/wp\/v2\/posts\/20976"}],"collection":[{"href":"https:\/\/www.uta.cl\/index.php\/wp-json\/wp\/v2\/posts"}],"about":[{"href":"https:\/\/www.uta.cl\/index.php\/wp-json\/wp\/v2\/types\/post"}],"author":[{"embeddable":true,"href":"https:\/\/www.uta.cl\/index.php\/wp-json\/wp\/v2\/users\/1"}],"replies":[{"embeddable":true,"href":"https:\/\/www.uta.cl\/index.php\/wp-json\/wp\/v2\/comments?post=20976"}],"version-history":[{"count":1,"href":"https:\/\/www.uta.cl\/index.php\/wp-json\/wp\/v2\/posts\/20976\/revisions"}],"predecessor-version":[{"id":20982,"href":"https:\/\/www.uta.cl\/index.php\/wp-json\/wp\/v2\/posts\/20976\/revisions\/20982"}],"wp:featuredmedia":[{"embeddable":true,"href":"https:\/\/www.uta.cl\/index.php\/wp-json\/wp\/v2\/media\/20981"}],"wp:attachment":[{"href":"https:\/\/www.uta.cl\/index.php\/wp-json\/wp\/v2\/media?parent=20976"}],"wp:term":[{"taxonomy":"category","embeddable":true,"href":"https:\/\/www.uta.cl\/index.php\/wp-json\/wp\/v2\/categories?post=20976"},{"taxonomy":"post_tag","embeddable":true,"href":"https:\/\/www.uta.cl\/index.php\/wp-json\/wp\/v2\/tags?post=20976"}],"curies":[{"name":"wp","href":"https:\/\/api.w.org\/{rel}","templated":true}]}}