{"id":20970,"date":"2019-09-16T20:27:50","date_gmt":"2019-09-16T20:27:50","guid":{"rendered":"https:\/\/www.uta.cl\/?p=20970"},"modified":"2019-09-16T20:27:50","modified_gmt":"2019-09-16T20:27:50","slug":"impulsar-el-plan-de-mejoras-y-vincularlo-con-los-requerimientos-de-desarrollo-de-la-uta-tema-central-tratado-en-encuentro-entre-rector-y-academicos-del-departamento-de-ingenieria-electrica-electronic","status":"publish","type":"post","link":"https:\/\/www.uta.cl\/index.php\/2019\/09\/16\/impulsar-el-plan-de-mejoras-y-vincularlo-con-los-requerimientos-de-desarrollo-de-la-uta-tema-central-tratado-en-encuentro-entre-rector-y-academicos-del-departamento-de-ingenieria-electrica-electronic\/","title":{"rendered":"Impulsar el plan de mejoras y vincularlo con los requerimientos de desarrollo de la UTA, tema central tratado en encuentro entre Rector y acad\u00e9micos del Departamento de Ingenier\u00eda El\u00e9ctrica-Electr\u00f3nica"},"content":{"rendered":"\n<p>\nContinuando\ncon el programa de reuniones encabezadas por el Rector de la\nUniversidad de Tarapac\u00e1, Dr. Emilio Rodr\u00edguez Ponce, con los\ndepartamentos de las diferentes facultades de la Universidad de\nTarapac\u00e1, se llev\u00f3 a cabo una nueva instancia el mi\u00e9rcoles 11 de\nseptiembre, con los acad\u00e9micos del Departamento de Ingenier\u00eda\nEl\u00e9ctrica-Electr\u00f3nica.<\/p>\n\n\n\n<figure class=\"wp-block-image\"><a href=\"https:\/\/www.uta.cl\/wp-content\/uploads\/2019\/09\/foto-principal-nota-3.jpg\"><img loading=\"lazy\" width=\"1000\" height=\"667\" src=\"https:\/\/www.uta.cl\/wp-content\/uploads\/2019\/09\/foto-principal-nota-3.jpg\" alt=\"\" class=\"wp-image-20974\" srcset=\"https:\/\/www.uta.cl\/wp-content\/uploads\/2019\/09\/foto-principal-nota-3.jpg 1000w, https:\/\/www.uta.cl\/wp-content\/uploads\/2019\/09\/foto-principal-nota-3-300x200.jpg 300w, https:\/\/www.uta.cl\/wp-content\/uploads\/2019\/09\/foto-principal-nota-3-768x512.jpg 768w\" sizes=\"(max-width: 1000px) 100vw, 1000px\" \/><\/a><\/figure>\n\n\n\n<p>Durante\nel encuentro, la m\u00e1xima autoridad universitaria convers\u00f3 sobre las\nperspectivas para el alineamiento estrat\u00e9gico de la Universidad de\nTarapac\u00e1 ante el nuevo escenario que se presenta para esta\nInstituci\u00f3n, refiri\u00e9ndose al Plan de Fortalecimiento y el Aporte\nFiscal Directo Concursable, donde la Universidad se ubica en el sexto\nlugar. \n<\/p>\n\n\n\n<p>En\neste contexto, el Rector Dr. Emilio Rodr\u00edguez Ponce, destac\u00f3 las\nnuevas formas de medir la calidad de las universidades estatales\nestablecidas por el Banco Mundial, an\u00e1lisis que plantea una serie de\nexigencias tales como obtener un alto porcentaje de los acad\u00e9micos\ncon grado de doctor; publicaciones de alto impacto en Scopus y Wos;\ncuatro a\u00f1os o m\u00e1s de acreditaci\u00f3n; acreditaci\u00f3n en cuatro \u00e1reas\no m\u00e1s; contar con un m\u00ednimo de un doctorado acreditado y lograr una\nalta tasa de estudiantes graduados. \n<\/p>\n\n\n\n<p>Durante\nel encuentro, los acad\u00e9micos del Departamento de Ingenier\u00eda\nEl\u00e9ctrica Electr\u00f3nica, plantearon sus inquietudes destacando el\nofrecer m\u00e1s opciones de titulaciones y revivir las asignaturas\ncr\u00edticas de ciencias b\u00e1sicas, entre otros importantes temas; adem\u00e1s\nde dialogar sobre el plan de mejora de esta unidad acad\u00e9mica.<\/p>\n\n\n\n<p>\u201cFue\nmuy provechoso y positivo donde nos ha puesto en contexto la\nsituaci\u00f3n de las universidades estatales ante las exigencias del\nBanco Mundial. Quiero destacar que como departamento le hemos\nplanteado al rector las mejoras que identificamos, obteniendo una muy\nbuena recepci\u00f3n. Nos vamos muy satisfechos por este encuentro\nproductivo porque muchas veces las cosas no se conversan y hoy esas\ninquietudes tienen una soluci\u00f3n efectiva. En este sentido, como\nunidad acad\u00e9mica nos comprometemos a implementar el plan de mejoras,\nvamos a realizar el llamado a concurso para un acad\u00e9mico que cumpla\ncon las exigencias mencionadas en esta reuni\u00f3n, solucionando as\u00ed\nmuchos problemas que tenemos actualmente\u201d, destac\u00f3 el Director del\nDepartamento de Ingenier\u00eda El\u00e9ctrica, Ram\u00f3n Guirriman Carrasco. \n<\/p>\n\n\n\n<p>En\ntanto, el Rector Dr. Emilio Rodr\u00edguez Ponce, destac\u00f3 el trabajo\nprevio de direccionamiento estrat\u00e9gico que ha estado realizando la\nFacultad de Ingenier\u00eda, particularmente el Departamento de\nIngenier\u00eda El\u00e9ctrica-Electr\u00f3nica, quienes presentaron un conjunto\nde propuestas que est\u00e1n vinculadas a su plan de mejoras<\/p>\n\n\n\n<p>\u201cImpulsar\nel plan de mejoras de la carrera para vincularlo con los\nrequerimientos de desarrollo asociados a la Universidad, con altos\nniveles de exigencia y de excelencia permiten aunar esfuerzos, siendo\nuna de las cosas positivas de esta reuni\u00f3n, donde hemos podido ver\nlas exigencias que debe enfrentar la Universidad en los pr\u00f3ximos\na\u00f1os, aspectos que esta unidad acad\u00e9mica asume como propia, pero\nadem\u00e1s en un contexto en el cual tenemos que satisfacer los\nrequerimientos internos de la carrera y del \u00e1rea, a trav\u00e9s de los\nplanes de mejoras. Estos dos elementos se conjugan muy\nsatisfactoriamente valorando la expresa manifestaci\u00f3n de asociarse,\nvincularse y enfrentar las exigencias que tiene la Universidad, junto\ncon contribuir desde la docencia a un mejoramiento cualitativo de la\nInstituci\u00f3n\u201d, resalt\u00f3 la m\u00e1xima autoridad universitaria. \n<\/p>\n\n\n\n<ul class=\"wp-block-gallery columns-3 is-cropped\"><li class=\"blocks-gallery-item\"><figure><a href=\"https:\/\/www.uta.cl\/wp-content\/uploads\/2019\/09\/DSC_6399.jpg\"><img loading=\"lazy\" width=\"1000\" height=\"667\" src=\"https:\/\/www.uta.cl\/wp-content\/uploads\/2019\/09\/DSC_6399.jpg\" alt=\"\" data-id=\"20973\" data-link=\"https:\/\/www.uta.cl\/?attachment_id=20973\" class=\"wp-image-20973\" srcset=\"https:\/\/www.uta.cl\/wp-content\/uploads\/2019\/09\/DSC_6399.jpg 1000w, https:\/\/www.uta.cl\/wp-content\/uploads\/2019\/09\/DSC_6399-300x200.jpg 300w, https:\/\/www.uta.cl\/wp-content\/uploads\/2019\/09\/DSC_6399-768x512.jpg 768w\" sizes=\"(max-width: 1000px) 100vw, 1000px\" \/><\/a><\/figure><\/li><li class=\"blocks-gallery-item\"><figure><a href=\"https:\/\/www.uta.cl\/wp-content\/uploads\/2019\/09\/DSC_6398.jpg\"><img loading=\"lazy\" width=\"1000\" height=\"667\" src=\"https:\/\/www.uta.cl\/wp-content\/uploads\/2019\/09\/DSC_6398.jpg\" alt=\"\" data-id=\"20972\" data-link=\"https:\/\/www.uta.cl\/?attachment_id=20972\" class=\"wp-image-20972\" srcset=\"https:\/\/www.uta.cl\/wp-content\/uploads\/2019\/09\/DSC_6398.jpg 1000w, https:\/\/www.uta.cl\/wp-content\/uploads\/2019\/09\/DSC_6398-300x200.jpg 300w, https:\/\/www.uta.cl\/wp-content\/uploads\/2019\/09\/DSC_6398-768x512.jpg 768w\" sizes=\"(max-width: 1000px) 100vw, 1000px\" \/><\/a><\/figure><\/li><li class=\"blocks-gallery-item\"><figure><a href=\"https:\/\/www.uta.cl\/wp-content\/uploads\/2019\/09\/DSC_6396.jpg\"><img loading=\"lazy\" width=\"1000\" height=\"667\" src=\"https:\/\/www.uta.cl\/wp-content\/uploads\/2019\/09\/DSC_6396.jpg\" alt=\"\" data-id=\"20971\" data-link=\"https:\/\/www.uta.cl\/?attachment_id=20971\" class=\"wp-image-20971\" srcset=\"https:\/\/www.uta.cl\/wp-content\/uploads\/2019\/09\/DSC_6396.jpg 1000w, https:\/\/www.uta.cl\/wp-content\/uploads\/2019\/09\/DSC_6396-300x200.jpg 300w, https:\/\/www.uta.cl\/wp-content\/uploads\/2019\/09\/DSC_6396-768x512.jpg 768w\" sizes=\"(max-width: 1000px) 100vw, 1000px\" \/><\/a><\/figure><\/li><\/ul>\n","protected":false},"excerpt":{"rendered":"<p>Rector Dr. Emilio Rodr\u00edguez Ponce destac\u00f3 el compromiso de los acad\u00e9micos de esta unidad para vincularse y enfrentar las exigencias que tiene la Universidad, junto con contribuir desde la docencia a un mejoramiento cualitativo de la Instituci\u00f3n.<\/p>\n","protected":false},"author":1,"featured_media":20974,"comment_status":"open","ping_status":"open","sticky":false,"template":"","format":"standard","meta":[],"categories":[],"tags":[],"_links":{"self":[{"href":"https:\/\/www.uta.cl\/index.php\/wp-json\/wp\/v2\/posts\/20970"}],"collection":[{"href":"https:\/\/www.uta.cl\/index.php\/wp-json\/wp\/v2\/posts"}],"about":[{"href":"https:\/\/www.uta.cl\/index.php\/wp-json\/wp\/v2\/types\/post"}],"author":[{"embeddable":true,"href":"https:\/\/www.uta.cl\/index.php\/wp-json\/wp\/v2\/users\/1"}],"replies":[{"embeddable":true,"href":"https:\/\/www.uta.cl\/index.php\/wp-json\/wp\/v2\/comments?post=20970"}],"version-history":[{"count":1,"href":"https:\/\/www.uta.cl\/index.php\/wp-json\/wp\/v2\/posts\/20970\/revisions"}],"predecessor-version":[{"id":20975,"href":"https:\/\/www.uta.cl\/index.php\/wp-json\/wp\/v2\/posts\/20970\/revisions\/20975"}],"wp:featuredmedia":[{"embeddable":true,"href":"https:\/\/www.uta.cl\/index.php\/wp-json\/wp\/v2\/media\/20974"}],"wp:attachment":[{"href":"https:\/\/www.uta.cl\/index.php\/wp-json\/wp\/v2\/media?parent=20970"}],"wp:term":[{"taxonomy":"category","embeddable":true,"href":"https:\/\/www.uta.cl\/index.php\/wp-json\/wp\/v2\/categories?post=20970"},{"taxonomy":"post_tag","embeddable":true,"href":"https:\/\/www.uta.cl\/index.php\/wp-json\/wp\/v2\/tags?post=20970"}],"curies":[{"name":"wp","href":"https:\/\/api.w.org\/{rel}","templated":true}]}}