{"id":20963,"date":"2019-09-16T20:23:17","date_gmt":"2019-09-16T20:23:17","guid":{"rendered":"https:\/\/www.uta.cl\/?p=20963"},"modified":"2019-09-16T20:23:17","modified_gmt":"2019-09-16T20:23:17","slug":"consejo-consultivo-de-vinculacion-con-el-medio-de-la-uta-genera-proyectos-de-desarrollo-estrategico-para-la-region","status":"publish","type":"post","link":"https:\/\/www.uta.cl\/index.php\/2019\/09\/16\/consejo-consultivo-de-vinculacion-con-el-medio-de-la-uta-genera-proyectos-de-desarrollo-estrategico-para-la-region\/","title":{"rendered":"Consejo Consultivo de Vinculaci\u00f3n con el Medio de la UTA genera proyectos de desarrollo estrat\u00e9gico para la regi\u00f3n"},"content":{"rendered":"\n<p>\nEste\nmartes 10 de septiembre, se realiz\u00f3 una nueva sesi\u00f3n del Consejo\nConsultivo de Vinculaci\u00f3n con el Medio de la Universidad de\nTarapac\u00e1, instancia en la cual se trabaj\u00f3 en la generaci\u00f3n de\nl\u00edneas de desarrollo para convertirse en proyectos de desarrollo\npara la regi\u00f3n, adem\u00e1s de revisar y aprobar con los miembros del\nConsejo, las Disposiciones Generales, en espec\u00edfico la Misi\u00f3n\nInstitucional en el marco de la construcci\u00f3n de los nuevos Estatutos\nde esta Casa de Estudios Superiores. \n<\/p>\n\n\n\n<figure class=\"wp-block-image\"><a href=\"https:\/\/www.uta.cl\/wp-content\/uploads\/2019\/09\/fot-principal-nota-2.jpg\"><img loading=\"lazy\" width=\"1000\" height=\"667\" src=\"https:\/\/www.uta.cl\/wp-content\/uploads\/2019\/09\/fot-principal-nota-2.jpg\" alt=\"\" class=\"wp-image-20968\" srcset=\"https:\/\/www.uta.cl\/wp-content\/uploads\/2019\/09\/fot-principal-nota-2.jpg 1000w, https:\/\/www.uta.cl\/wp-content\/uploads\/2019\/09\/fot-principal-nota-2-300x200.jpg 300w, https:\/\/www.uta.cl\/wp-content\/uploads\/2019\/09\/fot-principal-nota-2-768x512.jpg 768w\" sizes=\"(max-width: 1000px) 100vw, 1000px\" \/><\/a><\/figure>\n\n\n\n<p>El\nencuentro fue encabezado por la participaci\u00f3n de la Vicerrectora de\nDesarrollo Estrat\u00e9gico, Dra. Jenniffer Peralta Montecinos y el\nVicerrector de Administraci\u00f3n y Finanzas, \u00c1lvaro Palma Quiroz,\nquienes estuvieron acompa\u00f1ados por el Director de Extensi\u00f3n y\nVinculaci\u00f3n con el Medio, Sergio Medina Parra, la Directora de\nEquidad de G\u00e9nero, Dra. Claudia Moraga Contreras, el Director de\nRelaciones Internacionales, Eugenio Doussoulin Escobar, y la\nDirectora de Planificaci\u00f3n y Proyectos, Bernardina Cisternas Arapio.<\/p>\n\n\n\n<p>En\nrepresentaci\u00f3n del sector p\u00fablico y privado se cont\u00f3 con la\npresencia del Presidente del Consejo Regional, Jorge D\u00edaz; del\nalcalde de Camarones, Iv\u00e1n Romero; del presidente de la C\u00e1mara de\nComercio de Arica, Aldo Gonz\u00e1lez; presidenta de la ONG Oro Negro,\nMarta Salgado; representante de los Establecimientos Educacionales\nRed Yaticha\u00f1a, Jorge Ya\u00f1ez; el\nrepresentante de la C\u00e1mara de Turismo, Ricardo Jorquera; el gestor\ncultural, Rodomiro Huanca V\u00e1squez; del Servicio Local de Educaci\u00f3n\nChinchorro, Betzabet Parra; y el representante de la Municipalidad de\nArica y jefe de gabinete, Patricio Figueroa.<\/p>\n\n\n\n<p>Durante\nel encuentro los presentes aprovecharon el encuentro para felicitar\nal destacado cultor socorome\u00f1o y maestro del folclor andino,\nRodomiro Huanca, quien fue el ganador del Premio a la Trayectoria en\nCultura Tradicional Margot Loyola, en la categor\u00eda de formaci\u00f3n.\nReconocimiento que otorga el Ministerio de las Culturas, las Artes y\nel Patrimonio a quienes hayan trabajado en la recuperaci\u00f3n y\nenriquecimiento de la cultura tradicional y popular de Chile.  \n<\/p>\n\n\n\n<p>La\nsesi\u00f3n se inici\u00f3 con la aprobaci\u00f3n del acta del encuentro\nrealizado el 14 de agosto para proseguir con la presentaci\u00f3n de los\nproyectos de los sectores p\u00fablicos y privados, para el desarrollo\nestrat\u00e9gico de vinculaci\u00f3n con el medio a ejecutarse con el apoyo y\npatrocinio de la Universidad de Tarapac\u00e1 y sus correspondientes\nunidades. \n<\/p>\n\n\n\n<p>En\neste contexto se presentaron proyectos educativos como el \u201cPrograma\nde intervenci\u00f3n para disminuir el riesgo cardiovascular en la\npoblaci\u00f3n escolar de Arica\u201d. Desde el Servicio Local de Educaci\u00f3n\nChinchorro, se compartieron iniciativas como la generaci\u00f3n de\nconvenios con el Centro Educar de la UTA y pr\u00e1cticas profesionales;\nla ONG Oro Negro propuso realizar una \u201cC\u00e1tedra de estudios\nafrodescendientes\u201d, adem\u00e1s de proyectos como el \u201cFomento\nproductivo de unidad de an\u00e1lisis sobre la regi\u00f3n\u201d; \u201cDise\u00f1o de\nprograma comunicacional que vincule a la UTA con el territorio\u201d y\n\u201cCultura Chinchorro patrimonio vivo\u201d, entre otras importantes\niniciativas. \n<\/p>\n\n\n\n<p>Luego,\nla sesi\u00f3n prosigui\u00f3 con la revisi\u00f3n final de la Misi\u00f3n\nInstitucional de la Universidad de Tarapac\u00e1, en el marco de la\nconstrucci\u00f3n de los nuevos Estatutos, siendo aprobada por los\nintegrantes del Consejo Consultivo de Vinculaci\u00f3n con el Medio de la\nUTA.<\/p>\n\n\n\n<p>\nPara\nla Vicerrectora de Desarrollo Estrat\u00e9gico, Dra. Jenniffer Peralta\nMontecinos, esta sesi\u00f3n fue de muy buena convocatoria y de muy\nactiva participaci\u00f3n por parte de los consejeros. \u201cHemos avanzado\nen acercarnos a la generaci\u00f3n de una red que va m\u00e1s all\u00e1 de\nrepresentar ideas generales y buenas iniciativas, adem\u00e1s de permitir\nconcretar los intereses que son mancomunados en cada una de las\ninstituciones representadas y de la comunidad de la regi\u00f3n, con el\nprop\u00f3sito de aportar al desarrollo social, cultural, productivo y\necon\u00f3mico y consecuentemente, con la calidad de vida de todos los\nintegrantes de nuestra regi\u00f3n\u201d. \n<\/p>\n\n\n\n<p>Agreg\u00f3\nque en este contexto, la participaci\u00f3n de los miembros del Consejo,\n\u201chacen que este trabajo sea exitoso, que es parte de una cadena de\nacciones que estamos realizando para poder articularnos como red\np\u00fablica-privada-acad\u00e9mica, respecto a la promoci\u00f3n y la\nrealizaci\u00f3n de acciones concretas que favorezcan el desarrollo\nestrat\u00e9gico regional\u201d. \n<\/p>\n\n\n\n<ul class=\"wp-block-gallery columns-3 is-cropped\"><li class=\"blocks-gallery-item\"><figure><a href=\"https:\/\/www.uta.cl\/wp-content\/uploads\/2019\/09\/DSC_6246.jpg\"><img loading=\"lazy\" width=\"667\" height=\"1000\" src=\"https:\/\/www.uta.cl\/wp-content\/uploads\/2019\/09\/DSC_6246.jpg\" alt=\"\" data-id=\"20967\" data-link=\"https:\/\/www.uta.cl\/?attachment_id=20967\" class=\"wp-image-20967\" srcset=\"https:\/\/www.uta.cl\/wp-content\/uploads\/2019\/09\/DSC_6246.jpg 667w, https:\/\/www.uta.cl\/wp-content\/uploads\/2019\/09\/DSC_6246-200x300.jpg 200w\" sizes=\"(max-width: 667px) 100vw, 667px\" \/><\/a><\/figure><\/li><li class=\"blocks-gallery-item\"><figure><a href=\"https:\/\/www.uta.cl\/wp-content\/uploads\/2019\/09\/DSC_6239.jpg\"><img loading=\"lazy\" width=\"1000\" height=\"667\" src=\"https:\/\/www.uta.cl\/wp-content\/uploads\/2019\/09\/DSC_6239.jpg\" alt=\"\" data-id=\"20966\" data-link=\"https:\/\/www.uta.cl\/?attachment_id=20966\" class=\"wp-image-20966\" srcset=\"https:\/\/www.uta.cl\/wp-content\/uploads\/2019\/09\/DSC_6239.jpg 1000w, https:\/\/www.uta.cl\/wp-content\/uploads\/2019\/09\/DSC_6239-300x200.jpg 300w, https:\/\/www.uta.cl\/wp-content\/uploads\/2019\/09\/DSC_6239-768x512.jpg 768w\" sizes=\"(max-width: 1000px) 100vw, 1000px\" \/><\/a><\/figure><\/li><li class=\"blocks-gallery-item\"><figure><a href=\"https:\/\/www.uta.cl\/wp-content\/uploads\/2019\/09\/DSC_6235.jpg\"><img loading=\"lazy\" width=\"1000\" height=\"667\" src=\"https:\/\/www.uta.cl\/wp-content\/uploads\/2019\/09\/DSC_6235.jpg\" alt=\"\" data-id=\"20965\" data-link=\"https:\/\/www.uta.cl\/?attachment_id=20965\" class=\"wp-image-20965\" srcset=\"https:\/\/www.uta.cl\/wp-content\/uploads\/2019\/09\/DSC_6235.jpg 1000w, https:\/\/www.uta.cl\/wp-content\/uploads\/2019\/09\/DSC_6235-300x200.jpg 300w, https:\/\/www.uta.cl\/wp-content\/uploads\/2019\/09\/DSC_6235-768x512.jpg 768w\" sizes=\"(max-width: 1000px) 100vw, 1000px\" \/><\/a><\/figure><\/li><li class=\"blocks-gallery-item\"><figure><a href=\"https:\/\/www.uta.cl\/wp-content\/uploads\/2019\/09\/DSC_6218.jpg\"><img loading=\"lazy\" width=\"1000\" height=\"667\" src=\"https:\/\/www.uta.cl\/wp-content\/uploads\/2019\/09\/DSC_6218.jpg\" alt=\"\" data-id=\"20964\" data-link=\"https:\/\/www.uta.cl\/?attachment_id=20964\" class=\"wp-image-20964\" srcset=\"https:\/\/www.uta.cl\/wp-content\/uploads\/2019\/09\/DSC_6218.jpg 1000w, https:\/\/www.uta.cl\/wp-content\/uploads\/2019\/09\/DSC_6218-300x200.jpg 300w, https:\/\/www.uta.cl\/wp-content\/uploads\/2019\/09\/DSC_6218-768x512.jpg 768w\" sizes=\"(max-width: 1000px) 100vw, 1000px\" \/><\/a><\/figure><\/li><\/ul>\n","protected":false},"excerpt":{"rendered":"<p>En el encuentro se presentaron importantes iniciativas que aportar\u00e1n al desarrollo regional con el apoyo y patrocinio de la Universidad de Tarapac\u00e1.<\/p>\n","protected":false},"author":1,"featured_media":20968,"comment_status":"open","ping_status":"open","sticky":false,"template":"","format":"standard","meta":[],"categories":[51],"tags":[],"_links":{"self":[{"href":"https:\/\/www.uta.cl\/index.php\/wp-json\/wp\/v2\/posts\/20963"}],"collection":[{"href":"https:\/\/www.uta.cl\/index.php\/wp-json\/wp\/v2\/posts"}],"about":[{"href":"https:\/\/www.uta.cl\/index.php\/wp-json\/wp\/v2\/types\/post"}],"author":[{"embeddable":true,"href":"https:\/\/www.uta.cl\/index.php\/wp-json\/wp\/v2\/users\/1"}],"replies":[{"embeddable":true,"href":"https:\/\/www.uta.cl\/index.php\/wp-json\/wp\/v2\/comments?post=20963"}],"version-history":[{"count":1,"href":"https:\/\/www.uta.cl\/index.php\/wp-json\/wp\/v2\/posts\/20963\/revisions"}],"predecessor-version":[{"id":20969,"href":"https:\/\/www.uta.cl\/index.php\/wp-json\/wp\/v2\/posts\/20963\/revisions\/20969"}],"wp:featuredmedia":[{"embeddable":true,"href":"https:\/\/www.uta.cl\/index.php\/wp-json\/wp\/v2\/media\/20968"}],"wp:attachment":[{"href":"https:\/\/www.uta.cl\/index.php\/wp-json\/wp\/v2\/media?parent=20963"}],"wp:term":[{"taxonomy":"category","embeddable":true,"href":"https:\/\/www.uta.cl\/index.php\/wp-json\/wp\/v2\/categories?post=20963"},{"taxonomy":"post_tag","embeddable":true,"href":"https:\/\/www.uta.cl\/index.php\/wp-json\/wp\/v2\/tags?post=20963"}],"curies":[{"name":"wp","href":"https:\/\/api.w.org\/{rel}","templated":true}]}}