{"id":20923,"date":"2019-09-12T21:56:45","date_gmt":"2019-09-12T21:56:45","guid":{"rendered":"https:\/\/www.uta.cl\/?p=20923"},"modified":"2019-09-12T22:10:25","modified_gmt":"2019-09-12T22:10:25","slug":"intendente-regional-roberto-erpel-visita-al-rector-de-la-universidad-de-tarapaca","status":"publish","type":"post","link":"https:\/\/www.uta.cl\/index.php\/2019\/09\/12\/intendente-regional-roberto-erpel-visita-al-rector-de-la-universidad-de-tarapaca\/","title":{"rendered":"Intendente Regional Roberto Erpel visita al Rector de la Universidad de Tarapac\u00e1"},"content":{"rendered":"\n<p>Reafirmando el compromiso\ninstitucional con la Regi\u00f3n de Arica y Parinacota, este jueves 11 de\nseptiembre, el nuevo intendente regional, Roberto Erpel Seguel, visit\u00f3 al\nRector de la Universidad de Tarapac\u00e1, Dr. Emilio Rodr\u00edguez Ponce, para entregar\nsu saludo protocolar.<\/p>\n\n\n\n<figure class=\"wp-block-image\"><img loading=\"lazy\" width=\"640\" height=\"318\" src=\"https:\/\/www.uta.cl\/wp-content\/uploads\/2019\/09\/IMG-7514.jpg\" alt=\"\" class=\"wp-image-20924\" srcset=\"https:\/\/www.uta.cl\/wp-content\/uploads\/2019\/09\/IMG-7514.jpg 640w, https:\/\/www.uta.cl\/wp-content\/uploads\/2019\/09\/IMG-7514-300x149.jpg 300w\" sizes=\"(max-width: 640px) 100vw, 640px\" \/><\/figure>\n\n\n\n<p>Durante\nel saludo protocolar, la nueva autoridad regional invit\u00f3 a la UTA a seguir\ntrabajando unidos por el desarrollo de la regi\u00f3n expresando que, \u201cquisimos venir a esta casa que tambi\u00e9n es de los\narique\u00f1os y parinacotenses a saludarlo. Creemos que ustedes son fundamentales\npara el crecimiento y desarrollo de nuestra regi\u00f3n. Esta Casa de Estudios\nSuperiores tiene grandes profesionales y realizan una serie de actividades que\njustamente apuntan en esta l\u00ednea, por ello los invito a trabajar de forma\ncolaborativa porque necesitamos que la gente sienta que estamos trabajando en\nforma unida. En este contexto, sabemos que vamos a contar con el marco de colaboraci\u00f3n\nde esta Universidad\u201d. <\/p>\n\n\n\n<div class=\"wp-block-image\"><figure class=\"alignleft is-resized\"><img loading=\"lazy\" src=\"https:\/\/www.uta.cl\/wp-content\/uploads\/2019\/09\/IMG-7513.jpg\" alt=\"\" class=\"wp-image-20927\" width=\"231\" height=\"279\" srcset=\"https:\/\/www.uta.cl\/wp-content\/uploads\/2019\/09\/IMG-7513.jpg 263w, https:\/\/www.uta.cl\/wp-content\/uploads\/2019\/09\/IMG-7513-248x300.jpg 248w\" sizes=\"(max-width: 231px) 100vw, 231px\" \/><\/figure><\/div>\n\n\n\n<p>En tanto, la m\u00e1xima autoridad universitaria felicit\u00f3 al\nreci\u00e9n asumido intendente, adem\u00e1s de expresar el compromiso de la UTA como\ninstituci\u00f3n p\u00fablica\ny del Estado para trabajar alineados con el Gobierno Regional y por lo tanto,\ncon la sociedad regional. \u201cValoramos muy significativamente el gesto del\nintendente de venir \u00e9l a la Universidad a saludar al rector como representante\nde nuestra Casa de Estudios Superiores. Valoramos muy positivamente sus\npalabras que muestran un compromiso con el desarrollo de la regi\u00f3n, pero\ntambi\u00e9n asignan a la Universidad un rol importante en ese desarrollo en\ndiversas materias. Creemos que es fundamental trabajar mancomunadamente de la\nmano con el gobierno regional que trabaja por el desarrollo y progreso de\ntodos, y por lo tanto, la Universidad de Tarapac\u00e1 debe ponerse al servicio de\nese desarrollo de la regi\u00f3n\u201d. <\/p>\n\n\n\n<p>Destac\u00f3 adem\u00e1s que es muy significativo tambi\u00e9n que el nuevo\nintendente sea una persona de la regi\u00f3n, quien adem\u00e1s ha realizado su\ntrayectoria profesional en esta zona, adem\u00e1s de ser una persona que conoce muy\nbien el \u00e1mbito de la educaci\u00f3n porque es un educador, ha trabajado tambi\u00e9n en gesti\u00f3n\nen el Consejo Regional y conoce lo que es la educaci\u00f3n\nsuperior, \u201cpor lo tanto creemos\nque es una persona conocedora del \u00e1mbito de la educaci\u00f3n, una persona con\narraigo regional, con experiencia en gesti\u00f3n en administraci\u00f3n y tenemos la convicci\u00f3n que va a ser muy exitosa\nsu labor\u201d. <\/p>\n\n\n\n<div class=\"wp-block-image\"><figure class=\"alignright\"><img loading=\"lazy\" width=\"336\" height=\"316\" src=\"https:\/\/www.uta.cl\/wp-content\/uploads\/2019\/09\/IMG-7515.jpg\" alt=\"\" class=\"wp-image-20928\" srcset=\"https:\/\/www.uta.cl\/wp-content\/uploads\/2019\/09\/IMG-7515.jpg 336w, https:\/\/www.uta.cl\/wp-content\/uploads\/2019\/09\/IMG-7515-300x282.jpg 300w\" sizes=\"(max-width: 336px) 100vw, 336px\" \/><\/figure><\/div>\n\n\n\n<p>En\nel encuentro, que se desarroll\u00f3 en la oficina del rector de la UTA, del campus\nVel\u00e1squez, se destac\u00f3 la importancia de trabajar de la mano en\nproyectos que son de gran aliento para el desarrollo regional como la Escuela\nde Medicina, proyecto cuya viabilidad no depende solo de la UTA, sino adem\u00e1s\ndebe ser considerado como un proyecto regional. Asimismo se convers\u00f3 sobre el\nrol que cumple la Universidad de Tarapac\u00e1 y su contribuci\u00f3n para apoyar\niniciativas de desarrollo tur\u00edstico y cultural a trav\u00e9s de la Cultura\nChinchorro, como es la iniciativa del Museo de la\nCultura Chinchorro.<\/p>\n","protected":false},"excerpt":{"rendered":"<p>Saludo protocolar permiti\u00f3 reafirmar el compromiso de la UTA con el desarrollo regional, adem\u00e1s de tratar temas como la Escuela de Medicina y el proyecto del Museo de la Cultura Chinchorro. <\/p>\n","protected":false},"author":1,"featured_media":20926,"comment_status":"open","ping_status":"open","sticky":false,"template":"","format":"standard","meta":[],"categories":[],"tags":[],"_links":{"self":[{"href":"https:\/\/www.uta.cl\/index.php\/wp-json\/wp\/v2\/posts\/20923"}],"collection":[{"href":"https:\/\/www.uta.cl\/index.php\/wp-json\/wp\/v2\/posts"}],"about":[{"href":"https:\/\/www.uta.cl\/index.php\/wp-json\/wp\/v2\/types\/post"}],"author":[{"embeddable":true,"href":"https:\/\/www.uta.cl\/index.php\/wp-json\/wp\/v2\/users\/1"}],"replies":[{"embeddable":true,"href":"https:\/\/www.uta.cl\/index.php\/wp-json\/wp\/v2\/comments?post=20923"}],"version-history":[{"count":2,"href":"https:\/\/www.uta.cl\/index.php\/wp-json\/wp\/v2\/posts\/20923\/revisions"}],"predecessor-version":[{"id":20929,"href":"https:\/\/www.uta.cl\/index.php\/wp-json\/wp\/v2\/posts\/20923\/revisions\/20929"}],"wp:featuredmedia":[{"embeddable":true,"href":"https:\/\/www.uta.cl\/index.php\/wp-json\/wp\/v2\/media\/20926"}],"wp:attachment":[{"href":"https:\/\/www.uta.cl\/index.php\/wp-json\/wp\/v2\/media?parent=20923"}],"wp:term":[{"taxonomy":"category","embeddable":true,"href":"https:\/\/www.uta.cl\/index.php\/wp-json\/wp\/v2\/categories?post=20923"},{"taxonomy":"post_tag","embeddable":true,"href":"https:\/\/www.uta.cl\/index.php\/wp-json\/wp\/v2\/tags?post=20923"}],"curies":[{"name":"wp","href":"https:\/\/api.w.org\/{rel}","templated":true}]}}