{"id":20884,"date":"2019-09-11T13:31:30","date_gmt":"2019-09-11T13:31:30","guid":{"rendered":"https:\/\/www.uta.cl\/?p=20884"},"modified":"2019-09-11T20:15:28","modified_gmt":"2019-09-11T20:15:28","slug":"compromiso-y-la-voluntad-para-alinearse-son-los-desafios-del-cuerpo-academico-del-departamento-de-idiomas-extranjeros","status":"publish","type":"post","link":"https:\/\/www.uta.cl\/index.php\/2019\/09\/11\/compromiso-y-la-voluntad-para-alinearse-son-los-desafios-del-cuerpo-academico-del-departamento-de-idiomas-extranjeros\/","title":{"rendered":"Compromiso y la voluntad para alinearse. Son los desaf\u00edos del cuerpo acad\u00e9mico del  Departamento de Idiomas Extranjeros"},"content":{"rendered":"\n<p>Ante la implementaci\u00f3n del proyecto de Fortalecimiento de las Universidades del Estado, que busca mejorar la calidad y fortalecer la capacidad institucional, entre otros aspectos, este jueves 05 de agosto, el Rector de la Universidad de Tarapac\u00e1, Dr. Emilio Rodr\u00edguez Ponce, sostuvo una importante y fruct\u00edfera reuni\u00f3n con los acad\u00e9micos del Departamento de Idiomas Extranjeros, con el prop\u00f3sito de informar sobre los desaf\u00edos mayores que debe enfrentar esta Casa de Estudios Superiores.<\/p>\n\n\n\n<figure class=\"wp-block-image\"><a href=\"https:\/\/www.uta.cl\/wp-content\/uploads\/2019\/09\/DSC_6029.jpg\"><img loading=\"lazy\" width=\"1000\" height=\"636\" src=\"https:\/\/www.uta.cl\/wp-content\/uploads\/2019\/09\/DSC_6029.jpg\" alt=\"\" class=\"wp-image-20885\" srcset=\"https:\/\/www.uta.cl\/wp-content\/uploads\/2019\/09\/DSC_6029.jpg 1000w, https:\/\/www.uta.cl\/wp-content\/uploads\/2019\/09\/DSC_6029-300x191.jpg 300w, https:\/\/www.uta.cl\/wp-content\/uploads\/2019\/09\/DSC_6029-768x488.jpg 768w\" sizes=\"(max-width: 1000px) 100vw, 1000px\" \/><\/a><\/figure>\n\n\n\n<p>En la reuni\u00f3n la m\u00e1xima autoridad universitaria detall\u00f3 que el gran desaf\u00edo de la Universidad est\u00e1 en lograr que una proporci\u00f3n importante del cuerpo acad\u00e9mico tenga el grado de doctos, obtener publicaciones con altos \u00edndices de impacto en Scopus y Wos; titulaci\u00f3n oportuna, acreditaci\u00f3n de doctorados, adem\u00e1s de mantener los est\u00e1ndares de acreditaci\u00f3n institucional y aumentar la retenci\u00f3n de tercer a\u00f1o.<\/p>\n\n\n\n<p>\u201cTodos\nestos aspectos son los lineamientos hacia donde van las exigencias en\nla educaci\u00f3n superior al 2030, aspectos que eval\u00faa el Fondo de\nReforzamiento y Fortalecimiento de las Universidades del Estado en un\ntrabajo conjunto, realizado el 2016, con el Banco Mundial y que hoy\nse est\u00e1 implementando\u201d, resalt\u00f3 el Rector Rodr\u00edguez Ponce\u201d.<\/p>\n\n\n\n<p>Tras\nel encuentro, el Rector de la UTA, expres\u00f3 que, \u201cel Departamento\nde Idiomas Extranjeros es una unidad que tiene un compromiso muy\nimportante con el desarrollo de la Universidad y una voluntad f\u00e9rrea\nde asumir los desaf\u00edos, alinearse y ajustar su propio\nperfeccionamiento, en la perspectiva de las nuevas exigencias que\ntenemos como sistema. En consecuencia, uno de los elementos\nfundamentales va a ser la obtenci\u00f3n del grado de doctor por el 100% \nde su cuerpo acad\u00e9mico, es un desaf\u00edo importante porque el n\u00facleo\ncentral del departamento est\u00e1 basado en una educaci\u00f3n de alta\ncalidad, y desde luego una titulaci\u00f3n oportuna con est\u00e1ndares altos\nde graduaci\u00f3n y de inserci\u00f3n en el mercado del trabajo\u201d. \n<\/p>\n\n\n\n<p>En\neste contexto, el Rector Rodr\u00edguez sostuvo que, \u201cen esta\noportunidad se sostuvo una reuni\u00f3n con foco en la docencia, en el\nperfeccionamiento de los acad\u00e9micos y tambi\u00e9n en responder algunos\nrequerimientos que son fundamentales para que esta unidad funcione\nbien, como laboratorios, equipamientos y mantenci\u00f3n de salas de\nclases, que son centrales para que todo esto se lleve a cabo. Destaco\nel compromiso, la voluntad para alinearse con los nuevos desaf\u00edos y\npara hacer un esfuerzo personal en t\u00e9rminos de perfeccionamiento y,\npara que la dotaci\u00f3n de nuevos recursos acad\u00e9micos est\u00e9 en l\u00ednea\ncon los altos est\u00e1ndares que hoy en d\u00eda debe enfrentar la\nUniversidad\u201d. \n<\/p>\n\n\n\n<p>Por\nsu parte, el Dr. Justo Gallardo Olcay, quien asumir\u00e1 como nuevo\ndirector del Departamento de Idiomas Extranjeros, se refiri\u00f3 a la\nreuni\u00f3n sostenida con el Rector de la UTA. \u201cFue un encuentro muy\nproductivo. Hemos tenido una conversaci\u00f3n con el Rector muy\ntransparente y eso nos deja muy contentos, adem\u00e1s dimos a conocer\nnuestras necesidades como departamento que permitir\u00e1 hacer una\ndocencia de mejor calidad, y a la vez, en mejores condiciones\u201d. \n<\/p>\n","protected":false},"excerpt":{"rendered":"<p>Destac\u00f3 el Rector de la Universidad de Tarapac\u00e1, al reunirse con los acad\u00e9micos de esta unidad acad\u00e9mica ante las nuevas exigencias que deben trabajarse en forma colectiva y articulada para enfrentar los nuevos desaf\u00edos que est\u00e1 asumiendo la UTA.<\/p>\n","protected":false},"author":1,"featured_media":20885,"comment_status":"open","ping_status":"open","sticky":false,"template":"","format":"standard","meta":[],"categories":[],"tags":[],"_links":{"self":[{"href":"https:\/\/www.uta.cl\/index.php\/wp-json\/wp\/v2\/posts\/20884"}],"collection":[{"href":"https:\/\/www.uta.cl\/index.php\/wp-json\/wp\/v2\/posts"}],"about":[{"href":"https:\/\/www.uta.cl\/index.php\/wp-json\/wp\/v2\/types\/post"}],"author":[{"embeddable":true,"href":"https:\/\/www.uta.cl\/index.php\/wp-json\/wp\/v2\/users\/1"}],"replies":[{"embeddable":true,"href":"https:\/\/www.uta.cl\/index.php\/wp-json\/wp\/v2\/comments?post=20884"}],"version-history":[{"count":2,"href":"https:\/\/www.uta.cl\/index.php\/wp-json\/wp\/v2\/posts\/20884\/revisions"}],"predecessor-version":[{"id":20919,"href":"https:\/\/www.uta.cl\/index.php\/wp-json\/wp\/v2\/posts\/20884\/revisions\/20919"}],"wp:featuredmedia":[{"embeddable":true,"href":"https:\/\/www.uta.cl\/index.php\/wp-json\/wp\/v2\/media\/20885"}],"wp:attachment":[{"href":"https:\/\/www.uta.cl\/index.php\/wp-json\/wp\/v2\/media?parent=20884"}],"wp:term":[{"taxonomy":"category","embeddable":true,"href":"https:\/\/www.uta.cl\/index.php\/wp-json\/wp\/v2\/categories?post=20884"},{"taxonomy":"post_tag","embeddable":true,"href":"https:\/\/www.uta.cl\/index.php\/wp-json\/wp\/v2\/tags?post=20884"}],"curies":[{"name":"wp","href":"https:\/\/api.w.org\/{rel}","templated":true}]}}