{"id":20873,"date":"2019-09-11T13:25:46","date_gmt":"2019-09-11T13:25:46","guid":{"rendered":"https:\/\/www.uta.cl\/?p=20873"},"modified":"2019-09-11T13:25:46","modified_gmt":"2019-09-11T13:25:46","slug":"universidad-de-tarapaca-titulo-a-13-egresados-de-la-carrera-de-agronomia","status":"publish","type":"post","link":"https:\/\/www.uta.cl\/index.php\/2019\/09\/11\/universidad-de-tarapaca-titulo-a-13-egresados-de-la-carrera-de-agronomia\/","title":{"rendered":"Universidad de Tarapac\u00e1 titul\u00f3 a 13 egresados de la carrera de Agronom\u00eda"},"content":{"rendered":"\n<p>En una solemne ceremonia realizada en el Aula Magna del Campus Vel\u00e1squez de la Universidad de Tarapac\u00e1, el viernes 6 de septiembre, 13 nuevos profesionales egresados recibieron sus t\u00edtulos y grados acad\u00e9micos de la carrera de agronom\u00eda de la Facultad de Ciencias Agron\u00f3micas.<\/p>\n\n\n\n<figure class=\"wp-block-image\"><a href=\"https:\/\/www.uta.cl\/wp-content\/uploads\/2019\/09\/fot-principal-nota.jpg\"><img loading=\"lazy\" width=\"1000\" height=\"584\" src=\"https:\/\/www.uta.cl\/wp-content\/uploads\/2019\/09\/fot-principal-nota.jpg\" alt=\"\" class=\"wp-image-20882\" srcset=\"https:\/\/www.uta.cl\/wp-content\/uploads\/2019\/09\/fot-principal-nota.jpg 1000w, https:\/\/www.uta.cl\/wp-content\/uploads\/2019\/09\/fot-principal-nota-300x175.jpg 300w, https:\/\/www.uta.cl\/wp-content\/uploads\/2019\/09\/fot-principal-nota-768x449.jpg 768w\" sizes=\"(max-width: 1000px) 100vw, 1000px\" \/><\/a><\/figure>\n\n\n\n<p>La\nceremonia estuvo encabezada por la Registradora Marlene Cisternas\nRiveros y la Decana de la Facultad de Ciencias Agron\u00f3micas, Dra.\nPilar Mazuela \u00c1guila, quienes estuvieron acompa\u00f1adas de acad\u00e9micos,\nfamiliares de los egresados e invitados especiales. \n<\/p>\n\n\n\n<p>\u201cEs\nun orgullo participar en la 15 actividad de titulaci\u00f3n de los\ningenieros agr\u00f3nomos de la Universidad de Tarapac\u00e1. Como ingenieros\nagr\u00f3nomos nuestra tarea es aprovechar los recursos naturales como\nsuelo, agua, radiaci\u00f3n solar y clima para la producci\u00f3n de plantas\ny para la alimentaci\u00f3n humana y animal. Es nuestro desaf\u00edo que cada\nsemilla alcance su potencial productivo sin l\u00edmite con las nuevas\ntecnolog\u00edas permiten que el clima y el suelo no sean un obst\u00e1culo\npara la producci\u00f3n vegetal\u201d. \n<\/p>\n\n\n\n<p>\u201cEn\nninguna parte del mundo encontrar\u00e1n a profesionales tan bien\npreparados para el cambio clim\u00e1tico como ustedes, durante su\nformaci\u00f3n profesional han desarrollado habilidades y destrezas para\nproducir con poca agua y mala calidad de los suelos, ustedes son el\nfuturo\u201d, concluy\u00f3 la decana de la Facultad de Ciencias\nAgron\u00f3micas.<\/p>\n\n\n\n<p>Como\nes tradicional, la ceremonia se inici\u00f3 con el instante de mayor\nconnotaci\u00f3n en la vida de todo profesional como es la toma del\njuramento de honor, acto encabezado por el Secretario (S) de la\nUniversidad, Eugenio Doussoulin Escobar, para luego proseguir con la\nentrega del t\u00edtulo a los mejores promedios de la carrera. En esta\noportunidad, los mejores alumnos fueron Mireya P\u00e9rez Cisterna y\nNicol\u00e1s Sanhueza Pe\u00f1aranda. \n<\/p>\n\n\n\n<p>Posteriormente,\nse hizo entrega de los t\u00edtulos a los alumnos: Naray\u00e1n Amstein\nLeuqu\u00e9n, Yissel Choque Condore, Ang\u00e9lica Flores Mamani, Carolina\nGajardo Melchor, Alexandra Gallardo Collao, Cecilia Ignacio Flores,\nRachel Jamett Rom\u00e1n, Joel Mery Esquivel, Sheyla Olivares Contreras,\nMichelle Ponce Rojas y Francisco Quequezana Blas. \n<\/p>\n\n\n\n<p>En\nrepresentaci\u00f3n de los egresados, las palabras de gratitud estuvieron\na cargo de la ingeniera agr\u00f3noma, Sheyla Olivares Contreras, quien\nexpres\u00f3 que, \u201cahora m\u00e1s que nunca, amemos nuestra profesi\u00f3n,\ncuidando a la naturaleza y ense\u00f1ando a las nuevas generaciones su\ndebido respeto hacia ella, ya que nos entrega toda la belleza de sus\npaisajes y nos nutre con sus innumerables recursos. Sin embargo, todo\nlo que nos da la naturaleza debe ser restituido con nuestras acciones\ny as\u00ed lograremos conseguir el equilibrio que nos mantiene a salvo de\nnuestra propia destrucci\u00f3n\u201d. \n<\/p>\n\n\n\n<p>Asimismo\ndestac\u00f3 el rol de sus profesores; \u201cquienes nos han guiado durante\ntodos estos a\u00f1os, nuestros mentores, aquellos que d\u00eda a d\u00eda\ncumplen su promesa de usar sus conocimientos para hacer de nosotros\nlos mejores profesionales, les agradezco mucho su dedicaci\u00f3n y\nespero que este no sea un adi\u00f3s, sino un hasta pronto\u201d.<\/p>\n\n\n\n<ul class=\"wp-block-gallery columns-3 is-cropped\"><li class=\"blocks-gallery-item\"><figure><a href=\"https:\/\/www.uta.cl\/wp-content\/uploads\/2019\/09\/000_DSC_6201-683x1024.jpg\"><img loading=\"lazy\" width=\"683\" height=\"1024\" src=\"https:\/\/www.uta.cl\/wp-content\/uploads\/2019\/09\/000_DSC_6201-683x1024.jpg\" alt=\"\" data-id=\"20881\" data-link=\"https:\/\/www.uta.cl\/?attachment_id=20881\" class=\"wp-image-20881\" srcset=\"https:\/\/www.uta.cl\/wp-content\/uploads\/2019\/09\/000_DSC_6201-683x1024.jpg 683w, https:\/\/www.uta.cl\/wp-content\/uploads\/2019\/09\/000_DSC_6201-200x300.jpg 200w, https:\/\/www.uta.cl\/wp-content\/uploads\/2019\/09\/000_DSC_6201-768x1152.jpg 768w, https:\/\/www.uta.cl\/wp-content\/uploads\/2019\/09\/000_DSC_6201.jpg 1000w\" sizes=\"(max-width: 683px) 100vw, 683px\" \/><\/a><\/figure><\/li><li class=\"blocks-gallery-item\"><figure><a href=\"https:\/\/www.uta.cl\/wp-content\/uploads\/2019\/09\/000_DSC_6199.jpg\"><img loading=\"lazy\" width=\"1000\" height=\"666\" src=\"https:\/\/www.uta.cl\/wp-content\/uploads\/2019\/09\/000_DSC_6199.jpg\" alt=\"\" data-id=\"20880\" data-link=\"https:\/\/www.uta.cl\/?attachment_id=20880\" class=\"wp-image-20880\" srcset=\"https:\/\/www.uta.cl\/wp-content\/uploads\/2019\/09\/000_DSC_6199.jpg 1000w, https:\/\/www.uta.cl\/wp-content\/uploads\/2019\/09\/000_DSC_6199-300x200.jpg 300w, https:\/\/www.uta.cl\/wp-content\/uploads\/2019\/09\/000_DSC_6199-768x511.jpg 768w\" sizes=\"(max-width: 1000px) 100vw, 1000px\" \/><\/a><\/figure><\/li><li class=\"blocks-gallery-item\"><figure><a href=\"https:\/\/www.uta.cl\/wp-content\/uploads\/2019\/09\/000_DSC_6197.jpg\"><img loading=\"lazy\" width=\"1000\" height=\"666\" src=\"https:\/\/www.uta.cl\/wp-content\/uploads\/2019\/09\/000_DSC_6197.jpg\" alt=\"\" data-id=\"20879\" data-link=\"https:\/\/www.uta.cl\/?attachment_id=20879\" class=\"wp-image-20879\" srcset=\"https:\/\/www.uta.cl\/wp-content\/uploads\/2019\/09\/000_DSC_6197.jpg 1000w, https:\/\/www.uta.cl\/wp-content\/uploads\/2019\/09\/000_DSC_6197-300x200.jpg 300w, https:\/\/www.uta.cl\/wp-content\/uploads\/2019\/09\/000_DSC_6197-768x511.jpg 768w\" sizes=\"(max-width: 1000px) 100vw, 1000px\" \/><\/a><\/figure><\/li><li class=\"blocks-gallery-item\"><figure><a href=\"https:\/\/www.uta.cl\/wp-content\/uploads\/2019\/09\/000_DSC_6196.jpg\"><img loading=\"lazy\" width=\"1000\" height=\"666\" src=\"https:\/\/www.uta.cl\/wp-content\/uploads\/2019\/09\/000_DSC_6196.jpg\" alt=\"\" data-id=\"20878\" data-link=\"https:\/\/www.uta.cl\/?attachment_id=20878\" class=\"wp-image-20878\" srcset=\"https:\/\/www.uta.cl\/wp-content\/uploads\/2019\/09\/000_DSC_6196.jpg 1000w, https:\/\/www.uta.cl\/wp-content\/uploads\/2019\/09\/000_DSC_6196-300x200.jpg 300w, https:\/\/www.uta.cl\/wp-content\/uploads\/2019\/09\/000_DSC_6196-768x511.jpg 768w\" sizes=\"(max-width: 1000px) 100vw, 1000px\" \/><\/a><\/figure><\/li><li class=\"blocks-gallery-item\"><figure><a href=\"https:\/\/www.uta.cl\/wp-content\/uploads\/2019\/09\/000_DSC_6194.jpg\"><img loading=\"lazy\" width=\"1000\" height=\"666\" src=\"https:\/\/www.uta.cl\/wp-content\/uploads\/2019\/09\/000_DSC_6194.jpg\" alt=\"\" data-id=\"20877\" data-link=\"https:\/\/www.uta.cl\/?attachment_id=20877\" class=\"wp-image-20877\" srcset=\"https:\/\/www.uta.cl\/wp-content\/uploads\/2019\/09\/000_DSC_6194.jpg 1000w, https:\/\/www.uta.cl\/wp-content\/uploads\/2019\/09\/000_DSC_6194-300x200.jpg 300w, https:\/\/www.uta.cl\/wp-content\/uploads\/2019\/09\/000_DSC_6194-768x511.jpg 768w\" sizes=\"(max-width: 1000px) 100vw, 1000px\" \/><\/a><\/figure><\/li><li class=\"blocks-gallery-item\"><figure><a href=\"https:\/\/www.uta.cl\/wp-content\/uploads\/2019\/09\/000_DSC_6188.jpg\"><img loading=\"lazy\" width=\"1000\" height=\"666\" src=\"https:\/\/www.uta.cl\/wp-content\/uploads\/2019\/09\/000_DSC_6188.jpg\" alt=\"\" data-id=\"20876\" data-link=\"https:\/\/www.uta.cl\/?attachment_id=20876\" class=\"wp-image-20876\" srcset=\"https:\/\/www.uta.cl\/wp-content\/uploads\/2019\/09\/000_DSC_6188.jpg 1000w, https:\/\/www.uta.cl\/wp-content\/uploads\/2019\/09\/000_DSC_6188-300x200.jpg 300w, https:\/\/www.uta.cl\/wp-content\/uploads\/2019\/09\/000_DSC_6188-768x511.jpg 768w\" sizes=\"(max-width: 1000px) 100vw, 1000px\" \/><\/a><\/figure><\/li><li class=\"blocks-gallery-item\"><figure><a href=\"https:\/\/www.uta.cl\/wp-content\/uploads\/2019\/09\/000_DSC_6177.jpg\"><img loading=\"lazy\" width=\"1000\" height=\"666\" src=\"https:\/\/www.uta.cl\/wp-content\/uploads\/2019\/09\/000_DSC_6177.jpg\" alt=\"\" data-id=\"20875\" data-link=\"https:\/\/www.uta.cl\/?attachment_id=20875\" class=\"wp-image-20875\" srcset=\"https:\/\/www.uta.cl\/wp-content\/uploads\/2019\/09\/000_DSC_6177.jpg 1000w, https:\/\/www.uta.cl\/wp-content\/uploads\/2019\/09\/000_DSC_6177-300x200.jpg 300w, https:\/\/www.uta.cl\/wp-content\/uploads\/2019\/09\/000_DSC_6177-768x511.jpg 768w\" sizes=\"(max-width: 1000px) 100vw, 1000px\" \/><\/a><\/figure><\/li><li class=\"blocks-gallery-item\"><figure><a href=\"https:\/\/www.uta.cl\/wp-content\/uploads\/2019\/09\/000_DSC_6164.jpg\"><img loading=\"lazy\" width=\"1000\" height=\"666\" src=\"https:\/\/www.uta.cl\/wp-content\/uploads\/2019\/09\/000_DSC_6164.jpg\" alt=\"\" data-id=\"20874\" data-link=\"https:\/\/www.uta.cl\/?attachment_id=20874\" class=\"wp-image-20874\" srcset=\"https:\/\/www.uta.cl\/wp-content\/uploads\/2019\/09\/000_DSC_6164.jpg 1000w, https:\/\/www.uta.cl\/wp-content\/uploads\/2019\/09\/000_DSC_6164-300x200.jpg 300w, https:\/\/www.uta.cl\/wp-content\/uploads\/2019\/09\/000_DSC_6164-768x511.jpg 768w\" sizes=\"(max-width: 1000px) 100vw, 1000px\" \/><\/a><\/figure><\/li><\/ul>\n","protected":false},"excerpt":{"rendered":"<p>Emotiva ceremonia cont\u00f3 con la presencia de autoridades universitarias, acad\u00e9micos, familiares de los egresados e invitados especiales.<\/p>\n","protected":false},"author":1,"featured_media":20882,"comment_status":"open","ping_status":"open","sticky":false,"template":"","format":"standard","meta":[],"categories":[],"tags":[],"_links":{"self":[{"href":"https:\/\/www.uta.cl\/index.php\/wp-json\/wp\/v2\/posts\/20873"}],"collection":[{"href":"https:\/\/www.uta.cl\/index.php\/wp-json\/wp\/v2\/posts"}],"about":[{"href":"https:\/\/www.uta.cl\/index.php\/wp-json\/wp\/v2\/types\/post"}],"author":[{"embeddable":true,"href":"https:\/\/www.uta.cl\/index.php\/wp-json\/wp\/v2\/users\/1"}],"replies":[{"embeddable":true,"href":"https:\/\/www.uta.cl\/index.php\/wp-json\/wp\/v2\/comments?post=20873"}],"version-history":[{"count":1,"href":"https:\/\/www.uta.cl\/index.php\/wp-json\/wp\/v2\/posts\/20873\/revisions"}],"predecessor-version":[{"id":20883,"href":"https:\/\/www.uta.cl\/index.php\/wp-json\/wp\/v2\/posts\/20873\/revisions\/20883"}],"wp:featuredmedia":[{"embeddable":true,"href":"https:\/\/www.uta.cl\/index.php\/wp-json\/wp\/v2\/media\/20882"}],"wp:attachment":[{"href":"https:\/\/www.uta.cl\/index.php\/wp-json\/wp\/v2\/media?parent=20873"}],"wp:term":[{"taxonomy":"category","embeddable":true,"href":"https:\/\/www.uta.cl\/index.php\/wp-json\/wp\/v2\/categories?post=20873"},{"taxonomy":"post_tag","embeddable":true,"href":"https:\/\/www.uta.cl\/index.php\/wp-json\/wp\/v2\/tags?post=20873"}],"curies":[{"name":"wp","href":"https:\/\/api.w.org\/{rel}","templated":true}]}}