{"id":20851,"date":"2019-09-06T20:43:41","date_gmt":"2019-09-06T20:43:41","guid":{"rendered":"https:\/\/www.uta.cl\/?p=20851"},"modified":"2019-09-06T20:43:41","modified_gmt":"2019-09-06T20:43:41","slug":"mas-de-400-personas-participaron-en-el-vi-congreso-internacional-de-derecho-indigena","status":"publish","type":"post","link":"https:\/\/www.uta.cl\/index.php\/2019\/09\/06\/mas-de-400-personas-participaron-en-el-vi-congreso-internacional-de-derecho-indigena\/","title":{"rendered":"M\u00e1s de 400 personas participaron en el VI Congreso Internacional de Derecho Ind\u00edgena"},"content":{"rendered":"\n<p>Dotar de nuevos conocimientos el debate en torno a los derechos de pueblos originarios en Chile fue el objetivo del multitudinario Congreso Internacional de Derecho Ind\u00edgena 2019, que en su sexta versi\u00f3n reuni\u00f3 en Iquique a m\u00e1s de cuatro centenas de personas por jornada, durante los d\u00edas 4 y 5 de septiembre.   <\/p>\n\n\n\n<figure class=\"wp-block-image\"><a href=\"https:\/\/www.uta.cl\/wp-content\/uploads\/2019\/09\/congresoautoridades.jpeg\"><img loading=\"lazy\" width=\"1000\" height=\"666\" src=\"https:\/\/www.uta.cl\/wp-content\/uploads\/2019\/09\/congresoautoridades.jpeg\" alt=\"\" class=\"wp-image-20854\" srcset=\"https:\/\/www.uta.cl\/wp-content\/uploads\/2019\/09\/congresoautoridades.jpeg 1000w, https:\/\/www.uta.cl\/wp-content\/uploads\/2019\/09\/congresoautoridades-300x200.jpeg 300w, https:\/\/www.uta.cl\/wp-content\/uploads\/2019\/09\/congresoautoridades-768x511.jpeg 768w\" sizes=\"(max-width: 1000px) 100vw, 1000px\" \/><\/a><\/figure>\n\n\n\n<p>En\nla ceremonia inaugural, l\u00edderes ind\u00edgenas realizaron una\ntradicional Pawha para la bonanza de la actividad \u2013as\u00ed como bailes\nde cachimbo y cueca nortina\u2013, donde participaron las principales\nautoridades presentes en el lugar, como el Vicerrector Acad\u00e9mico de\nla UTA, Dr. Alfonso D\u00edaz, quien resalt\u00f3 la importancia de crear\nespacios de estudios y difusi\u00f3n. \u201cEl hecho de que esta sea la\nsexta versi\u00f3n del congreso indica la importancia del derecho\nind\u00edgena, es un tema que debemos seguir desarrollando hacia futuro,\ndebemos seguir avanzado, hay temas pendientes sobre todo en los\nestudios y la pr\u00e1ctica, por lo tanto, seguramente se vendr\u00e1n\npr\u00f3ximas versiones\u201d.<\/p>\n\n\n\n<p>La\nprimera exposici\u00f3n fue la clase magistral \u201cDerechos Humanos,\nderechos ind\u00edgenas, derechos campesinos\u201d, dictada por el abogado\nBartolom\u00e9 Clavero, quien abri\u00f3 el Congreso Internacional de Derecho\nInd\u00edgena 2019 con un sal\u00f3n con ocupaci\u00f3n completa, que consider\u00f3\ncon atenci\u00f3n la charla enfocada en aclarar tem\u00e1ticas legales\nmanejadas por el experto y colaborador con el Alto Comisionado para\nlos Derechos Humanos de las Naciones Unidas. \n<\/p>\n\n\n\n<p>Adem\u00e1s\nde dar a conocer la base de los derechos humanos, la realidad\ninternacional, los cambios hacia los derechos ind\u00edgenas, el doctor\nen derecho de la Universidad de Sevilla, Espa\u00f1a, indic\u00f3 que \u201cel\ncambio marcado en Chile se ha producido en los \u00faltimos 20 a\u00f1os, los\npueblos ind\u00edgenas no ten\u00edan presencia p\u00fablica a nivel de Estados,\ntampoco internacional. Actualmente, para muchos efectos, aunque no\nson todos justos, los procedimientos internacionales deben contar con\nla presencia ind\u00edgena\u201d. \n<\/p>\n\n\n\n<p>Por\nsu parte, Eleodoro Moscoso, Subdirector Nacional Norte de CONADI, se\nrefiri\u00f3 a la convocatoria que asisti\u00f3 al congreso. \u201cEsto habla\ndel gran inter\u00e9s que tiene la sociedad civil y eso es importante,\nsobre todo vi mucha juventud, quienes son los futuros l\u00edderes, son\nlos que van a transmitir estas metodolog\u00edas que van recibir de\ngrandes panelistas. Agradezco y felicito a los funcionarios de CONADI\ny de la UTA por la organizaci\u00f3n de este evento relevante para la\nregi\u00f3n y el pa\u00eds\u201d. \n<\/p>\n\n\n\n<p>P\u00daBLICO\nASISTENTE \n<\/p>\n\n\n\n<p>El\nsal\u00f3n principal de Espacio OX, recibi\u00f3 a m\u00e1s de 350 personas en\nlas sillas disponibles, en tanto, los pasillos y espacios sobrantes\nfueron ocupados por las personas que de pie y con gran inter\u00e9s se\ninscribieron y participaron del evento de importancia intelectual. \n<\/p>\n\n\n\n<p>Uno\nde los relatos m\u00e1s significativos fue el de Ana Patricia Corail,\nperteneciente a la comunidad de Chusmiza y Usmagama: \u201ceste congreso\nme ha sorprendido y estoy muy contenta, yo asist\u00ed a la primera\nversi\u00f3n, que se realiz\u00f3 en un sal\u00f3n de la Seremi de Educaci\u00f3n y\nno \u00e9ramos m\u00e1s de 30 personas adultas, pero en esta ocasi\u00f3n he\nvisto mucha gente joven, siento que est\u00e1n despertando y se interesan\npor conocer m\u00e1s sobre sus derechos; algo muy importante es el cambio\nclim\u00e1tico, la protecci\u00f3n a la Pachamama y tenemos que empezar a\ntomar conciencia y que mejor que los j\u00f3venes que son el futuro del\nterritorio\u201d. \n<\/p>\n\n\n\n<p>En\ncontraste, la dirigente del pueblo de Sibaya, Marta Hidalgo, dijo que\nesta era la primera vez que asiste a la actividad: \u201cvengo a\naprender para reforzar nuestra identidad, para tomar conocimiento\npara poder defendernos ante las posibles agresiones que podamos\nsufrir los pueblos originarios, en las reuniones mensuales que se\nrealizan en el pueblo de Sibaya transmitimos esta informaci\u00f3n e\nintentamos nutrir a la comunidad sobre lo que hemos aprendido\u201d. \n<\/p>\n\n\n\n<ul class=\"wp-block-gallery columns-3 is-cropped\"><li class=\"blocks-gallery-item\"><figure><a href=\"https:\/\/www.uta.cl\/wp-content\/uploads\/2019\/09\/Congreso3.jpeg\"><img loading=\"lazy\" width=\"666\" height=\"1000\" src=\"https:\/\/www.uta.cl\/wp-content\/uploads\/2019\/09\/Congreso3.jpeg\" alt=\"\" data-id=\"20855\" data-link=\"https:\/\/www.uta.cl\/?attachment_id=20855\" class=\"wp-image-20855\" srcset=\"https:\/\/www.uta.cl\/wp-content\/uploads\/2019\/09\/Congreso3.jpeg 666w, https:\/\/www.uta.cl\/wp-content\/uploads\/2019\/09\/Congreso3-200x300.jpeg 200w\" sizes=\"(max-width: 666px) 100vw, 666px\" \/><\/a><\/figure><\/li><li class=\"blocks-gallery-item\"><figure><a href=\"https:\/\/www.uta.cl\/wp-content\/uploads\/2019\/09\/congresoautoridades.jpeg\"><img loading=\"lazy\" width=\"1000\" height=\"666\" src=\"https:\/\/www.uta.cl\/wp-content\/uploads\/2019\/09\/congresoautoridades.jpeg\" alt=\"\" data-id=\"20854\" data-link=\"https:\/\/www.uta.cl\/?attachment_id=20854\" class=\"wp-image-20854\" srcset=\"https:\/\/www.uta.cl\/wp-content\/uploads\/2019\/09\/congresoautoridades.jpeg 1000w, https:\/\/www.uta.cl\/wp-content\/uploads\/2019\/09\/congresoautoridades-300x200.jpeg 300w, https:\/\/www.uta.cl\/wp-content\/uploads\/2019\/09\/congresoautoridades-768x511.jpeg 768w\" sizes=\"(max-width: 1000px) 100vw, 1000px\" \/><\/a><\/figure><\/li><li class=\"blocks-gallery-item\"><figure><a href=\"https:\/\/www.uta.cl\/wp-content\/uploads\/2019\/09\/congreso2.jpeg\"><img loading=\"lazy\" width=\"1000\" height=\"666\" src=\"https:\/\/www.uta.cl\/wp-content\/uploads\/2019\/09\/congreso2.jpeg\" alt=\"\" data-id=\"20853\" data-link=\"https:\/\/www.uta.cl\/?attachment_id=20853\" class=\"wp-image-20853\" srcset=\"https:\/\/www.uta.cl\/wp-content\/uploads\/2019\/09\/congreso2.jpeg 1000w, https:\/\/www.uta.cl\/wp-content\/uploads\/2019\/09\/congreso2-300x200.jpeg 300w, https:\/\/www.uta.cl\/wp-content\/uploads\/2019\/09\/congreso2-768x511.jpeg 768w\" sizes=\"(max-width: 1000px) 100vw, 1000px\" \/><\/a><\/figure><\/li><li class=\"blocks-gallery-item\"><figure><a href=\"https:\/\/www.uta.cl\/wp-content\/uploads\/2019\/09\/congreso1.jpeg\"><img loading=\"lazy\" width=\"1000\" height=\"666\" src=\"https:\/\/www.uta.cl\/wp-content\/uploads\/2019\/09\/congreso1.jpeg\" alt=\"\" data-id=\"20852\" data-link=\"https:\/\/www.uta.cl\/?attachment_id=20852\" class=\"wp-image-20852\" srcset=\"https:\/\/www.uta.cl\/wp-content\/uploads\/2019\/09\/congreso1.jpeg 1000w, https:\/\/www.uta.cl\/wp-content\/uploads\/2019\/09\/congreso1-300x200.jpeg 300w, https:\/\/www.uta.cl\/wp-content\/uploads\/2019\/09\/congreso1-768x511.jpeg 768w\" sizes=\"(max-width: 1000px) 100vw, 1000px\" \/><\/a><\/figure><\/li><\/ul>\n","protected":false},"excerpt":{"rendered":"<p>Organizada por la Universidad de Tarapac\u00e1 (UTA) y la Corporaci\u00f3n Nacional de Desarrollo Ind\u00edgena (Conadi) Subdirecci\u00f3n Norte, la actividad cont\u00f3 con la presencia de expertos \u2013nacionales y extranjeros\u2013 en materia jur\u00eddica.<\/p>\n","protected":false},"author":1,"featured_media":20854,"comment_status":"open","ping_status":"open","sticky":false,"template":"","format":"standard","meta":[],"categories":[51],"tags":[],"_links":{"self":[{"href":"https:\/\/www.uta.cl\/index.php\/wp-json\/wp\/v2\/posts\/20851"}],"collection":[{"href":"https:\/\/www.uta.cl\/index.php\/wp-json\/wp\/v2\/posts"}],"about":[{"href":"https:\/\/www.uta.cl\/index.php\/wp-json\/wp\/v2\/types\/post"}],"author":[{"embeddable":true,"href":"https:\/\/www.uta.cl\/index.php\/wp-json\/wp\/v2\/users\/1"}],"replies":[{"embeddable":true,"href":"https:\/\/www.uta.cl\/index.php\/wp-json\/wp\/v2\/comments?post=20851"}],"version-history":[{"count":1,"href":"https:\/\/www.uta.cl\/index.php\/wp-json\/wp\/v2\/posts\/20851\/revisions"}],"predecessor-version":[{"id":20856,"href":"https:\/\/www.uta.cl\/index.php\/wp-json\/wp\/v2\/posts\/20851\/revisions\/20856"}],"wp:featuredmedia":[{"embeddable":true,"href":"https:\/\/www.uta.cl\/index.php\/wp-json\/wp\/v2\/media\/20854"}],"wp:attachment":[{"href":"https:\/\/www.uta.cl\/index.php\/wp-json\/wp\/v2\/media?parent=20851"}],"wp:term":[{"taxonomy":"category","embeddable":true,"href":"https:\/\/www.uta.cl\/index.php\/wp-json\/wp\/v2\/categories?post=20851"},{"taxonomy":"post_tag","embeddable":true,"href":"https:\/\/www.uta.cl\/index.php\/wp-json\/wp\/v2\/tags?post=20851"}],"curies":[{"name":"wp","href":"https:\/\/api.w.org\/{rel}","templated":true}]}}