{"id":20807,"date":"2019-09-04T17:14:23","date_gmt":"2019-09-04T17:14:23","guid":{"rendered":"https:\/\/www.uta.cl\/?p=20807"},"modified":"2019-09-04T17:14:23","modified_gmt":"2019-09-04T17:14:23","slug":"importante-presentacion-del-rector-dr-emilio-rodriguez-ponce-en-la-comision-de-zonas-de-extremas-del-senado","status":"publish","type":"post","link":"https:\/\/www.uta.cl\/index.php\/2019\/09\/04\/importante-presentacion-del-rector-dr-emilio-rodriguez-ponce-en-la-comision-de-zonas-de-extremas-del-senado\/","title":{"rendered":"IMPORTANTE PRESENTACI\u00d3N DEL RECTOR DR. EMILIO RODR\u00cdGUEZ PONCE, EN LA COMISI\u00d3N DE ZONAS DE EXTREMAS DEL SENADO"},"content":{"rendered":"\n<p>La Comisi\u00f3n de Zonas Extremas del Senado sesion\u00f3 este lunes 2 de septiembre en la ciudad de Santiago, con la participaci\u00f3n de los Rectores de la Universidad de Tarapac\u00e1 y de Magallanes, para evaluar las posibilidades y dificultades para el desarrollo de estas casas de estudios superiores que funcionan en los extremos norte y sur del pa\u00eds.<\/p>\n\n\n\n<figure class=\"wp-block-image\"><a href=\"https:\/\/www.uta.cl\/wp-content\/uploads\/2019\/09\/PHOTO-2019-09-04-09-04-43.jpg\"><img loading=\"lazy\" width=\"1000\" height=\"750\" src=\"https:\/\/www.uta.cl\/wp-content\/uploads\/2019\/09\/PHOTO-2019-09-04-09-04-43.jpg\" alt=\"\" class=\"wp-image-20808\" srcset=\"https:\/\/www.uta.cl\/wp-content\/uploads\/2019\/09\/PHOTO-2019-09-04-09-04-43.jpg 1000w, https:\/\/www.uta.cl\/wp-content\/uploads\/2019\/09\/PHOTO-2019-09-04-09-04-43-300x225.jpg 300w, https:\/\/www.uta.cl\/wp-content\/uploads\/2019\/09\/PHOTO-2019-09-04-09-04-43-768x576.jpg 768w\" sizes=\"(max-width: 1000px) 100vw, 1000px\" \/><\/a><\/figure>\n\n\n\n<p>El\nRector Rodr\u00edguez present\u00f3 un conjunto de ideas que dieron cuenta\ndel \u00e9xito del posicionamiento que ha ido consiguiendo la Universidad\nde Tarapac\u00e1 en Chile, tomando el contexto de su ubicaci\u00f3n y\nfuncionamiento en una zona extrema. Asimismo, destac\u00f3 la diversidad\nde la comunidad universitaria, y los resultados que la instituci\u00f3n\nha alcanzado en su acreditaci\u00f3n por 5 a\u00f1os y en 4 \u00e1reas desde el\na\u00f1o 2007. El nivel de publicaciones y proyectos generados que la\nubican entre las entidades con mayor productividad acad\u00e9mica de\nChile, su incorporaci\u00f3n entre las mejores universidades de la naci\u00f3n\nen los rankings del Mercurio y a nivel mundial en el ranking de Times\nHigher Education, que posicionan a la UTA  entre las mejores\nUniversidades de Latinoam\u00e9rica. Todo lo logrado, adem\u00e1s, ha sido\nposible en un contexto de funcionar en el extremo norte del pa\u00eds.<\/p>\n\n\n\n<p>Asimismo\nen su presentaci\u00f3n el Dr. Rodr\u00edguez Ponce se\u00f1al\u00f3: \u201cLas\nuniversidades de zonas extremas debemos competir en condiciones de\ndesventaja natural, en un sector en donde la l\u00f3gica mercado no\nfunciona por las imperfecciones propias del campo de la educaci\u00f3n\nsuperior, las rigideces e indivisibilidad de algunas funciones y\nrecursos, los costos de transacci\u00f3n y de movilidad de los recursos y\ncapacidades\u201d. \n<\/p>\n\n\n\n<p>Bajo\nesta perspectiva el Rector de la Universidad de Tarapac\u00e1, plante\u00f3\nla necesidad que: \u201cel Estado deber\u00eda reconocer que los\nfuncionarios de las universidades de zonas extremas tienen derecho a\nzona y deber\u00eda ser el Estado quien pagase estos montos y no las\ninstituciones que ven gravados sus presupuestos para cumplir con lo\nque deber\u00eda ser un derecho igualitario para todos los funcionarios\np\u00fablicos. Nosotros hemos pagado $ 4 mil millones s\u00f3lo en el a\u00f1o\n2018 por este concepto\u201d. Rodr\u00edguez agreg\u00f3: \u201cPor lo dem\u00e1s, en\nmateria de aranceles regulados dadas las imperfecciones del mercado y\nel hecho objetivo de operar en zona extrema, la definici\u00f3n de montos\ndeber\u00eda considerar esta situaci\u00f3n incorporando un valor adicional\npor este concepto\u201d. Finalmente el Rector Rodr\u00edguez Ponce, explic\u00f3\na la Comisi\u00f3n el retroceso que implicar\u00eda para la Regi\u00f3n el\nretraso de la ejecuci\u00f3n del Museo de la Cultura Chinchorro.<\/p>\n\n\n\n<p>Ambos\nSenadores de la Regi\u00f3n, Jos\u00e9 Miguel Insulza y Jos\u00e9 Miguel Durana\ntuvieron una destacada participaci\u00f3n y apoyaron expl\u00edcitamente la\npresentaci\u00f3n del Rector de la Universidad de Tarapac\u00e1, logrando que\npor unanimidad los puntos planteados fueran oficiados a los\nMinisterios de Hacienda y Educaci\u00f3n en el caso de la asignaci\u00f3n de\nzona y aranceles regulados, y al Ministerio de Obras P\u00fablicas en el\ncaso de la situaci\u00f3n del Museo Chinchorro.<\/p>\n","protected":false},"excerpt":{"rendered":"<p>La Comisi\u00f3n de Zonas Extremas del Senado sesion\u00f3 este lunes 2 de septiembre en la ciudad de Santiago, con la participaci\u00f3n de los Rectores de la Universidad de Tarapac\u00e1 y de Magallanes, para evaluar las posibilidades y dificultades para el desarrollo de estas casas de estudios superiores que funcionan en los extremos norte y sur [&hellip;]<\/p>\n","protected":false},"author":1,"featured_media":20808,"comment_status":"open","ping_status":"open","sticky":false,"template":"","format":"standard","meta":[],"categories":[],"tags":[],"_links":{"self":[{"href":"https:\/\/www.uta.cl\/index.php\/wp-json\/wp\/v2\/posts\/20807"}],"collection":[{"href":"https:\/\/www.uta.cl\/index.php\/wp-json\/wp\/v2\/posts"}],"about":[{"href":"https:\/\/www.uta.cl\/index.php\/wp-json\/wp\/v2\/types\/post"}],"author":[{"embeddable":true,"href":"https:\/\/www.uta.cl\/index.php\/wp-json\/wp\/v2\/users\/1"}],"replies":[{"embeddable":true,"href":"https:\/\/www.uta.cl\/index.php\/wp-json\/wp\/v2\/comments?post=20807"}],"version-history":[{"count":1,"href":"https:\/\/www.uta.cl\/index.php\/wp-json\/wp\/v2\/posts\/20807\/revisions"}],"predecessor-version":[{"id":20809,"href":"https:\/\/www.uta.cl\/index.php\/wp-json\/wp\/v2\/posts\/20807\/revisions\/20809"}],"wp:featuredmedia":[{"embeddable":true,"href":"https:\/\/www.uta.cl\/index.php\/wp-json\/wp\/v2\/media\/20808"}],"wp:attachment":[{"href":"https:\/\/www.uta.cl\/index.php\/wp-json\/wp\/v2\/media?parent=20807"}],"wp:term":[{"taxonomy":"category","embeddable":true,"href":"https:\/\/www.uta.cl\/index.php\/wp-json\/wp\/v2\/categories?post=20807"},{"taxonomy":"post_tag","embeddable":true,"href":"https:\/\/www.uta.cl\/index.php\/wp-json\/wp\/v2\/tags?post=20807"}],"curies":[{"name":"wp","href":"https:\/\/api.w.org\/{rel}","templated":true}]}}