{"id":20759,"date":"2019-09-03T14:55:53","date_gmt":"2019-09-03T14:55:53","guid":{"rendered":"https:\/\/www.uta.cl\/?p=20759"},"modified":"2021-08-10T14:55:09","modified_gmt":"2021-08-10T14:55:09","slug":"carrera-de-medicina-de-la-uta-inviste-a-33-futuros-medicos","status":"publish","type":"post","link":"https:\/\/www.uta.cl\/index.php\/2019\/09\/03\/carrera-de-medicina-de-la-uta-inviste-a-33-futuros-medicos\/","title":{"rendered":"Carrera de Medicina de la UTA inviste a 33 futuros m\u00e9dicos"},"content":{"rendered":"\n<p>El encargado de iniciar la ceremonia fue el Vicerrector Acad\u00e9mico, Dr. Alfonso D\u00edaz Aguad, quien felicit\u00f3 a los alumnos expresando que, \u201cpara la Universidad de Tarapac\u00e1 es muy importante esta ceremonia siendo fundamental esta etapa en la formaci\u00f3n como futuros m\u00e9dicos, especialmente porque ustedes empiezan a realizar sus primeras pr\u00e1cticas, donde conocer\u00e1n la realidad aplicando todos sus conocimientos aprendidos te\u00f3ricamente\u201d.<\/p>\n\n\n\n<figure class=\"wp-block-image\"><a href=\"https:\/\/www.uta.cl\/wp-content\/uploads\/2019\/09\/000_foto-principal-de-nota.jpg\"><img loading=\"lazy\" width=\"1000\" height=\"668\" src=\"https:\/\/www.uta.cl\/wp-content\/uploads\/2019\/09\/000_foto-principal-de-nota.jpg\" alt=\"\" class=\"wp-image-20770\" srcset=\"https:\/\/www.uta.cl\/wp-content\/uploads\/2019\/09\/000_foto-principal-de-nota.jpg 1000w, https:\/\/www.uta.cl\/wp-content\/uploads\/2019\/09\/000_foto-principal-de-nota-300x200.jpg 300w, https:\/\/www.uta.cl\/wp-content\/uploads\/2019\/09\/000_foto-principal-de-nota-768x513.jpg 768w\" sizes=\"(max-width: 1000px) 100vw, 1000px\" \/><\/a><\/figure>\n\n\n\n<p>Agreg\u00f3\nque, \u201cLa UTA reconoce esta ceremonia como una etapa importante en\nla formaci\u00f3n de nuestros estudiantes. Los felicito a todos ustedes\npor llegar a esta etapa. Ustedes adem\u00e1s son alumnos seleccionados y\ncon excelentes puntajes, siendo as\u00ed una carrera fundamental para\nnuestra. Agradecemos a cada uno de ustedes por haber llegado a esta\netapa, haber seleccionado a nuestra Universidad y agradecer a todo el\ncuerpo de acad\u00e9micos por tener esta importante misi\u00f3n de formar a\nnuestros futuros m\u00e9dicos, que esperamos en el futuro, se queden en\nnuestra regi\u00f3n y que aporten al desarrollo de la salud de nuestra\nRegi\u00f3n de Arica y Parinacota\u201d, concluy\u00f3 el Vicerrector Acad\u00e9mico.<\/p>\n\n\n\n<p>Tras\nlas palabras de la autoridad universitaria, la Jefa de Carrera de\nMedicina, Dra.\nAdriana\nSapiro Santalla, se\u00f1al\u00f3: \u201cen\nel d\u00eda de hoy se conmemora un paso trascendental en la carrera de\nMedicina, los alumnos de tercer a\u00f1o pasaron del aula a las pr\u00e1cticas\ncl\u00ednicas. Los acad\u00e9micos de esta carrera nos sentimos honrados y\nemocionados en acompa\u00f1ar el crecimiento profesional de cada uno de\nlos estudiantes, ponemos todos nuestros conocimientos, energ\u00eda y\ncari\u00f1o para lograr el mayor \u00e9xito al egreso de la carrera de\nMedicina\u201d. \n<\/p>\n\n\n\n<p>A\ncontinuaci\u00f3n, la ceremonia prosigui\u00f3 con la investidura de los 33\nalumnos ingreso 2017, con la entrega de sus fonendos y libretas\nm\u00e9dicas de manos de la Jefa de Carrera, Dra. Adriana Sapiro\nSantalla, quien los recibi\u00f3 y acompa\u00f1\u00f3 durante sus primeros a\u00f1os\nde estudios.  \n<\/p>\n\n\n\n<p>Luego\nlos alumnos Yasna Saldivia Araya y Juan Paredes Tarifa, entregaron\nsus palabras en este d\u00eda tan importante y que representa el cambio\nde ciclo formativo de los alumnos que han cursado sus primeros a\u00f1os\nen ciencias b\u00e1sicas y que desde hoy ponen en pr\u00e1ctica sus\nconocimientos. \n<\/p>\n\n\n\n<p>\u201cEsta\nTarde celebramos con alegr\u00eda uno de los momentos m\u00e1s especiales\ndentro de nuestra larga formaci\u00f3n como estudiantes y futuros\nm\u00e9dicos. En esta nueva etapa, despu\u00e9s de dos a\u00f1os de ardua\npreparaci\u00f3n hemos salido de nuestra aula e ingresamos a los campos\ncl\u00ednicos para interactuar, por primera vez, con nuestros pacientes.\nDe esta manera comenzamos a conocer las necesidades de la comunidad\narique\u00f1a con respecto a la salud y enfermedad\u201d, destac\u00f3 Juan\nParedes.  \n<\/p>\n\n\n\n<p>\u201cPortar\nnuestro delantal blanco no solo es una gran responsabilidad sino que\nes tambi\u00e9n, un orgullo tanto de nosotros como de nuestros seres\nqueridos. Agradecemos sinceramente a quienes nos gu\u00edan y apoyan d\u00eda\na d\u00eda, mientras avanzamos por este camino, a los acad\u00e9micos de\ntodos estos a\u00f1os, m\u00e9dicos tutores, secretarias y personal auxiliar.\nTambi\u00e9n agradecemos a nuestras familias, quienes nos apoyan en\npersona o a la distancia, d\u00e1ndonos el cari\u00f1o y alent\u00e1ndonos a dar\nlo mejor de nosotros\u201d, indic\u00f3, Yasna Saldivia. \n<\/p>\n\n\n\n<p>En\nel marco de este solemne acto, se realiz\u00f3 adem\u00e1s la premiaci\u00f3n al\nganador del concurso \u201cUn logo para la carrera de Medicina\u201d,\nrealizado durante el mes de julio, donde los estudiantes de la\ncarrera dise\u00f1aron un logo representativo respecto a lo qu\u00e9\nsignifica Medicina en nuestra Regi\u00f3n de Arica y Parinacota. La\nelecci\u00f3n estuvo a cargo del cuerpo de acad\u00e9micos quienes, en esta\noportunidad, seleccionaron como ganador al alumno de cuarto a\u00f1o de\nMedicina, Yerko Reyes.<\/p>\n\n\n\n<figure class=\"wp-block-gallery columns-3 is-cropped\"><ul class=\"blocks-gallery-grid\"><li class=\"blocks-gallery-item\"><figure><img loading=\"lazy\" width=\"1000\" height=\"666\" src=\"https:\/\/www.uta.cl\/wp-content\/uploads\/2019\/09\/000_DSC_5869.jpg\" alt=\"\" data-id=\"20769\" data-link=\"https:\/\/www.uta.cl\/?attachment_id=20769\" class=\"wp-image-20769\" srcset=\"https:\/\/www.uta.cl\/wp-content\/uploads\/2019\/09\/000_DSC_5869.jpg 1000w, https:\/\/www.uta.cl\/wp-content\/uploads\/2019\/09\/000_DSC_5869-300x200.jpg 300w, https:\/\/www.uta.cl\/wp-content\/uploads\/2019\/09\/000_DSC_5869-768x511.jpg 768w\" sizes=\"(max-width: 1000px) 100vw, 1000px\" \/><\/figure><\/li><li class=\"blocks-gallery-item\"><figure><img loading=\"lazy\" width=\"1000\" height=\"666\" src=\"https:\/\/www.uta.cl\/wp-content\/uploads\/2019\/09\/000_DSC_5851.jpg\" alt=\"\" data-id=\"20768\" data-link=\"https:\/\/www.uta.cl\/?attachment_id=20768\" class=\"wp-image-20768\" srcset=\"https:\/\/www.uta.cl\/wp-content\/uploads\/2019\/09\/000_DSC_5851.jpg 1000w, https:\/\/www.uta.cl\/wp-content\/uploads\/2019\/09\/000_DSC_5851-300x200.jpg 300w, https:\/\/www.uta.cl\/wp-content\/uploads\/2019\/09\/000_DSC_5851-768x511.jpg 768w\" sizes=\"(max-width: 1000px) 100vw, 1000px\" \/><\/figure><\/li><li class=\"blocks-gallery-item\"><figure><img loading=\"lazy\" width=\"1000\" height=\"666\" src=\"https:\/\/www.uta.cl\/wp-content\/uploads\/2019\/09\/000_DSC_5795-copia-copia.jpg\" alt=\"\" data-id=\"20767\" data-link=\"https:\/\/www.uta.cl\/?attachment_id=20767\" class=\"wp-image-20767\" srcset=\"https:\/\/www.uta.cl\/wp-content\/uploads\/2019\/09\/000_DSC_5795-copia-copia.jpg 1000w, https:\/\/www.uta.cl\/wp-content\/uploads\/2019\/09\/000_DSC_5795-copia-copia-300x200.jpg 300w, https:\/\/www.uta.cl\/wp-content\/uploads\/2019\/09\/000_DSC_5795-copia-copia-768x511.jpg 768w\" sizes=\"(max-width: 1000px) 100vw, 1000px\" \/><\/figure><\/li><li class=\"blocks-gallery-item\"><figure><img loading=\"lazy\" width=\"1000\" height=\"666\" src=\"https:\/\/www.uta.cl\/wp-content\/uploads\/2019\/09\/000_DSC_5790.jpg\" alt=\"\" data-id=\"20766\" data-link=\"https:\/\/www.uta.cl\/?attachment_id=20766\" class=\"wp-image-20766\" srcset=\"https:\/\/www.uta.cl\/wp-content\/uploads\/2019\/09\/000_DSC_5790.jpg 1000w, https:\/\/www.uta.cl\/wp-content\/uploads\/2019\/09\/000_DSC_5790-300x200.jpg 300w, https:\/\/www.uta.cl\/wp-content\/uploads\/2019\/09\/000_DSC_5790-768x511.jpg 768w\" sizes=\"(max-width: 1000px) 100vw, 1000px\" \/><\/figure><\/li><li class=\"blocks-gallery-item\"><figure><img loading=\"lazy\" width=\"1000\" height=\"668\" src=\"https:\/\/www.uta.cl\/wp-content\/uploads\/2019\/09\/000_DSC_0036.jpg\" alt=\"\" data-id=\"20765\" data-link=\"https:\/\/www.uta.cl\/?attachment_id=20765\" class=\"wp-image-20765\" srcset=\"https:\/\/www.uta.cl\/wp-content\/uploads\/2019\/09\/000_DSC_0036.jpg 1000w, https:\/\/www.uta.cl\/wp-content\/uploads\/2019\/09\/000_DSC_0036-300x200.jpg 300w, https:\/\/www.uta.cl\/wp-content\/uploads\/2019\/09\/000_DSC_0036-768x513.jpg 768w\" sizes=\"(max-width: 1000px) 100vw, 1000px\" \/><\/figure><\/li><li class=\"blocks-gallery-item\"><figure><img loading=\"lazy\" width=\"1000\" height=\"668\" src=\"https:\/\/www.uta.cl\/wp-content\/uploads\/2019\/09\/000_DSC_0020yyy.jpg\" alt=\"\" data-id=\"20764\" data-link=\"https:\/\/www.uta.cl\/?attachment_id=20764\" class=\"wp-image-20764\" srcset=\"https:\/\/www.uta.cl\/wp-content\/uploads\/2019\/09\/000_DSC_0020yyy.jpg 1000w, https:\/\/www.uta.cl\/wp-content\/uploads\/2019\/09\/000_DSC_0020yyy-300x200.jpg 300w, https:\/\/www.uta.cl\/wp-content\/uploads\/2019\/09\/000_DSC_0020yyy-768x513.jpg 768w\" sizes=\"(max-width: 1000px) 100vw, 1000px\" \/><\/figure><\/li><li class=\"blocks-gallery-item\"><figure><img loading=\"lazy\" width=\"1000\" height=\"668\" src=\"https:\/\/www.uta.cl\/wp-content\/uploads\/2019\/09\/000_DSC_0020.jpg\" alt=\"\" data-id=\"20763\" data-link=\"https:\/\/www.uta.cl\/?attachment_id=20763\" class=\"wp-image-20763\" srcset=\"https:\/\/www.uta.cl\/wp-content\/uploads\/2019\/09\/000_DSC_0020.jpg 1000w, https:\/\/www.uta.cl\/wp-content\/uploads\/2019\/09\/000_DSC_0020-300x200.jpg 300w, https:\/\/www.uta.cl\/wp-content\/uploads\/2019\/09\/000_DSC_0020-768x513.jpg 768w\" sizes=\"(max-width: 1000px) 100vw, 1000px\" \/><\/figure><\/li><li class=\"blocks-gallery-item\"><figure><img loading=\"lazy\" width=\"1000\" height=\"668\" src=\"https:\/\/www.uta.cl\/wp-content\/uploads\/2019\/09\/000_DSC_0010kk.jpg\" alt=\"\" data-id=\"20762\" data-link=\"https:\/\/www.uta.cl\/?attachment_id=20762\" class=\"wp-image-20762\" srcset=\"https:\/\/www.uta.cl\/wp-content\/uploads\/2019\/09\/000_DSC_0010kk.jpg 1000w, https:\/\/www.uta.cl\/wp-content\/uploads\/2019\/09\/000_DSC_0010kk-300x200.jpg 300w, https:\/\/www.uta.cl\/wp-content\/uploads\/2019\/09\/000_DSC_0010kk-768x513.jpg 768w\" sizes=\"(max-width: 1000px) 100vw, 1000px\" \/><\/figure><\/li><li class=\"blocks-gallery-item\"><figure><img loading=\"lazy\" width=\"1000\" height=\"668\" src=\"https:\/\/www.uta.cl\/wp-content\/uploads\/2019\/09\/000_DSC_0009.jpg\" alt=\"\" data-id=\"20761\" data-link=\"https:\/\/www.uta.cl\/?attachment_id=20761\" class=\"wp-image-20761\" srcset=\"https:\/\/www.uta.cl\/wp-content\/uploads\/2019\/09\/000_DSC_0009.jpg 1000w, https:\/\/www.uta.cl\/wp-content\/uploads\/2019\/09\/000_DSC_0009-300x200.jpg 300w, https:\/\/www.uta.cl\/wp-content\/uploads\/2019\/09\/000_DSC_0009-768x513.jpg 768w\" sizes=\"(max-width: 1000px) 100vw, 1000px\" \/><\/figure><\/li><li class=\"blocks-gallery-item\"><figure><img loading=\"lazy\" width=\"1000\" height=\"668\" src=\"https:\/\/www.uta.cl\/wp-content\/uploads\/2019\/09\/000_DSC_0001.jpg\" alt=\"\" data-id=\"20760\" data-link=\"https:\/\/www.uta.cl\/?attachment_id=20760\" class=\"wp-image-20760\" srcset=\"https:\/\/www.uta.cl\/wp-content\/uploads\/2019\/09\/000_DSC_0001.jpg 1000w, https:\/\/www.uta.cl\/wp-content\/uploads\/2019\/09\/000_DSC_0001-300x200.jpg 300w, https:\/\/www.uta.cl\/wp-content\/uploads\/2019\/09\/000_DSC_0001-768x513.jpg 768w\" sizes=\"(max-width: 1000px) 100vw, 1000px\" \/><\/figure><\/li><\/ul><\/figure>\n","protected":false},"excerpt":{"rendered":"<p>El pasado viernes 30 de agosto, la carrera de Medicina realiz\u00f3 su cuarta ceremonia de investidura, donde sus estudiantes de tercer a\u00f1o recibieron sus fonendos y libretas que usar\u00e1n para sus pr\u00e1cticas cl\u00ednicas.<\/p>\n","protected":false},"author":1,"featured_media":20770,"comment_status":"open","ping_status":"open","sticky":false,"template":"","format":"standard","meta":[],"categories":[35,91],"tags":[],"_links":{"self":[{"href":"https:\/\/www.uta.cl\/index.php\/wp-json\/wp\/v2\/posts\/20759"}],"collection":[{"href":"https:\/\/www.uta.cl\/index.php\/wp-json\/wp\/v2\/posts"}],"about":[{"href":"https:\/\/www.uta.cl\/index.php\/wp-json\/wp\/v2\/types\/post"}],"author":[{"embeddable":true,"href":"https:\/\/www.uta.cl\/index.php\/wp-json\/wp\/v2\/users\/1"}],"replies":[{"embeddable":true,"href":"https:\/\/www.uta.cl\/index.php\/wp-json\/wp\/v2\/comments?post=20759"}],"version-history":[{"count":2,"href":"https:\/\/www.uta.cl\/index.php\/wp-json\/wp\/v2\/posts\/20759\/revisions"}],"predecessor-version":[{"id":31651,"href":"https:\/\/www.uta.cl\/index.php\/wp-json\/wp\/v2\/posts\/20759\/revisions\/31651"}],"wp:featuredmedia":[{"embeddable":true,"href":"https:\/\/www.uta.cl\/index.php\/wp-json\/wp\/v2\/media\/20770"}],"wp:attachment":[{"href":"https:\/\/www.uta.cl\/index.php\/wp-json\/wp\/v2\/media?parent=20759"}],"wp:term":[{"taxonomy":"category","embeddable":true,"href":"https:\/\/www.uta.cl\/index.php\/wp-json\/wp\/v2\/categories?post=20759"},{"taxonomy":"post_tag","embeddable":true,"href":"https:\/\/www.uta.cl\/index.php\/wp-json\/wp\/v2\/tags?post=20759"}],"curies":[{"name":"wp","href":"https:\/\/api.w.org\/{rel}","templated":true}]}}