{"id":20716,"date":"2019-09-02T13:10:23","date_gmt":"2019-09-02T13:10:23","guid":{"rendered":"https:\/\/www.uta.cl\/?p=20716"},"modified":"2019-09-02T13:10:23","modified_gmt":"2019-09-02T13:10:23","slug":"la-uta-participo-en-ii-encuentro-de-la-red-de-inclusion-de-las-universidades-estatales-de-chile","status":"publish","type":"post","link":"https:\/\/www.uta.cl\/index.php\/2019\/09\/02\/la-uta-participo-en-ii-encuentro-de-la-red-de-inclusion-de-las-universidades-estatales-de-chile\/","title":{"rendered":"La UTA particip\u00f3 en II encuentro de la Red de Inclusi\u00f3n de las Universidades Estatales de Chile"},"content":{"rendered":"\n<p>\nCon el objetivo de aunar criterios para trabajar en el tema de\ninclusi\u00f3n a nivel nacional, adem\u00e1s para mostrar compartir e\nintercambiar experiencias sobre este trabajo que se lleva a cabo en\nlas Instituciones de Educaci\u00f3n Superior del estado, se realiz\u00f3 el\nII Encuentro de la Red de Inclusi\u00f3n de las Universidades Estatales\nde Chile. \n<\/p>\n\n\n\n<figure class=\"wp-block-image\"><a href=\"https:\/\/www.uta.cl\/wp-content\/uploads\/2019\/09\/1.jpg\"><img loading=\"lazy\" width=\"850\" height=\"350\" src=\"https:\/\/www.uta.cl\/wp-content\/uploads\/2019\/09\/1.jpg\" alt=\"\" class=\"wp-image-20717\" srcset=\"https:\/\/www.uta.cl\/wp-content\/uploads\/2019\/09\/1.jpg 850w, https:\/\/www.uta.cl\/wp-content\/uploads\/2019\/09\/1-300x124.jpg 300w, https:\/\/www.uta.cl\/wp-content\/uploads\/2019\/09\/1-768x316.jpg 768w\" sizes=\"(max-width: 850px) 100vw, 850px\" \/><\/a><\/figure>\n\n\n\n<p>A\ndicho encuentro celebrado en la Universidad de La Serena en la IV\nRegi\u00f3n, fue invitada la UTA, que particip\u00f3 a trav\u00e9s de su Programa\nde Colaboraci\u00f3n Acad\u00e9mica para la Inclusi\u00f3n (PROCAI) que se\ndesarrolla en la Direcci\u00f3n de Docencia y que coordina el profesional\nEduardo Bravo Lange, qui\u00e9n adem\u00e1s fue quien asisti\u00f3, junto a los\nrepresentantes de 13 universidades, autoridades universitarias y de\ndiferentes instituciones.<\/p>\n\n\n\n<p>TRABAJO<\/p>\n\n\n\n<p>\nEn el desarrollo de las actividades, se trabaj\u00f3 en los apoyos y\nadecuaciones que deben realizarse al interior de las instituciones de\neducaci\u00f3n superior, en el \u00e1mbito de docencia espec\u00edficamente y una\nserie de propuestas que se entregaran al Ministerio de Educaci\u00f3n,\npropuestas que se vienen elaborando desde encuentros anteriores.\nTambi\u00e9n se compartieron diferentes experiencias e instancias de\napoyo a los estudiantes, y as\u00ed fue como el representante de la UTA,\npresent\u00f3 el Programa de Tutores Pares, PROCAI y Programa de\nDesarrollo de Competencias Transversales.<\/p>\n\n\n\n<p>Eduardo\nBravo Lange, coordinador de PROCAI UTA, afirm\u00f3 que, como Programa de\nColaboraci\u00f3n Acad\u00e9mica para la Inclusi\u00f3n y Direcci\u00f3n de Docencia,\nel balance de este tipo de actividades es siempre positiva. \u201cPor un\nlado se revitaliza la participaci\u00f3n de la Universidad como\ninstituci\u00f3n de Educaci\u00f3n Superior en tem\u00e1ticas necesarias de\nabordar y generar cambios tanto culturales como procedimentales y se\nlogran generar diversos encuentros para compartir experiencias y as\u00ed\nvolver con ideas para potenciar las acciones de apoyo en tem\u00e1ticas\nde inclusi\u00f3n para toda la comunidad universitaria\u201d.<\/p>\n\n\n\n<p>En\nese sentido, el profesional de DIDO destac\u00f3 la labor que se est\u00e1\ndesarrollando en la UTA, tras conocer las experiencias de otras\ninstituciones. \u201cLa Universidad se encuentra en un buen pie. En\ngeneral diversas instituciones se encuentran generando pol\u00edticas de\ninclusi\u00f3n y diversificando redes de apoyo a estudiantes\u201d, relat\u00f3.<\/p>\n\n\n\n<ul class=\"wp-block-gallery columns-2 is-cropped\"><li class=\"blocks-gallery-item\"><figure><a href=\"https:\/\/www.uta.cl\/wp-content\/uploads\/2019\/09\/3.jpg\"><img loading=\"lazy\" width=\"300\" height=\"200\" src=\"https:\/\/www.uta.cl\/wp-content\/uploads\/2019\/09\/3.jpg\" alt=\"\" data-id=\"20719\" data-link=\"https:\/\/www.uta.cl\/?attachment_id=20719\" class=\"wp-image-20719\"\/><\/a><\/figure><\/li><li class=\"blocks-gallery-item\"><figure><a href=\"https:\/\/www.uta.cl\/wp-content\/uploads\/2019\/09\/2.jpg\"><img loading=\"lazy\" width=\"300\" height=\"200\" src=\"https:\/\/www.uta.cl\/wp-content\/uploads\/2019\/09\/2.jpg\" alt=\"\" data-id=\"20718\" data-link=\"https:\/\/www.uta.cl\/?attachment_id=20718\" class=\"wp-image-20718\"\/><\/a><\/figure><\/li><\/ul>\n\n\n\n<p>Finalmente,\nremarc\u00f3 que la reuni\u00f3n sostenida con la Red de Universidades\nEstatales Chilenas por la Inclusi\u00f3n de Estudiantes en Situaci\u00f3n de\nDiscapacidad dada la relevancia que se visualiz\u00f3 para generar un\nseguimiento oportuno desde las instituciones a los estudiantes que\negresan y comienzan su inserci\u00f3n en el mundo laboral, adem\u00e1s de los\ndiversos paneles del II Encuentro nacional de la Red Nacional de\nEducaci\u00f3n Superior Inclusiva.<\/p>\n","protected":false},"excerpt":{"rendered":"<p>Coordinador de PROCAI de la Universidad de Tarapac\u00e1 asisti\u00f3 a dicho encuentro que revel\u00f3 la situaci\u00f3n a nivel pa\u00eds respecto a la tem\u00e1tica.<\/p>\n","protected":false},"author":1,"featured_media":20717,"comment_status":"open","ping_status":"open","sticky":false,"template":"","format":"standard","meta":[],"categories":[48],"tags":[],"_links":{"self":[{"href":"https:\/\/www.uta.cl\/index.php\/wp-json\/wp\/v2\/posts\/20716"}],"collection":[{"href":"https:\/\/www.uta.cl\/index.php\/wp-json\/wp\/v2\/posts"}],"about":[{"href":"https:\/\/www.uta.cl\/index.php\/wp-json\/wp\/v2\/types\/post"}],"author":[{"embeddable":true,"href":"https:\/\/www.uta.cl\/index.php\/wp-json\/wp\/v2\/users\/1"}],"replies":[{"embeddable":true,"href":"https:\/\/www.uta.cl\/index.php\/wp-json\/wp\/v2\/comments?post=20716"}],"version-history":[{"count":1,"href":"https:\/\/www.uta.cl\/index.php\/wp-json\/wp\/v2\/posts\/20716\/revisions"}],"predecessor-version":[{"id":20720,"href":"https:\/\/www.uta.cl\/index.php\/wp-json\/wp\/v2\/posts\/20716\/revisions\/20720"}],"wp:featuredmedia":[{"embeddable":true,"href":"https:\/\/www.uta.cl\/index.php\/wp-json\/wp\/v2\/media\/20717"}],"wp:attachment":[{"href":"https:\/\/www.uta.cl\/index.php\/wp-json\/wp\/v2\/media?parent=20716"}],"wp:term":[{"taxonomy":"category","embeddable":true,"href":"https:\/\/www.uta.cl\/index.php\/wp-json\/wp\/v2\/categories?post=20716"},{"taxonomy":"post_tag","embeddable":true,"href":"https:\/\/www.uta.cl\/index.php\/wp-json\/wp\/v2\/tags?post=20716"}],"curies":[{"name":"wp","href":"https:\/\/api.w.org\/{rel}","templated":true}]}}