{"id":20711,"date":"2019-08-30T13:00:08","date_gmt":"2019-08-30T13:00:08","guid":{"rendered":"https:\/\/www.uta.cl\/?p=20711"},"modified":"2021-01-07T13:33:08","modified_gmt":"2021-01-07T13:33:08","slug":"docencia-de-alta-calidad-y-generacion-de-programas-de-vida-sana-para-la-comunidad-universitaria-desafios-que-enfrentara-departamento-de-ciencias-de-la-actividad-fisica-y-del-deporte-de-la-uta","status":"publish","type":"post","link":"https:\/\/www.uta.cl\/index.php\/2019\/08\/30\/docencia-de-alta-calidad-y-generacion-de-programas-de-vida-sana-para-la-comunidad-universitaria-desafios-que-enfrentara-departamento-de-ciencias-de-la-actividad-fisica-y-del-deporte-de-la-uta\/","title":{"rendered":"Docencia de alta calidad y generaci\u00f3n de programas de vida sana para la comunidad universitaria: desaf\u00edos que enfrentar\u00e1 el Departamento de Ciencias de la Actividad F\u00edsica y del Deporte de la UTA"},"content":{"rendered":"\n<p>Continuando con el ciclo de reuniones con los diferentes departamentos de esta Instituci\u00f3n. Este mi\u00e9rcoles 28 de agosto, el Rector de la Universidad de Tarapac\u00e1, Dr. Emilio Rodr\u00edguez Ponce, sostuvo una amena y fruct\u00edfera reuni\u00f3n con los acad\u00e9micos del Departamento de Ciencias de la Actividad F\u00edsica y del Deporte, instancia en la cual se alinearon los principales desaf\u00edos para esta importante unidad acad\u00e9mica, ante el nuevo escenario al cual se enfrenta esta Casa de Estudios Superiores. <\/p>\n\n\n\n<figure class=\"wp-block-image\"><a href=\"https:\/\/www.uta.cl\/wp-content\/uploads\/2019\/08\/base-8.jpg\"><img loading=\"lazy\" width=\"1000\" height=\"663\" src=\"https:\/\/www.uta.cl\/wp-content\/uploads\/2019\/08\/base-8.jpg\" alt=\"\" class=\"wp-image-20712\" srcset=\"https:\/\/www.uta.cl\/wp-content\/uploads\/2019\/08\/base-8.jpg 1000w, https:\/\/www.uta.cl\/wp-content\/uploads\/2019\/08\/base-8-300x199.jpg 300w, https:\/\/www.uta.cl\/wp-content\/uploads\/2019\/08\/base-8-768x509.jpg 768w\" sizes=\"(max-width: 1000px) 100vw, 1000px\" \/><\/a><\/figure>\n\n\n\n<p>Durante\nel encuentro, la m\u00e1xima autoridad universitaria se enfoc\u00f3 en el\nan\u00e1lisis y perspectivas para el alineamiento estrat\u00e9gico de esta\nCasa de Estudios Superiores, centrando la conversaci\u00f3n en los\nprincipales desaf\u00edos que se deben cumplir ante los indicadores\nentregados por el Banco Mundial: lograr que una proporci\u00f3n\nimportante del cuerpo acad\u00e9mico tenga el grado de doctor, aumentar\nel n\u00famero de publicaciones en revistas de altos \u00edndices de impacto\ncomo Scopus y Wos; mantener los est\u00e1ndares de acreditaci\u00f3n que se\nhan logrado y obtener una titulaci\u00f3n oportuna, junto con tener un\nimpacto en los estudiantes respecto a tener una retenci\u00f3n mucho\nmayor al tercer a\u00f1o.<\/p>\n\n\n\n<p>\u201cEl\nDepartamento de Ciencias de la Actividad F\u00edsica y del Deporte de la\nUTA, tiene un rol fundamental, principalmente en la generaci\u00f3n de\nprogramas que fomenten el deporte y la vida saludable de los\nestudiantes, docencia de alta calidad y la titulaci\u00f3n oportuna,\nadem\u00e1s de ejecutar y concretar los planes de mejoras\u201d, destac\u00f3 el\nRector Dr. Emilio Rodr\u00edguez Ponce.<\/p>\n\n\n\n<p>Asimismo,\ndestac\u00f3 que, \u201clo fundamental es que hemos establecido prioridades\npara el Departamento de Ciencias de la Actividad F\u00edsica y del\nDeporte, de cara al mediano y largo plazo. Prioridades que est\u00e1n\nalineadas con los elementos del desarrollo estrat\u00e9gico de la\nInstituci\u00f3n y con las exigencias que el sistema nacional genera e\nimpone para la Universidad de Tarapac\u00e1. En este contexto,\nreconociendo que dicho departamento ha tenido un desarrollo emergente\nen los \u00faltimos a\u00f1os en materia de publicaciones, de todas maneras,\nel aspecto fundamental de esta unidad es la docencia de pregrado. Por\nello, la acreditaci\u00f3n de la carrera y el logro de la calidad en\naltos niveles, la titulaci\u00f3n oportuna y la retenci\u00f3n de los\nestudiantes, pasan a ser tareas que son fundamentales para el \ndepartamento\u201d. \n<\/p>\n\n\n\n<p>\u201cEn\nese contexto, el Departamento de Ciencias de la Actividad F\u00edsica y\ndel Deporte, tiene un rol adicional en lo que es la generaci\u00f3n de\nprogramas que impacten en los estudiantes y en la comunidad\nuniversitaria, dado que a la actividad deportiva y recreativa, se le\nvincula desde luego una vida m\u00e1s sana, m\u00e1s larga y de mejor\ncalidad\u201d, indic\u00f3 el Rector Rodr\u00edguez Ponce. \n<\/p>\n\n\n\n<p>Agreg\u00f3\nque, \u201cesta apertura hacia la comunidad con programas deportivos y\nrecreativos es un llamado que se le ha hecho a la comunidad interna\npero tambi\u00e9n a la comunidad externa, porque sabemos que nuestros\nrecintos deportivos, son una inversi\u00f3n importante que ha realizado\nel Gobierno Regional en nuestra Universidad y por lo tanto, nosotros\ndebi\u00e9ramos ser capaces de abrir espacios de participaci\u00f3n pero\ndesde la perspectiva de la organizaci\u00f3n de eventos masivos,\ncomunitarios y en este sentido, ser\u00e1n un conjunto de desaf\u00edos muy\nimportantes para el Departamento de Ciencias de la Actividad F\u00edsica\ny del Deporte, donde he visto una actitud muy favorable, de un cuerpo\nacad\u00e9mico que mezcla la experiencia con estas ganas de poder llevar\na cabo exitosamente su labor con altos niveles de calidad\u201d. \n<\/p>\n\n\n\n<p>En\nesta oportunidad, el Director del Departamento de Ciencias de la\nActividad F\u00edsica y del Deporte, Carlos Lagos Olivos, agradeci\u00f3 al\nRector por la informaci\u00f3n y apoyo entregado se\u00f1alando que dicha\nunidad acad\u00e9mica, trabaja en forma coordinada con los centros de\nalumnos, adem\u00e1s de trabajar en la elaboraci\u00f3n de un plan\nestrat\u00e9gico que se enfoque en el modelo educativo de la Universidad\nde Tarapac\u00e1. \n<\/p>\n\n\n\n<p>Inform\u00f3\nadem\u00e1s, que su departamento contempla un semillero de investigaci\u00f3n,\ndonde se trabaja con estudiantes de la carrera de Educaci\u00f3n F\u00edsica\nde diferentes niveles, para estimular y aplicar la investigaci\u00f3n,\npermiti\u00e9ndoles elaborar futuras tesis factibles de publicar, de las\ncuales se han concreta tres de ellas en revistas de impacto Scopus.\n\u201cEstamos muy contentos con esta reuni\u00f3n sostenida con la autoridad\nuniversitaria. Hace falta este tipo de acercamientos para definir y\naclarar muchas cosas que a veces quedan en la nebulosa y que nos\npermiten y orientan ir en una l\u00ednea estrat\u00e9gica con respecto a la\nInstituci\u00f3n y a todo lo que nos corresponde como departamento y\ncarrera\u201d, indic\u00f3 el director de departamento. \n<\/p>\n\n\n\n<p>En\neste sentido, el Director Carlos Lagos, se refiri\u00f3 a los desaf\u00edos\nque deber\u00e1 enfrentar dicho departamento, \u201ces muy positivo porque a\nveces nos enfocamos en otras cosas pensando en lo que m\u00e1s favorece a\nnuestra carrera, pero con estos lineamientos que nos entreg\u00f3 el\nRector fue bastante claro, porque nos permite desarrollar un \u00e1rea\nque ya manejamos bastante bien\u201d. \n<\/p>\n\n\n\n<p>En\nla reuni\u00f3n se cont\u00f3 adem\u00e1s con la participaci\u00f3n del Vicerrector\nAcad\u00e9mico, Dr. Alfonso D\u00edaz Aguad, del Vicerrector de\nAdministraci\u00f3n y Finanzas (S), Jorge Bernal Peralta, de la\nVicerrectora de Desarrollo Estrat\u00e9gico, Dra. Jenniffer Peralta\nMontecinos y de la Directora de Planificaci\u00f3n y Proyectos,\nBernardina Cisternas Arapio.  \n<\/p>\n","protected":false},"excerpt":{"rendered":"<p>En reuni\u00f3n sostenida con el Rector de la Universidad de Tarapac\u00e1 e integrantes del equipo de gesti\u00f3n, se plantearon importantes desaf\u00edos para esta unidad acad\u00e9mica que permitir\u00e1n aunar esfuerzos para el desarrollo institucional. <\/p>\n","protected":false},"author":1,"featured_media":20712,"comment_status":"open","ping_status":"open","sticky":false,"template":"","format":"standard","meta":[],"categories":[32,79],"tags":[],"_links":{"self":[{"href":"https:\/\/www.uta.cl\/index.php\/wp-json\/wp\/v2\/posts\/20711"}],"collection":[{"href":"https:\/\/www.uta.cl\/index.php\/wp-json\/wp\/v2\/posts"}],"about":[{"href":"https:\/\/www.uta.cl\/index.php\/wp-json\/wp\/v2\/types\/post"}],"author":[{"embeddable":true,"href":"https:\/\/www.uta.cl\/index.php\/wp-json\/wp\/v2\/users\/1"}],"replies":[{"embeddable":true,"href":"https:\/\/www.uta.cl\/index.php\/wp-json\/wp\/v2\/comments?post=20711"}],"version-history":[{"count":2,"href":"https:\/\/www.uta.cl\/index.php\/wp-json\/wp\/v2\/posts\/20711\/revisions"}],"predecessor-version":[{"id":20714,"href":"https:\/\/www.uta.cl\/index.php\/wp-json\/wp\/v2\/posts\/20711\/revisions\/20714"}],"wp:featuredmedia":[{"embeddable":true,"href":"https:\/\/www.uta.cl\/index.php\/wp-json\/wp\/v2\/media\/20712"}],"wp:attachment":[{"href":"https:\/\/www.uta.cl\/index.php\/wp-json\/wp\/v2\/media?parent=20711"}],"wp:term":[{"taxonomy":"category","embeddable":true,"href":"https:\/\/www.uta.cl\/index.php\/wp-json\/wp\/v2\/categories?post=20711"},{"taxonomy":"post_tag","embeddable":true,"href":"https:\/\/www.uta.cl\/index.php\/wp-json\/wp\/v2\/tags?post=20711"}],"curies":[{"name":"wp","href":"https:\/\/api.w.org\/{rel}","templated":true}]}}